{"id":23182,"date":"2016-11-16T14:12:14","date_gmt":"2016-11-16T16:12:14","guid":{"rendered":"http:\/\/www2.comunitaria.com.br\/?p=23182"},"modified":"2016-11-16T14:12:14","modified_gmt":"2016-11-16T16:12:14","slug":"secretaria-da-saude-realiza-atividades-educativas-contra-o-mosquito-aedes-aegypti","status":"publish","type":"post","link":"https:\/\/www2.comunitaria.com.br\/en\/secretaria-da-saude-realiza-atividades-educativas-contra-o-mosquito-aedes-aegypti\/","title":{"rendered":"Secretaria da Sa\u00fade realiza atividades educativas contra o mosquito Aedes aegypti"},"content":{"rendered":"<p style=\"text-align: justify;\">Na manh\u00e3 da \u00faltima sexta-feira, 11, a equipe dos agentes de combate a endemias da Secretaria Municipal da Sa\u00fade de Frederico Westphalen visitou o Centro Municipal de Atendimento a Crian\u00e7a e do Adolescente (Cemaca). Na oportunidade os agentes realizaram uma a\u00e7\u00e3o l\u00fadico educativa com as crian\u00e7as do Centro.<\/p>\n<p style=\"text-align: justify;\">\u00a0Os agentes apresentaram para as crian\u00e7as um teatro, com o objetivo de conscientizar e engajar os pequenos na preven\u00e7\u00e3o contra a dengue e as demais doen\u00e7as transmitidas pelo mosquito Aedes Aegyti.<\/p>\n<p style=\"text-align: justify;\">A coordenadora o Cemaca, Rudinara Tagliapietra Vendr\u00fasculo, destacou que a\u00e7\u00f5es como esta vem para somar o trabalho que \u00e9 desenvolvido com as crian\u00e7as no Centro a respeito da preven\u00e7\u00e3o contra a dengue.<\/p>\n<p style=\"text-align: justify;\">O coordenador da dengue, Marcelo Gomes Oliveira, explicou que os agentes de sa\u00fade e os agentes de combate a endemias est\u00e3o visitando as escolas com o prop\u00f3sito de conscientizar os alunos por meio de palestras e atividades educativas. \u201cN\u00f3s buscamos trabalhar com estas atividades para incentivar a preven\u00e7\u00e3o. Tamb\u00e9m percebemos que as crian\u00e7as s\u00e3o as que mais divulgam as a\u00e7\u00f5es de cuidado contra o mosquito em casa e em outros lugares\u201d, comentou Marcelo.<\/p>\n<p style=\"text-align: justify;\">Gabriela Soares Torma, 11 anos, falou que a parte mais divertida da atividade para ela foi mandar embora o mosquito. A menina tamb\u00e9m contou que agora vai levar para casa o que aprendeu para cuidar que o mosquito n\u00e3o apare\u00e7a.<\/p>\n<p><em>ASCOM &#8211; Prefeitura Frederico Westphalen<\/em><\/p>","protected":false},"excerpt":{"rendered":"<p>Na manh\u00e3 da \u00faltima sexta-feira, 11, a equipe dos agentes de combate a endemias da Secretaria Municipal da Sa\u00fade de Frederico Westphalen visitou o Centro Municipal de Atendimento a Crian\u00e7a&#8230;<\/p>","protected":false},"author":2,"featured_media":23186,"comment_status":"open","ping_status":"closed","sticky":false,"template":"","format":"standard","meta":{"ngg_post_thumbnail":0,"footnotes":""},"categories":[44,42,33,35],"tags":[2133,2204,413,82],"class_list":["post-23182","post","type-post","status-publish","format-standard","has-post-thumbnail","hentry","category-educacao","category-fred-west","category-noticias","category-variedades","tag-aedes-aegypti","tag-cemaca","tag-educacao-2","tag-frederico-westphalen"],"amp_enabled":true,"_links":{"self":[{"href":"https:\/\/www2.comunitaria.com.br\/en\/wp-json\/wp\/v2\/posts\/23182","targetHints":{"allow":["GET"]}}],"collection":[{"href":"https:\/\/www2.comunitaria.com.br\/en\/wp-json\/wp\/v2\/posts"}],"about":[{"href":"https:\/\/www2.comunitaria.com.br\/en\/wp-json\/wp\/v2\/types\/post"}],"author":[{"embeddable":true,"href":"https:\/\/www2.comunitaria.com.br\/en\/wp-json\/wp\/v2\/users\/2"}],"replies":[{"embeddable":true,"href":"https:\/\/www2.comunitaria.com.br\/en\/wp-json\/wp\/v2\/comments?post=23182"}],"version-history":[{"count":0,"href":"https:\/\/www2.comunitaria.com.br\/en\/wp-json\/wp\/v2\/posts\/23182\/revisions"}],"wp:featuredmedia":[{"embeddable":true,"href":"https:\/\/www2.comunitaria.com.br\/en\/wp-json\/wp\/v2\/media\/23186"}],"wp:attachment":[{"href":"https:\/\/www2.comunitaria.com.br\/en\/wp-json\/wp\/v2\/media?parent=23182"}],"wp:term":[{"taxonomy":"category","embeddable":true,"href":"https:\/\/www2.comunitaria.com.br\/en\/wp-json\/wp\/v2\/categories?post=23182"},{"taxonomy":"post_tag","embeddable":true,"href":"https:\/\/www2.comunitaria.com.br\/en\/wp-json\/wp\/v2\/tags?post=23182"}],"curies":[{"name":"wp","href":"https:\/\/api.w.org\/{rel}","templated":true}]}}