{"id":23033,"date":"2016-11-06T12:57:55","date_gmt":"2016-11-06T14:57:55","guid":{"rendered":"http:\/\/www2.comunitaria.com.br\/?p=23033"},"modified":"2016-11-06T12:57:55","modified_gmt":"2016-11-06T14:57:55","slug":"casa-younes-reinaugura-em-frederico-westphalen","status":"publish","type":"post","link":"https:\/\/www2.comunitaria.com.br\/en\/casa-younes-reinaugura-em-frederico-westphalen\/","title":{"rendered":"Casa Younes reinaugura em Frederico Westphalen"},"content":{"rendered":"<p style=\"text-align: justify;\">A Casa Younes de Frederico Westphalen apresentou aos clientes na \u00faltima sexta-feira, 4, um novo ambiente com produtos voltados \u00e0 linha cama mesa e banho. Com mais de 60 anos no mercado frederiquense, a loja conta com produtos de excelente qualidade produzidos por marcas nacionais.<\/p>\n<p style=\"text-align: justify;\">O s\u00f3cio propriet\u00e1rio, Ali Younes, fala sobre o novo ambiente e tamb\u00e9m sobre as novidades em mercadorias:<\/p>\n<audio class=\"wp-audio-shortcode\" id=\"audio-23033-1\" preload=\"none\" style=\"width: 100%;\" controls=\"controls\"><source type=\"audio\/mpeg\" src=\"http:\/\/www2.comunitaria.com.br\/wp-content\/uploads\/2016\/11\/Ali-Casa-Younes.mp3?_=1\" \/><a href=\"http:\/\/www2.comunitaria.com.br\/wp-content\/uploads\/2016\/11\/Ali-Casa-Younes.mp3\">http:\/\/www2.comunitaria.com.br\/wp-content\/uploads\/2016\/11\/Ali-Casa-Younes.mp3<\/a><\/audio>\n<p style=\"text-align: justify;\">A loja segue no mesmo endere\u00e7o na Rua do Com\u00e9rcio, 355, em frente aos Correios, com produtos de marcas renomadas para atender os clientes de Frederico Westphalen e regi\u00e3o.<\/p>\n\n\t\t<style>\n\t\t\t#gallery-1 {\n\t\t\t\tmargin: auto;\n\t\t\t}\n\t\t\t#gallery-1 .gallery-item {\n\t\t\t\tfloat: left;\n\t\t\t\tmargin-top: 10px;\n\t\t\t\ttext-align: center;\n\t\t\t\twidth: 33%;\n\t\t\t}\n\t\t\t#gallery-1 img {\n\t\t\t\tborder: 2px solid #cfcfcf;\n\t\t\t}\n\t\t\t#gallery-1 .gallery-caption {\n\t\t\t\tmargin-left: 0;\n\t\t\t}\n\t\t\t\/* see gallery_shortcode() in wp-includes\/media.php *\/\n\t\t<\/style>\n\t\t<div id='gallery-1' class='gallery galleryid-23033 gallery-columns-3 gallery-size-thumbnail'><dl class='gallery-item'>\n\t\t\t<dt class='gallery-icon landscape'>\n\t\t\t\t<a href='https:\/\/www2.comunitaria.com.br\/en\/casa-younes-reinaugura-em-frederico-westphalen\/_dsc0061-2\/'><img loading=\"lazy\" decoding=\"async\" width=\"150\" height=\"150\" src=\"https:\/\/www2.comunitaria.com.br\/wp-content\/uploads\/2016\/11\/DSC0061-150x150.jpg\" class=\"attachment-thumbnail size-thumbnail\" alt=\"\" aria-describedby=\"gallery-1-23034\" srcset=\"https:\/\/www2.comunitaria.com.br\/wp-content\/uploads\/2016\/11\/DSC0061-150x150.jpg 150w, https:\/\/www2.comunitaria.com.br\/wp-content\/uploads\/2016\/11\/DSC0061-65x65.jpg 65w\" sizes=\"auto, (max-width: 150px) 100vw, 150px\" \/><\/a>\n\t\t\t<\/dt>\n\t\t\t\t<dd class='wp-caption-text gallery-caption' id='gallery-1-23034'>\n\t\t\t\tFoto: Sabrina Ritter\n\t\t\t\t<\/dd><\/dl><dl class='gallery-item'>\n\t\t\t<dt class='gallery-icon landscape'>\n\t\t\t\t<a href='https:\/\/www2.comunitaria.com.br\/en\/casa-younes-reinaugura-em-frederico-westphalen\/_dsc0062-2\/'><img loading=\"lazy\" decoding=\"async\" width=\"150\" height=\"150\" src=\"https:\/\/www2.comunitaria.com.br\/wp-content\/uploads\/2016\/11\/DSC0062-150x150.jpg\" class=\"attachment-thumbnail size-thumbnail\" alt=\"\" aria-describedby=\"gallery-1-23035\" srcset=\"https:\/\/www2.comunitaria.com.br\/wp-content\/uploads\/2016\/11\/DSC0062-150x150.jpg 150w, https:\/\/www2.comunitaria.com.br\/wp-content\/uploads\/2016\/11\/DSC0062-65x65.jpg 65w\" sizes=\"auto, (max-width: 150px) 100vw, 150px\" \/><\/a>\n\t\t\t<\/dt>\n\t\t\t\t<dd class='wp-caption-text gallery-caption' id='gallery-1-23035'>\n\t\t\t\tFoto: Sabrina Ritter\n\t\t\t\t<\/dd><\/dl><dl class='gallery-item'>\n\t\t\t<dt class='gallery-icon landscape'>\n\t\t\t\t<a href='https:\/\/www2.comunitaria.com.br\/en\/casa-younes-reinaugura-em-frederico-westphalen\/_dsc0063-3\/'><img loading=\"lazy\" decoding=\"async\" width=\"150\" height=\"150\" src=\"https:\/\/www2.comunitaria.com.br\/wp-content\/uploads\/2016\/11\/DSC0063-1-150x150.jpg\" class=\"attachment-thumbnail size-thumbnail\" alt=\"\" aria-describedby=\"gallery-1-23036\" srcset=\"https:\/\/www2.comunitaria.com.br\/wp-content\/uploads\/2016\/11\/DSC0063-1-150x150.jpg 150w, https:\/\/www2.comunitaria.com.br\/wp-content\/uploads\/2016\/11\/DSC0063-1-65x65.jpg 65w\" sizes=\"auto, (max-width: 150px) 100vw, 150px\" \/><\/a>\n\t\t\t<\/dt>\n\t\t\t\t<dd class='wp-caption-text gallery-caption' id='gallery-1-23036'>\n\t\t\t\tFoto: Sabrina Ritter\n\t\t\t\t<\/dd><\/dl><br style=\"clear: both\" \/><dl class='gallery-item'>\n\t\t\t<dt class='gallery-icon landscape'>\n\t\t\t\t<a href='https:\/\/www2.comunitaria.com.br\/en\/casa-younes-reinaugura-em-frederico-westphalen\/_dsc0064-3\/'><img loading=\"lazy\" decoding=\"async\" width=\"150\" height=\"150\" src=\"https:\/\/www2.comunitaria.com.br\/wp-content\/uploads\/2016\/11\/DSC0064-1-150x150.jpg\" class=\"attachment-thumbnail size-thumbnail\" alt=\"\" aria-describedby=\"gallery-1-23037\" srcset=\"https:\/\/www2.comunitaria.com.br\/wp-content\/uploads\/2016\/11\/DSC0064-1-150x150.jpg 150w, https:\/\/www2.comunitaria.com.br\/wp-content\/uploads\/2016\/11\/DSC0064-1-65x65.jpg 65w\" sizes=\"auto, (max-width: 150px) 100vw, 150px\" \/><\/a>\n\t\t\t<\/dt>\n\t\t\t\t<dd class='wp-caption-text gallery-caption' id='gallery-1-23037'>\n\t\t\t\tFoto: Sabrina Ritter\n\t\t\t\t<\/dd><\/dl><dl class='gallery-item'>\n\t\t\t<dt class='gallery-icon landscape'>\n\t\t\t\t<a href='https:\/\/www2.comunitaria.com.br\/en\/casa-younes-reinaugura-em-frederico-westphalen\/_dsc0065-3\/'><img loading=\"lazy\" decoding=\"async\" width=\"150\" height=\"150\" src=\"https:\/\/www2.comunitaria.com.br\/wp-content\/uploads\/2016\/11\/DSC0065-1-150x150.jpg\" class=\"attachment-thumbnail size-thumbnail\" alt=\"\" aria-describedby=\"gallery-1-23038\" srcset=\"https:\/\/www2.comunitaria.com.br\/wp-content\/uploads\/2016\/11\/DSC0065-1-150x150.jpg 150w, https:\/\/www2.comunitaria.com.br\/wp-content\/uploads\/2016\/11\/DSC0065-1-65x65.jpg 65w\" sizes=\"auto, (max-width: 150px) 100vw, 150px\" \/><\/a>\n\t\t\t<\/dt>\n\t\t\t\t<dd class='wp-caption-text gallery-caption' id='gallery-1-23038'>\n\t\t\t\tFoto: Sabrina Ritter\n\t\t\t\t<\/dd><\/dl><dl class='gallery-item'>\n\t\t\t<dt class='gallery-icon landscape'>\n\t\t\t\t<a href='https:\/\/www2.comunitaria.com.br\/en\/casa-younes-reinaugura-em-frederico-westphalen\/_dsc0066-3\/'><img loading=\"lazy\" decoding=\"async\" width=\"150\" height=\"150\" src=\"https:\/\/www2.comunitaria.com.br\/wp-content\/uploads\/2016\/11\/DSC0066-1-150x150.jpg\" class=\"attachment-thumbnail size-thumbnail\" alt=\"\" aria-describedby=\"gallery-1-23039\" srcset=\"https:\/\/www2.comunitaria.com.br\/wp-content\/uploads\/2016\/11\/DSC0066-1-150x150.jpg 150w, https:\/\/www2.comunitaria.com.br\/wp-content\/uploads\/2016\/11\/DSC0066-1-65x65.jpg 65w\" sizes=\"auto, (max-width: 150px) 100vw, 150px\" \/><\/a>\n\t\t\t<\/dt>\n\t\t\t\t<dd class='wp-caption-text gallery-caption' id='gallery-1-23039'>\n\t\t\t\tFoto: Sabrina Ritter\n\t\t\t\t<\/dd><\/dl><br style=\"clear: both\" \/><dl class='gallery-item'>\n\t\t\t<dt class='gallery-icon landscape'>\n\t\t\t\t<a href='https:\/\/www2.comunitaria.com.br\/en\/casa-younes-reinaugura-em-frederico-westphalen\/_dsc0067-3\/'><img loading=\"lazy\" decoding=\"async\" width=\"150\" height=\"150\" src=\"https:\/\/www2.comunitaria.com.br\/wp-content\/uploads\/2016\/11\/DSC0067-2-150x150.jpg\" class=\"attachment-thumbnail size-thumbnail\" alt=\"\" aria-describedby=\"gallery-1-23040\" srcset=\"https:\/\/www2.comunitaria.com.br\/wp-content\/uploads\/2016\/11\/DSC0067-2-150x150.jpg 150w, https:\/\/www2.comunitaria.com.br\/wp-content\/uploads\/2016\/11\/DSC0067-2-65x65.jpg 65w\" sizes=\"auto, (max-width: 150px) 100vw, 150px\" \/><\/a>\n\t\t\t<\/dt>\n\t\t\t\t<dd class='wp-caption-text gallery-caption' id='gallery-1-23040'>\n\t\t\t\tFoto: Sabrina Ritter\n\t\t\t\t<\/dd><\/dl><dl class='gallery-item'>\n\t\t\t<dt class='gallery-icon landscape'>\n\t\t\t\t<a href='https:\/\/www2.comunitaria.com.br\/en\/casa-younes-reinaugura-em-frederico-westphalen\/_dsc0068-4\/'><img loading=\"lazy\" decoding=\"async\" width=\"150\" height=\"150\" src=\"https:\/\/www2.comunitaria.com.br\/wp-content\/uploads\/2016\/11\/DSC0068-1-150x150.jpg\" class=\"attachment-thumbnail size-thumbnail\" alt=\"\" aria-describedby=\"gallery-1-23041\" srcset=\"https:\/\/www2.comunitaria.com.br\/wp-content\/uploads\/2016\/11\/DSC0068-1-150x150.jpg 150w, https:\/\/www2.comunitaria.com.br\/wp-content\/uploads\/2016\/11\/DSC0068-1-65x65.jpg 65w\" sizes=\"auto, (max-width: 150px) 100vw, 150px\" \/><\/a>\n\t\t\t<\/dt>\n\t\t\t\t<dd class='wp-caption-text gallery-caption' id='gallery-1-23041'>\n\t\t\t\tFoto: Sabrina Ritter \n\t\t\t\t<\/dd><\/dl>\n\t\t\t<br style='clear: both' \/>\n\t\t<\/div>","protected":false},"excerpt":{"rendered":"<p>A Casa Younes de Frederico Westphalen apresentou aos clientes na \u00faltima sexta-feira, 4, um novo ambiente com produtos voltados \u00e0 linha cama mesa e banho. Com mais de 60 anos&#8230;<\/p>","protected":false},"author":2,"featured_media":23043,"comment_status":"open","ping_status":"closed","sticky":false,"template":"","format":"standard","meta":{"ngg_post_thumbnail":0,"footnotes":""},"categories":[51,42,33,35],"tags":[3286,410,3285,1165],"class_list":["post-23033","post","type-post","status-publish","format-standard","has-post-thumbnail","hentry","category-audio","category-fred-west","category-noticias","category-variedades","tag-casa-younes","tag-comercio","tag-frederico-wesstphalen","tag-variedades"],"amp_enabled":true,"_links":{"self":[{"href":"https:\/\/www2.comunitaria.com.br\/en\/wp-json\/wp\/v2\/posts\/23033","targetHints":{"allow":["GET"]}}],"collection":[{"href":"https:\/\/www2.comunitaria.com.br\/en\/wp-json\/wp\/v2\/posts"}],"about":[{"href":"https:\/\/www2.comunitaria.com.br\/en\/wp-json\/wp\/v2\/types\/post"}],"author":[{"embeddable":true,"href":"https:\/\/www2.comunitaria.com.br\/en\/wp-json\/wp\/v2\/users\/2"}],"replies":[{"embeddable":true,"href":"https:\/\/www2.comunitaria.com.br\/en\/wp-json\/wp\/v2\/comments?post=23033"}],"version-history":[{"count":0,"href":"https:\/\/www2.comunitaria.com.br\/en\/wp-json\/wp\/v2\/posts\/23033\/revisions"}],"wp:featuredmedia":[{"embeddable":true,"href":"https:\/\/www2.comunitaria.com.br\/en\/wp-json\/wp\/v2\/media\/23043"}],"wp:attachment":[{"href":"https:\/\/www2.comunitaria.com.br\/en\/wp-json\/wp\/v2\/media?parent=23033"}],"wp:term":[{"taxonomy":"category","embeddable":true,"href":"https:\/\/www2.comunitaria.com.br\/en\/wp-json\/wp\/v2\/categories?post=23033"},{"taxonomy":"post_tag","embeddable":true,"href":"https:\/\/www2.comunitaria.com.br\/en\/wp-json\/wp\/v2\/tags?post=23033"}],"curies":[{"name":"wp","href":"https:\/\/api.w.org\/{rel}","templated":true}]}}