{"id":2301,"date":"2015-02-03T14:49:47","date_gmt":"2015-02-03T16:49:47","guid":{"rendered":"http:\/\/www2.comunitaria.com.br\/?p=2301"},"modified":"2015-02-03T14:49:47","modified_gmt":"2015-02-03T16:49:47","slug":"micro-e-pequenas-empresas-geram-84-dos-empregos-do-pais","status":"publish","type":"post","link":"https:\/\/www2.comunitaria.com.br\/en\/micro-e-pequenas-empresas-geram-84-dos-empregos-do-pais\/","title":{"rendered":"Micro e Pequenas empresas geram 84% dos empregos do Pa\u00eds"},"content":{"rendered":"<p style=\"text-align: justify;\">Em janeiro, mais de 500 mil empresas pediram a inclus\u00e3o no Simples para o ano de 2015. O dado \u00e9 da Secretaria da Micro e Pequena Empresa e representa 125% a mais em rela\u00e7\u00e3o ao ano anterior.<\/p>\n<p style=\"text-align: justify;\">\n<!--[if lt IE 9]><script>document.createElement('audio');<\/script><![endif]-->\n<audio class=\"wp-audio-shortcode\" id=\"audio-2301-1\" preload=\"none\" style=\"width: 100%;\" controls=\"controls\"><source type=\"audio\/mpeg\" src=\"http:\/\/www2.comunitaria.com.br\/wp-content\/uploads\/2015\/02\/empresas.mp3?_=1\" \/><a href=\"http:\/\/www2.comunitaria.com.br\/wp-content\/uploads\/2015\/02\/empresas.mp3\">http:\/\/www2.comunitaria.com.br\/wp-content\/uploads\/2015\/02\/empresas.mp3<\/a><\/audio>","protected":false},"excerpt":{"rendered":"<p>Em janeiro, mais de 500 mil empresas pediram a inclus\u00e3o no Simples para o ano de 2015. O dado \u00e9 da Secretaria da Micro e Pequena Empresa e representa 125% a mais em rela\u00e7\u00e3o ao ano anterior.<\/p>\n<div class=\"read-more-wrapper\"><a class=\"read-more\" href=\"https:\/\/www2.comunitaria.com.br\/en\/micro-e-pequenas-empresas-geram-84-dos-empregos-do-pais\/\" title=\"Read More\"> <span class=\"button\">Read More<\/span><\/a><\/div>","protected":false},"author":2,"featured_media":2303,"comment_status":"open","ping_status":"closed","sticky":false,"template":"","format":"standard","meta":{"ngg_post_thumbnail":0,"footnotes":""},"categories":[51,47,39,33],"tags":[685],"class_list":["post-2301","post","type-post","status-publish","format-standard","has-post-thumbnail","hentry","category-audio","category-brasil","category-economia","category-noticias","tag-micro-e-pequenas-empresas"],"amp_enabled":true,"_links":{"self":[{"href":"https:\/\/www2.comunitaria.com.br\/en\/wp-json\/wp\/v2\/posts\/2301","targetHints":{"allow":["GET"]}}],"collection":[{"href":"https:\/\/www2.comunitaria.com.br\/en\/wp-json\/wp\/v2\/posts"}],"about":[{"href":"https:\/\/www2.comunitaria.com.br\/en\/wp-json\/wp\/v2\/types\/post"}],"author":[{"embeddable":true,"href":"https:\/\/www2.comunitaria.com.br\/en\/wp-json\/wp\/v2\/users\/2"}],"replies":[{"embeddable":true,"href":"https:\/\/www2.comunitaria.com.br\/en\/wp-json\/wp\/v2\/comments?post=2301"}],"version-history":[{"count":0,"href":"https:\/\/www2.comunitaria.com.br\/en\/wp-json\/wp\/v2\/posts\/2301\/revisions"}],"wp:featuredmedia":[{"embeddable":true,"href":"https:\/\/www2.comunitaria.com.br\/en\/wp-json\/wp\/v2\/media\/2303"}],"wp:attachment":[{"href":"https:\/\/www2.comunitaria.com.br\/en\/wp-json\/wp\/v2\/media?parent=2301"}],"wp:term":[{"taxonomy":"category","embeddable":true,"href":"https:\/\/www2.comunitaria.com.br\/en\/wp-json\/wp\/v2\/categories?post=2301"},{"taxonomy":"post_tag","embeddable":true,"href":"https:\/\/www2.comunitaria.com.br\/en\/wp-json\/wp\/v2\/tags?post=2301"}],"curies":[{"name":"wp","href":"https:\/\/api.w.org\/{rel}","templated":true}]}}