{"id":22951,"date":"2016-11-03T09:41:28","date_gmt":"2016-11-03T11:41:28","guid":{"rendered":"http:\/\/www2.comunitaria.com.br\/?p=22951"},"modified":"2016-11-03T09:41:28","modified_gmt":"2016-11-03T11:41:28","slug":"frederico-em-luz-programacao-sendo-definida","status":"publish","type":"post","link":"https:\/\/www2.comunitaria.com.br\/en\/frederico-em-luz-programacao-sendo-definida\/","title":{"rendered":"Frederico em Luz: programa\u00e7\u00e3o sendo definida"},"content":{"rendered":"<p style=\"text-align: justify;\">O fim do ano se aproxima, e com ele vem a chegada do bom velhinho. Neste clima m\u00e1gico e envolvente a programa\u00e7\u00e3o do Frederico em Luz come\u00e7a a ser definida.\u00a0 Na manh\u00e3 de ter\u00e7a-feira, 1\u00ba, aconteceu uma reuni\u00e3o no gabinete do Prefeito de Frederico Westphalen, com a presen\u00e7a de membros da comiss\u00e3o organizadora, para os ajustes da programa\u00e7\u00e3o oficial do Frederico em Luz.<\/p>\n<p style=\"text-align: justify;\">A novidade deste ano \u00e9 a parceria entre a Prefeitura e a empresa Planet Shows. O evento, com programa\u00e7\u00e3o totalmente gratuita, contar\u00e1 com grandes shows e as tradicionais atra\u00e7\u00f5es natalinas. Os artistas que far\u00e3o parte da programa\u00e7\u00e3o ser\u00e3o anunciados em breve pelos realizadores do evento. Uma das atra\u00e7\u00f5es que j\u00e1 deu certo e retornar\u00e1 ao munic\u00edpio, para integrar a programa\u00e7\u00e3o de natal, \u00e9 o festival de Food Truck, que acontece de 8 a 11 de dezembro.<\/p>\n<p style=\"text-align: justify;\">A programa\u00e7\u00e3o do Frederico em Luz ser\u00e1 realizada durante o m\u00eas de dezembro. O Prefeito Roberto Felin J\u00fanior comenta que parcerias como esta engrandecem o evento e geram economia aos cofres p\u00fablicos. &#8220;Desde o in\u00edcio frisamos que independente dos resultados da pol\u00edtica nossa programa\u00e7\u00e3o iria continuar. Realizamos a Feira do Livro, que foi um sucesso, e dentro do planejamento tamb\u00e9m est\u00e1 a realiza\u00e7\u00e3o do Frederico em Luz, evento que encerrou as atividades em 2011 e que retomamos em 2013. Estamos felizes com essa parceria, porque teremos diversas atra\u00e7\u00f5es e vamos atrair cada vez mais visitantes, o que gera um aquecimento da economia local. Al\u00e9m disso, o Frederico em Luz \u00e9 especialmente planejado para nossa comunidade, um carinho especial que esta administra\u00e7\u00e3o dedica aos frederiquenses&#8221;, completa ele.<\/p>\n<p style=\"text-align: justify;\">O produtor da empresa Planet Shows, Ivan Dill, diz que uma grande estrutura ser\u00e1 montada na Pra\u00e7a da Matriz. &#8220;Vamos montar uma estrutura de 850 metros quadrados, com uma imensa \u00e1rea de lazer. Desta forma percebemos que podemos sim fazer a diferen\u00e7a em nossa comunidade atrav\u00e9s de parcerias locais, mesmo diante das diversas dificuldades financeiras que o Brasil enfrenta. E hoje, formando fam\u00edlia neste querido munic\u00edpio, me sinto na obriga\u00e7\u00e3o de usar de todo o meu conhecimento cultural, para dar esse apoio na realizar de um grande evento do munic\u00edpio&#8221;, conclui Ivan.<\/p>\n<p style=\"text-align: justify;\">\n<p style=\"text-align: justify;\"><em>A.I\/Prefeitura<\/em><\/p>","protected":false},"excerpt":{"rendered":"<p>O fim do ano se aproxima, e com ele vem a chegada do bom velhinho. Neste clima m\u00e1gico e envolvente a programa\u00e7\u00e3o do Frederico em Luz come\u00e7a a ser definida.\u00a0 Na manh\u00e3 de ter\u00e7a-feira, 1\u00ba, aconteceu uma reuni\u00e3o no gabinete do Prefeito de Frederico Westphalen, com a presen\u00e7a de membros da comiss\u00e3o organizadora, para os<\/p>\n<div class=\"read-more-wrapper\"><a class=\"read-more\" href=\"https:\/\/www2.comunitaria.com.br\/en\/frederico-em-luz-programacao-sendo-definida\/\" title=\"Read More\"> <span class=\"button\">Read More<\/span><\/a><\/div>","protected":false},"author":2,"featured_media":22953,"comment_status":"open","ping_status":"closed","sticky":false,"template":"","format":"standard","meta":{"ngg_post_thumbnail":0,"footnotes":""},"categories":[42,28,33],"tags":[187],"class_list":["post-22951","post","type-post","status-publish","format-standard","has-post-thumbnail","hentry","category-fred-west","category-destaque","category-noticias","tag-frederico-em-luz"],"amp_enabled":true,"_links":{"self":[{"href":"https:\/\/www2.comunitaria.com.br\/en\/wp-json\/wp\/v2\/posts\/22951","targetHints":{"allow":["GET"]}}],"collection":[{"href":"https:\/\/www2.comunitaria.com.br\/en\/wp-json\/wp\/v2\/posts"}],"about":[{"href":"https:\/\/www2.comunitaria.com.br\/en\/wp-json\/wp\/v2\/types\/post"}],"author":[{"embeddable":true,"href":"https:\/\/www2.comunitaria.com.br\/en\/wp-json\/wp\/v2\/users\/2"}],"replies":[{"embeddable":true,"href":"https:\/\/www2.comunitaria.com.br\/en\/wp-json\/wp\/v2\/comments?post=22951"}],"version-history":[{"count":0,"href":"https:\/\/www2.comunitaria.com.br\/en\/wp-json\/wp\/v2\/posts\/22951\/revisions"}],"wp:featuredmedia":[{"embeddable":true,"href":"https:\/\/www2.comunitaria.com.br\/en\/wp-json\/wp\/v2\/media\/22953"}],"wp:attachment":[{"href":"https:\/\/www2.comunitaria.com.br\/en\/wp-json\/wp\/v2\/media?parent=22951"}],"wp:term":[{"taxonomy":"category","embeddable":true,"href":"https:\/\/www2.comunitaria.com.br\/en\/wp-json\/wp\/v2\/categories?post=22951"},{"taxonomy":"post_tag","embeddable":true,"href":"https:\/\/www2.comunitaria.com.br\/en\/wp-json\/wp\/v2\/tags?post=22951"}],"curies":[{"name":"wp","href":"https:\/\/api.w.org\/{rel}","templated":true}]}}