{"id":22903,"date":"2016-10-29T15:20:41","date_gmt":"2016-10-29T17:20:41","guid":{"rendered":"http:\/\/www2.comunitaria.com.br\/?p=22903"},"modified":"2016-10-30T19:50:22","modified_gmt":"2016-10-30T21:50:22","slug":"feira-do-produtor-de-frederico-westphalen-e-reinaugurada","status":"publish","type":"post","link":"https:\/\/www2.comunitaria.com.br\/en\/feira-do-produtor-de-frederico-westphalen-e-reinaugurada\/","title":{"rendered":"Feira do Produtor de Frederico Westphalen \u00e9 reinaugurada"},"content":{"rendered":"<p style=\"text-align: justify;\">Na manh\u00e3 deste s\u00e1bado, 29, aconteceu a reinaugura\u00e7\u00e3o da Feira do Produtor de Frederico Westphalen. Estiveram presentes no ato autoridades, imprensa local, feirantes e frequentadores da Feira.<\/p>\n<p style=\"text-align: justify;\">O local recebeu diversas modifica\u00e7\u00f5es, que consistiram na cria\u00e7\u00e3o de um espa\u00e7o coberto de carga e descarga separado do acesso do p\u00fablico, acessibilidade, reforma da c\u00e2mara fria, espa\u00e7o coberto para o acesso das pessoas \u00e0 feira, reestrutura\u00e7\u00e3o da fachada, troca das l\u00e2mpadas por l\u00e2mpadas de led e reforma dos banheiros e bancadas.<\/p>\n<p style=\"text-align: justify;\">A reforma foi realizada com recursos pr\u00f3prios do munic\u00edpio, no valor de R$ 41.730,41.\u00a0 O Secret\u00e1rio Municipal da Agricultura, Lauro Somavilla, aponta que al\u00e9m deste valor tamb\u00e9m foi utilizado um recurso de aproximadamente R$ 18 mil, proveniente da Consulta Popular para apoio \u00e0s agroind\u00fastria, aplicado para obras da c\u00e2mara fria da feira.<\/p>\n<p style=\"text-align: justify;\">O prefeito de Frederico Westphalen, Roberto Felin Junior, destaca que as melhorias valorizam a agricultura local:<\/p>\n<!--[if lt IE 9]><script>document.createElement('audio');<\/script><![endif]-->\n<audio class=\"wp-audio-shortcode\" id=\"audio-22903-1\" preload=\"none\" style=\"width: 100%;\" controls=\"controls\"><source type=\"audio\/mpeg\" src=\"http:\/\/www2.comunitaria.com.br\/wp-content\/uploads\/2016\/10\/Prefeito-Roberto-Felin-Reinaugura\u00e7\u00e3o-feira.mp3?_=1\" \/><a href=\"http:\/\/www2.comunitaria.com.br\/wp-content\/uploads\/2016\/10\/Prefeito-Roberto-Felin-Reinaugura\u00e7\u00e3o-feira.mp3\">http:\/\/www2.comunitaria.com.br\/wp-content\/uploads\/2016\/10\/Prefeito-Roberto-Felin-Reinaugura\u00e7\u00e3o-feira.mp3<\/a><\/audio>\n<p style=\"text-align: justify;\">Os feirantes, Eliseu Bertoletti e Eledi do Nascimento, falam sobre os benef\u00edcios da nova estrutura:<\/p>\n<audio class=\"wp-audio-shortcode\" id=\"audio-22903-2\" preload=\"none\" style=\"width: 100%;\" controls=\"controls\"><source type=\"audio\/mpeg\" src=\"http:\/\/www2.comunitaria.com.br\/wp-content\/uploads\/2016\/10\/feirantes.mp3?_=2\" \/><a href=\"http:\/\/www2.comunitaria.com.br\/wp-content\/uploads\/2016\/10\/feirantes.mp3\">http:\/\/www2.comunitaria.com.br\/wp-content\/uploads\/2016\/10\/feirantes.mp3<\/a><\/audio>\n<p style=\"text-align: justify;\">Al\u00e9m das melhorias nas instala\u00e7\u00f5es a Secretaria Municipal da Agricultura em parceria com os feirantes promoveu a revis\u00e3o do regimento interno da Feira. Ainda, durante a reinaugura\u00e7\u00e3o o padre Guido Londero aben\u00e7oou as novas instala\u00e7\u00f5es da Feira, feirantes e clientes.<\/p>\n\n\t\t<style type=\"text\/css\">\n\t\t\t#gallery-1 {\n\t\t\t\tmargin: auto;\n\t\t\t}\n\t\t\t#gallery-1 .gallery-item {\n\t\t\t\tfloat: left;\n\t\t\t\tmargin-top: 10px;\n\t\t\t\ttext-align: center;\n\t\t\t\twidth: 33%;\n\t\t\t}\n\t\t\t#gallery-1 img {\n\t\t\t\tborder: 2px solid #cfcfcf;\n\t\t\t}\n\t\t\t#gallery-1 .gallery-caption {\n\t\t\t\tmargin-left: 0;\n\t\t\t}\n\t\t\t\/* see gallery_shortcode() in wp-includes\/media.php *\/\n\t\t<\/style>\n\t\t<div id='gallery-1' class='gallery galleryid-22903 gallery-columns-3 gallery-size-thumbnail'><dl class='gallery-item'>\n\t\t\t<dt class='gallery-icon landscape'>\n\t\t\t\t<a href='https:\/\/www2.comunitaria.com.br\/en\/feira-do-produtor-de-frederico-westphalen-e-reinaugurada\/14595698_1225310567522076_8622396291165782584_n\/'><img loading=\"lazy\" decoding=\"async\" width=\"150\" height=\"150\" src=\"https:\/\/www2.comunitaria.com.br\/wp-content\/uploads\/2016\/10\/14595698_1225310567522076_8622396291165782584_n-150x150.jpg\" class=\"attachment-thumbnail size-thumbnail\" alt=\"\" aria-describedby=\"gallery-1-22904\" srcset=\"https:\/\/www2.comunitaria.com.br\/wp-content\/uploads\/2016\/10\/14595698_1225310567522076_8622396291165782584_n-150x150.jpg 150w, https:\/\/www2.comunitaria.com.br\/wp-content\/uploads\/2016\/10\/14595698_1225310567522076_8622396291165782584_n-65x65.jpg 65w\" sizes=\"auto, (max-width: 150px) 100vw, 150px\" \/><\/a>\n\t\t\t<\/dt>\n\t\t\t\t<dd class='wp-caption-text gallery-caption' id='gallery-1-22904'>\n\t\t\t\tFoto: Ascom\/Prefeitura FW\n\t\t\t\t<\/dd><\/dl><dl class='gallery-item'>\n\t\t\t<dt class='gallery-icon landscape'>\n\t\t\t\t<a href='https:\/\/www2.comunitaria.com.br\/en\/feira-do-produtor-de-frederico-westphalen-e-reinaugurada\/14601015_1225297514190048_7686084272524004639_n\/'><img loading=\"lazy\" decoding=\"async\" width=\"150\" height=\"150\" src=\"https:\/\/www2.comunitaria.com.br\/wp-content\/uploads\/2016\/10\/14601015_1225297514190048_7686084272524004639_n-150x150.jpg\" class=\"attachment-thumbnail size-thumbnail\" alt=\"\" aria-describedby=\"gallery-1-22905\" srcset=\"https:\/\/www2.comunitaria.com.br\/wp-content\/uploads\/2016\/10\/14601015_1225297514190048_7686084272524004639_n-150x150.jpg 150w, https:\/\/www2.comunitaria.com.br\/wp-content\/uploads\/2016\/10\/14601015_1225297514190048_7686084272524004639_n-65x65.jpg 65w\" sizes=\"auto, (max-width: 150px) 100vw, 150px\" \/><\/a>\n\t\t\t<\/dt>\n\t\t\t\t<dd class='wp-caption-text gallery-caption' id='gallery-1-22905'>\n\t\t\t\tFoto: Ascom\/Prefeitura FW\n\t\t\t\t<\/dd><\/dl><dl class='gallery-item'>\n\t\t\t<dt class='gallery-icon landscape'>\n\t\t\t\t<a href='https:\/\/www2.comunitaria.com.br\/en\/feira-do-produtor-de-frederico-westphalen-e-reinaugurada\/14610950_1225299254189874_1985498800533308801_n\/'><img loading=\"lazy\" decoding=\"async\" width=\"150\" height=\"150\" src=\"https:\/\/www2.comunitaria.com.br\/wp-content\/uploads\/2016\/10\/14610950_1225299254189874_1985498800533308801_n-150x150.jpg\" class=\"attachment-thumbnail size-thumbnail\" alt=\"\" aria-describedby=\"gallery-1-22906\" srcset=\"https:\/\/www2.comunitaria.com.br\/wp-content\/uploads\/2016\/10\/14610950_1225299254189874_1985498800533308801_n-150x150.jpg 150w, https:\/\/www2.comunitaria.com.br\/wp-content\/uploads\/2016\/10\/14610950_1225299254189874_1985498800533308801_n-65x65.jpg 65w\" sizes=\"auto, (max-width: 150px) 100vw, 150px\" \/><\/a>\n\t\t\t<\/dt>\n\t\t\t\t<dd class='wp-caption-text gallery-caption' id='gallery-1-22906'>\n\t\t\t\tFoto: Ascom\/Prefeitura FW\n\t\t\t\t<\/dd><\/dl><br style=\"clear: both\" \/><dl class='gallery-item'>\n\t\t\t<dt class='gallery-icon landscape'>\n\t\t\t\t<a href='https:\/\/www2.comunitaria.com.br\/en\/feira-do-produtor-de-frederico-westphalen-e-reinaugurada\/14731126_1225299210856545_4197223435984964616_n\/'><img loading=\"lazy\" decoding=\"async\" width=\"150\" height=\"150\" src=\"https:\/\/www2.comunitaria.com.br\/wp-content\/uploads\/2016\/10\/14731126_1225299210856545_4197223435984964616_n-150x150.jpg\" class=\"attachment-thumbnail size-thumbnail\" alt=\"\" aria-describedby=\"gallery-1-22907\" srcset=\"https:\/\/www2.comunitaria.com.br\/wp-content\/uploads\/2016\/10\/14731126_1225299210856545_4197223435984964616_n-150x150.jpg 150w, https:\/\/www2.comunitaria.com.br\/wp-content\/uploads\/2016\/10\/14731126_1225299210856545_4197223435984964616_n-65x65.jpg 65w\" sizes=\"auto, (max-width: 150px) 100vw, 150px\" \/><\/a>\n\t\t\t<\/dt>\n\t\t\t\t<dd class='wp-caption-text gallery-caption' id='gallery-1-22907'>\n\t\t\t\tFoto: Ascom\/Prefeitura FW\n\t\t\t\t<\/dd><\/dl>\n\t\t\t<br style='clear: both' \/>\n\t\t<\/div>\n\n<p><em>Texto: Ascom\/Prefeitura Frederico Westphalen<\/em><br \/>\n<em>\u00c1udios: Assessoria de Imprensa Feira do Produtor\u00a0<\/em><\/p>","protected":false},"excerpt":{"rendered":"<p>Na manh\u00e3 deste s\u00e1bado, 29, aconteceu a reinaugura\u00e7\u00e3o da Feira do Produtor de Frederico Westphalen. Estiveram presentes no ato autoridades, imprensa local, feirantes e frequentadores da Feira. O local recebeu diversas modifica\u00e7\u00f5es, que consistiram na cria\u00e7\u00e3o de um espa\u00e7o coberto de carga e descarga separado do acesso do p\u00fablico, acessibilidade, reforma da c\u00e2mara fria, espa\u00e7o<\/p>\n<div class=\"read-more-wrapper\"><a class=\"read-more\" href=\"https:\/\/www2.comunitaria.com.br\/en\/feira-do-produtor-de-frederico-westphalen-e-reinaugurada\/\" title=\"Read More\"> <span class=\"button\">Read More<\/span><\/a><\/div>","protected":false},"author":2,"featured_media":22905,"comment_status":"open","ping_status":"closed","sticky":false,"template":"","format":"standard","meta":{"ngg_post_thumbnail":0,"footnotes":""},"categories":[42,28,33,45,35],"tags":[904,82,133,1709,479,1165],"class_list":["post-22903","post","type-post","status-publish","format-standard","has-post-thumbnail","hentry","category-fred-west","category-destaque","category-noticias","category-rural","category-variedades","tag-feira-do-produtor","tag-frederico-westphalen","tag-inauguracao","tag-reinauguracao","tag-rural-2","tag-variedades"],"amp_enabled":true,"_links":{"self":[{"href":"https:\/\/www2.comunitaria.com.br\/en\/wp-json\/wp\/v2\/posts\/22903","targetHints":{"allow":["GET"]}}],"collection":[{"href":"https:\/\/www2.comunitaria.com.br\/en\/wp-json\/wp\/v2\/posts"}],"about":[{"href":"https:\/\/www2.comunitaria.com.br\/en\/wp-json\/wp\/v2\/types\/post"}],"author":[{"embeddable":true,"href":"https:\/\/www2.comunitaria.com.br\/en\/wp-json\/wp\/v2\/users\/2"}],"replies":[{"embeddable":true,"href":"https:\/\/www2.comunitaria.com.br\/en\/wp-json\/wp\/v2\/comments?post=22903"}],"version-history":[{"count":0,"href":"https:\/\/www2.comunitaria.com.br\/en\/wp-json\/wp\/v2\/posts\/22903\/revisions"}],"wp:featuredmedia":[{"embeddable":true,"href":"https:\/\/www2.comunitaria.com.br\/en\/wp-json\/wp\/v2\/media\/22905"}],"wp:attachment":[{"href":"https:\/\/www2.comunitaria.com.br\/en\/wp-json\/wp\/v2\/media?parent=22903"}],"wp:term":[{"taxonomy":"category","embeddable":true,"href":"https:\/\/www2.comunitaria.com.br\/en\/wp-json\/wp\/v2\/categories?post=22903"},{"taxonomy":"post_tag","embeddable":true,"href":"https:\/\/www2.comunitaria.com.br\/en\/wp-json\/wp\/v2\/tags?post=22903"}],"curies":[{"name":"wp","href":"https:\/\/api.w.org\/{rel}","templated":true}]}}