{"id":22899,"date":"2016-10-28T11:58:44","date_gmt":"2016-10-28T13:58:44","guid":{"rendered":"http:\/\/www2.comunitaria.com.br\/?p=22899"},"modified":"2016-10-28T11:58:44","modified_gmt":"2016-10-28T13:58:44","slug":"entidades-frederiquenses-sao-beneficiadas-com-recursos-de-penas-alternativas","status":"publish","type":"post","link":"https:\/\/www2.comunitaria.com.br\/en\/entidades-frederiquenses-sao-beneficiadas-com-recursos-de-penas-alternativas\/","title":{"rendered":"Entidades frederiquenses s\u00e3o beneficiadas com recursos de penas alternativas"},"content":{"rendered":"<p style=\"text-align: justify;\">Na manh\u00e3 desta sexta-feira, 28, entidades frederiquenses foram beneficiadas durante audi\u00eancia, por meio de verbas arrecadadas com o pagamento de penas alternativas em processos judiciais. Ao todo, 13 entidades assistenciais da Comarca de Frederico Westphalen receberam os recursos que foram aprovados atrav\u00e9s de projetos ou programas.<\/p>\n<p style=\"text-align: justify;\">Um total de R$ 202 mil foi dividido entre a Associa\u00e7\u00e3o Cultural Atena, Promenor, Apae, Associa\u00e7\u00e3o dos Deficientes F\u00edsicos de FW, Conselho Comunit\u00e1rio Pr\u00f3-Seguran\u00e7a P\u00fablica (Consepro\/FW), Hospital Divina Provid\u00eancia, Central \u00danica das Favelas, Lions Clube, Conselho da Comunidade, Escola Cardeal Roncalli, Consepro de Cai\u00e7ara e Consepro de Vicente Dutra. Os respons\u00e1veis receberam os conv\u00eanios para a libera\u00e7\u00e3o dos alvar\u00e1s que autoriza a retirada dos recursos durante os pr\u00f3ximos 30 dias.<\/p>\n<p style=\"text-align: justify;\">A\u00a0diretora da Escola Cardeal Roncalli, Roze Lara Grassi, e a diretora do Promenor de Frederico Westphalen, Vera Cancian, \u00a0falam sobre a import\u00e2ncia deste recurso recebido:<\/p>\n<audio class=\"wp-audio-shortcode\" id=\"audio-22899-1\" preload=\"none\" style=\"width: 100%;\" controls=\"controls\"><source type=\"audio\/mpeg\" src=\"http:\/\/www2.comunitaria.com.br\/wp-content\/uploads\/2016\/10\/ROze-Lara-e-Vera.mp3?_=1\" \/><a href=\"http:\/\/www2.comunitaria.com.br\/wp-content\/uploads\/2016\/10\/ROze-Lara-e-Vera.mp3\">http:\/\/www2.comunitaria.com.br\/wp-content\/uploads\/2016\/10\/ROze-Lara-e-Vera.mp3<\/a><\/audio>\n<p>Outro edital para o encaminhamento de projetos para receber recursos a partir de penas alternativas ser\u00e1 aberto em breve pela Vara de Execu\u00e7\u00f5es Criminais de Frederico Westphalen.<\/p>\n<p>&nbsp;<\/p>","protected":false},"excerpt":{"rendered":"<p>Na manh\u00e3 desta sexta-feira, 28, entidades frederiquenses foram beneficiadas durante audi\u00eancia, por meio de verbas arrecadadas com o pagamento de penas alternativas em processos judiciais. Ao todo, 13 entidades assistenciais&#8230;<\/p>","protected":false},"author":2,"featured_media":22901,"comment_status":"open","ping_status":"closed","sticky":false,"template":"","format":"standard","meta":{"ngg_post_thumbnail":0,"footnotes":""},"categories":[42,28,33,43],"tags":[3275,471,82,1910,1090,568],"class_list":["post-22899","post","type-post","status-publish","format-standard","has-post-thumbnail","hentry","category-fred-west","category-destaque","category-noticias","category-regiao","tag-beneficio","tag-entidades","tag-frederico-westphalen","tag-penas-alternativas","tag-projetos","tag-recursos"],"amp_enabled":true,"_links":{"self":[{"href":"https:\/\/www2.comunitaria.com.br\/en\/wp-json\/wp\/v2\/posts\/22899","targetHints":{"allow":["GET"]}}],"collection":[{"href":"https:\/\/www2.comunitaria.com.br\/en\/wp-json\/wp\/v2\/posts"}],"about":[{"href":"https:\/\/www2.comunitaria.com.br\/en\/wp-json\/wp\/v2\/types\/post"}],"author":[{"embeddable":true,"href":"https:\/\/www2.comunitaria.com.br\/en\/wp-json\/wp\/v2\/users\/2"}],"replies":[{"embeddable":true,"href":"https:\/\/www2.comunitaria.com.br\/en\/wp-json\/wp\/v2\/comments?post=22899"}],"version-history":[{"count":0,"href":"https:\/\/www2.comunitaria.com.br\/en\/wp-json\/wp\/v2\/posts\/22899\/revisions"}],"wp:featuredmedia":[{"embeddable":true,"href":"https:\/\/www2.comunitaria.com.br\/en\/wp-json\/wp\/v2\/media\/22901"}],"wp:attachment":[{"href":"https:\/\/www2.comunitaria.com.br\/en\/wp-json\/wp\/v2\/media?parent=22899"}],"wp:term":[{"taxonomy":"category","embeddable":true,"href":"https:\/\/www2.comunitaria.com.br\/en\/wp-json\/wp\/v2\/categories?post=22899"},{"taxonomy":"post_tag","embeddable":true,"href":"https:\/\/www2.comunitaria.com.br\/en\/wp-json\/wp\/v2\/tags?post=22899"}],"curies":[{"name":"wp","href":"https:\/\/api.w.org\/{rel}","templated":true}]}}