{"id":22637,"date":"2016-10-18T11:30:05","date_gmt":"2016-10-18T13:30:05","guid":{"rendered":"http:\/\/www2.comunitaria.com.br\/?p=22637"},"modified":"2016-10-19T10:39:55","modified_gmt":"2016-10-19T12:39:55","slug":"ciclismo-mais-uma-conquista-para-frederico-westphalen","status":"publish","type":"post","link":"https:\/\/www2.comunitaria.com.br\/en\/ciclismo-mais-uma-conquista-para-frederico-westphalen\/","title":{"rendered":"Ciclismo: Mais uma conquista para Frederico Westphalen"},"content":{"rendered":"<p style=\"text-align: justify;\">Representando Frederico Westphalen, Alexandre Roberto Silveira Junior participou no \u00faltimo domingo, 16, da 8\u00aa etapa do\u00a0Campeonato Ga\u00facho de Ciclismo de Estrada, \u00a0que tamb\u00e9m foi v\u00e1lida pela 3\u00aa e \u00faltima etapa do Campeonato de Velocidade em Bento Gon\u00e7alves. Alexandre competiu pela categoria Estreante\u00a0em um\u00a0percurso de 1h mais 2 voltas em um circuito de 1,5km e conquistou o 3\u00b0 lugar.<\/p>\n<p style=\"text-align: justify;\">Alexandre conta com o apoio da\u00a0FENABB, AABB-FW, Amorada Imobiliaria, Barril Ferro e A\u00e7o, URI\/FW, Itaxandaia, Freestal El\u00e9trico Hidr\u00e1ulico, Rede Mestre Artes Marciais e Fitness, Dintec Sistemas, Posto Michelotti, Telecell Celulares e Cia dos P\u00e3es.<\/p>","protected":false},"excerpt":{"rendered":"<p>Representando Frederico Westphalen, Alexandre Roberto Silveira Junior participou no \u00faltimo domingo, 16, da 8\u00aa etapa do\u00a0Campeonato Ga\u00facho de Ciclismo de Estrada, \u00a0que tamb\u00e9m foi v\u00e1lida pela 3\u00aa e \u00faltima etapa do Campeonato de Velocidade em Bento Gon\u00e7alves. Alexandre competiu pela categoria Estreante\u00a0em um\u00a0percurso de 1h mais 2 voltas em um circuito de 1,5km e conquistou<\/p>\n<div class=\"read-more-wrapper\"><a class=\"read-more\" href=\"https:\/\/www2.comunitaria.com.br\/en\/ciclismo-mais-uma-conquista-para-frederico-westphalen\/\" title=\"Read More\"> <span class=\"button\">Read More<\/span><\/a><\/div>","protected":false},"author":2,"featured_media":22638,"comment_status":"open","ping_status":"closed","sticky":false,"template":"","format":"standard","meta":{"ngg_post_thumbnail":0,"footnotes":""},"categories":[34,46,42,33],"tags":[1017,1809,465,519],"class_list":["post-22637","post","type-post","status-publish","format-standard","has-post-thumbnail","hentry","category-esportes","category-estado","category-fred-west","category-noticias","tag-ciclismo","tag-competicao","tag-esporte","tag-estado-2"],"amp_enabled":true,"_links":{"self":[{"href":"https:\/\/www2.comunitaria.com.br\/en\/wp-json\/wp\/v2\/posts\/22637","targetHints":{"allow":["GET"]}}],"collection":[{"href":"https:\/\/www2.comunitaria.com.br\/en\/wp-json\/wp\/v2\/posts"}],"about":[{"href":"https:\/\/www2.comunitaria.com.br\/en\/wp-json\/wp\/v2\/types\/post"}],"author":[{"embeddable":true,"href":"https:\/\/www2.comunitaria.com.br\/en\/wp-json\/wp\/v2\/users\/2"}],"replies":[{"embeddable":true,"href":"https:\/\/www2.comunitaria.com.br\/en\/wp-json\/wp\/v2\/comments?post=22637"}],"version-history":[{"count":0,"href":"https:\/\/www2.comunitaria.com.br\/en\/wp-json\/wp\/v2\/posts\/22637\/revisions"}],"wp:featuredmedia":[{"embeddable":true,"href":"https:\/\/www2.comunitaria.com.br\/en\/wp-json\/wp\/v2\/media\/22638"}],"wp:attachment":[{"href":"https:\/\/www2.comunitaria.com.br\/en\/wp-json\/wp\/v2\/media?parent=22637"}],"wp:term":[{"taxonomy":"category","embeddable":true,"href":"https:\/\/www2.comunitaria.com.br\/en\/wp-json\/wp\/v2\/categories?post=22637"},{"taxonomy":"post_tag","embeddable":true,"href":"https:\/\/www2.comunitaria.com.br\/en\/wp-json\/wp\/v2\/tags?post=22637"}],"curies":[{"name":"wp","href":"https:\/\/api.w.org\/{rel}","templated":true}]}}