{"id":22623,"date":"2016-10-18T09:50:41","date_gmt":"2016-10-18T11:50:41","guid":{"rendered":"http:\/\/www2.comunitaria.com.br\/?p=22623"},"modified":"2016-10-18T09:52:41","modified_gmt":"2016-10-18T11:52:41","slug":"iffarrs-divulga-nota-de-esclarecimento-sobre-mobilizacoes-estudantis","status":"publish","type":"post","link":"https:\/\/www2.comunitaria.com.br\/en\/iffarrs-divulga-nota-de-esclarecimento-sobre-mobilizacoes-estudantis\/","title":{"rendered":"IFFar\/RS divulga nota de esclarecimento sobre mobiliza\u00e7\u00f5es estudantis"},"content":{"rendered":"<p style=\"text-align: justify;\">Diante de boatos que circulam\u00a0em blogs e redes sociais, al\u00e9m\u00a0de den\u00fancias e manifesta\u00e7\u00f5es improcedentes sobre os atos de mobiliza\u00e7\u00e3o organizados pelos\u00a0estudantes, o Instituto Federal Farroupilha do Rio Grande do Sul, por meio da reitora da institui\u00e7\u00e3o, Carla Jardim, divulgou na \u00faltima sexta-feira, 14, uma nota de esclarecimento oficial.<\/p>\n<p style=\"text-align: justify;\">Segundo o documento, os estudantes encontram-se mobilizados\u00a0em protesto contra as medidas impostas pela PEC 241, pelo PLP 257 e pela MP 746, entre outras. Ainda segundo a nota, todas as atividades realizadas pelos estudantes \u2013 ocupa\u00e7\u00f5es, atos p\u00fablicos, palestras, rodadas de discuss\u00e3o &#8211; s\u00e3o planejadas e executadas por eles, sob coordena\u00e7\u00e3o da Comiss\u00e3o Multicampi do Movimento Estudantil do IFFar. A participa\u00e7\u00e3o de servidores em algumas delas se d\u00e1 de forma espont\u00e2nea, como express\u00e3o de apoio \u00e0s causas defendidas pelos estudantes ou mediante convite \u00e0queles que, por sua forma\u00e7\u00e3o profissional, podem contribuir com a discuss\u00e3o das tem\u00e1ticas. Demais pontos s\u00e3o explanados no decorrer da nota, confira na \u00edntegra:<\/p>\n<blockquote>\n<p style=\"text-align: justify;\"><strong>ESCLARECIMENTO OFICIAL SOBRE A MOBILIZA\u00c7\u00c3O ESTUDANTIL NO INSTITUTO FEDERAL FARROUPILHA\/RS<\/strong><\/p>\n<p style=\"text-align: justify;\">O Instituto Federal de Educa\u00e7\u00e3o, Ci\u00eancia e Tecnologia Farroupilha \u00e9 uma institui\u00e7\u00e3o federal de educa\u00e7\u00e3o profissional e tecnol\u00f3gica com sede administrativa em Santa Maria\/RS e constitu\u00edda por 11 campi localizados em Alegrete, Frederico Westphalen, Jaguari, J\u00falio de Castilhos, Panambi, Santa Rosa, Santo \u00c2ngelo, Santo Augusto, S\u00e3o Borja, S\u00e3o Vicente do Sul e Uruguaiana, al\u00e9m de oito Centros de Refer\u00eancia (Candel\u00e1ria, Carazinho, N\u00e3o-me-Toque, Quara\u00ed, Ros\u00e1rio do Sul, Santiago, S\u00e3o Gabriel e Tr\u00eas Passos) e 35 polos de educa\u00e7\u00e3o a dist\u00e2ncia. Nossa comunidade acad\u00eamica \u00e9 composta por mais de 15 mil estudantes e 1,5 mil servidores docentes e t\u00e9cnico-administrativos em educa\u00e7\u00e3o, atuando em atividades de ensino, pesquisa e extens\u00e3o nas regi\u00f5es Central, Noroeste e Oeste do Rio Grande do Sul.<\/p>\n<p style=\"text-align: justify;\">O IF Farroupilha faz parte da Rede Federal de Educa\u00e7\u00e3o Profissional, Cient\u00edfica e Tecnol\u00f3gica (RFEPT), integrada por institui\u00e7\u00f5es multicampi e pluricurriculares situadas em todas as regi\u00f5es brasileiras, composta por mais de 650 unidades, em 568 munic\u00edpios, que executam amplo espectro de pol\u00edticas p\u00fablicas educacionais, focadas no mundo do trabalho e na perspectiva human\u00edstica, cuja concep\u00e7\u00e3o prioriza a inclus\u00e3o social e a forma\u00e7\u00e3o integrada de mais de um milh\u00e3o de jovens e adultos, em toda diversidade, em especial, os menos favorecidos.<\/p>\n<p style=\"text-align: justify;\">Diante de not\u00edcias inver\u00eddicas que vem sendo veiculadas em blogs e redes sociais, al\u00e9m de den\u00fancias e manifesta\u00e7\u00f5es improcedentes sobre o processo de mobiliza\u00e7\u00e3o que os estudantes deste IF Farroupilha deflagaram recentemente, vimos informar que:<\/p>\n<p style=\"text-align: justify;\">\u00a01) Os estudantes do IF Farroupilha encontram-se mobilizados em protesto contra as medidas impostas pela PEC 241, pelo PLP 257 e pela MP 746, entre outras;<\/p>\n<p style=\"text-align: justify;\">2) Compreendemos como absolutamente leg\u00edtima a mobiliza\u00e7\u00e3o estudantil considerando os efeitos negativos que a dr\u00e1stica redu\u00e7\u00e3o do financiamento p\u00fablico impor\u00e1 \u00e0s Institui\u00e7\u00f5es Federais de Ensino e \u00e0 educa\u00e7\u00e3o p\u00fablica brasileira;<\/p>\n<p style=\"text-align: justify;\">3) Enquanto institui\u00e7\u00e3o p\u00fablica de Educa\u00e7\u00e3o Profissional e Tecnol\u00f3gica comprometida com a forma\u00e7\u00e3o integral de jovens e adultos respeitamos o car\u00e1ter democr\u00e1tico do movimento e o direito \u00e0 livre manifesta\u00e7\u00e3o de nossos alunos e alunas;<\/p>\n<p style=\"text-align: justify;\">4) Todas as atividades realizadas pelos estudantes \u2013 ocupa\u00e7\u00f5es, atos p\u00fablicos, palestras, rodadas de discuss\u00e3o &#8211; s\u00e3o planejadas e executadas por eles, sob coordena\u00e7\u00e3o da Comiss\u00e3o Multicampi do Movimento Estudantil do IFFar. A participa\u00e7\u00e3o de servidores em algumas delas se d\u00e1 de forma espont\u00e2nea, como express\u00e3o de apoio \u00e0s causas defendidas pelos estudantes ou mediante convite \u00e0queles que, por sua forma\u00e7\u00e3o profissional, podem contribuir com a discuss\u00e3o das tem\u00e1ticas. N\u00e3o h\u00e1 qualquer forma de coa\u00e7\u00e3o, indu\u00e7\u00e3o ou constrangimento praticada por professores ou servidores t\u00e9cnico-administrativos em educa\u00e7\u00e3o deste Instituto Federal: qualquer afirma\u00e7\u00e3o nesse sentido \u00e9 falaciosa;<\/p>\n<p style=\"text-align: justify;\">5) Estudantes de todos os campi deste Instituto est\u00e3o mobilizados sendo que, at\u00e9 esta data, oito campi encontram-se ocupados. Mesmo com a ocupa\u00e7\u00e3o a maioria das atividades institucionais est\u00e3o preservadas e ocorrendo dentro de relativa normalidade, inclusive as aulas;<\/p>\n<p style=\"text-align: justify;\">6) Todas as atividades realizadas pelos estudantes s\u00e3o absolutamente pac\u00edficas, sem conota\u00e7\u00e3o partid\u00e1ria e cercadas de cuidados com o patrim\u00f4nio institucional. Estudantes menores de idade presentes \u00e0s ocupa\u00e7\u00f5es s\u00e3o expressamente autorizados por seus respons\u00e1veis legais;<\/p>\n<p style=\"text-align: justify;\">7) Foi expedida orienta\u00e7\u00e3o da Pr\u00f3-reitoria de Ensino para subsidiar os registros de aulas, atividades letivas e registros de (in)frequ\u00eancia durante o processo de mobiliza\u00e7\u00e3o estudantil. O memorando PROEN n\u00ba 141\/2016, encaminhado a todas as Dire\u00e7\u00f5es Gerais e Dire\u00e7\u00f5es de Ensino dos campi deste Instituto, est\u00e1 dispon\u00edvel no Portal institucional (<a href=\"http:\/\/www.iffarroupilha.edu.br\" target=\"_blank\">www.iffarroupilha.edu.br<\/a>);<\/p>\n<p style=\"text-align: justify;\">8) A mobiliza\u00e7\u00e3o dos estudantes obedece programa\u00e7\u00e3o espec\u00edfica em cada campi, coordenada pelos Gr\u00eamios Estudantis e Centros Acad\u00eamicos, al\u00e9m de agenda unificada estabelecida pela Comiss\u00e3o Multicampi do Movimento Estudantil do IFFar. Houveram a\u00e7\u00f5es unificadas no dia 29 de setembro, em Santa Maria, e a pr\u00f3xima ocorrer\u00e1 no pr\u00f3ximo dia 20 de outubro, nas imedia\u00e7\u00f5es de todos os campi deste Instituto, segundo informado pela Comiss\u00e3o Multicampi.<\/p>\n<p style=\"text-align: justify;\">Por fim, cabe informar que em todos os campi e na reitoria deste Instituto tem ocorrido, entre os servidores e com a sociedade, momentos de reflex\u00e3o e discuss\u00e3o sobre a PEC 241, o PLP 257 e a MP 746, assim como sobre as Propostas de Diretrizes Or\u00e7ament\u00e1rias e de Lei Or\u00e7amentaria 2017, considerando a relev\u00e2ncia e os impactos institucionais que tais tem\u00e1ticas podem determinar no futuro da educa\u00e7\u00e3o p\u00fablica e dos Institutos Federais.<\/p>\n<p style=\"text-align: justify;\">Santa Maria\/RS, 14 de outubro de 2016.<\/p>\n<p style=\"text-align: justify;\">Carla C. Jardim<br \/>\nReitora<\/p>\n<\/blockquote>","protected":false},"excerpt":{"rendered":"<p>Diante de boatos que circulam\u00a0em blogs e redes sociais, al\u00e9m\u00a0de den\u00fancias e manifesta\u00e7\u00f5es improcedentes sobre os atos de mobiliza\u00e7\u00e3o organizados pelos\u00a0estudantes, o Instituto Federal Farroupilha do Rio Grande do Sul, por meio da reitora da institui\u00e7\u00e3o, Carla Jardim, divulgou na \u00faltima sexta-feira, 14, uma nota de esclarecimento oficial. Segundo o documento, os estudantes encontram-se mobilizados\u00a0em<\/p>\n<div class=\"read-more-wrapper\"><a class=\"read-more\" href=\"https:\/\/www2.comunitaria.com.br\/en\/iffarrs-divulga-nota-de-esclarecimento-sobre-mobilizacoes-estudantis\/\" title=\"Read More\"> <span class=\"button\">Read More<\/span><\/a><\/div>","protected":false},"author":2,"featured_media":22624,"comment_status":"open","ping_status":"closed","sticky":false,"template":"","format":"standard","meta":{"ngg_post_thumbnail":0,"footnotes":""},"categories":[47,44,46,33],"tags":[413,3226,3256,1532,3018,3242],"class_list":["post-22623","post","type-post","status-publish","format-standard","has-post-thumbnail","hentry","category-brasil","category-educacao","category-estado","category-noticias","tag-educacao-2","tag-iffar","tag-iffarfw","tag-mobilizacao","tag-ocupacao","tag-pec-241"],"amp_enabled":true,"_links":{"self":[{"href":"https:\/\/www2.comunitaria.com.br\/en\/wp-json\/wp\/v2\/posts\/22623","targetHints":{"allow":["GET"]}}],"collection":[{"href":"https:\/\/www2.comunitaria.com.br\/en\/wp-json\/wp\/v2\/posts"}],"about":[{"href":"https:\/\/www2.comunitaria.com.br\/en\/wp-json\/wp\/v2\/types\/post"}],"author":[{"embeddable":true,"href":"https:\/\/www2.comunitaria.com.br\/en\/wp-json\/wp\/v2\/users\/2"}],"replies":[{"embeddable":true,"href":"https:\/\/www2.comunitaria.com.br\/en\/wp-json\/wp\/v2\/comments?post=22623"}],"version-history":[{"count":0,"href":"https:\/\/www2.comunitaria.com.br\/en\/wp-json\/wp\/v2\/posts\/22623\/revisions"}],"wp:featuredmedia":[{"embeddable":true,"href":"https:\/\/www2.comunitaria.com.br\/en\/wp-json\/wp\/v2\/media\/22624"}],"wp:attachment":[{"href":"https:\/\/www2.comunitaria.com.br\/en\/wp-json\/wp\/v2\/media?parent=22623"}],"wp:term":[{"taxonomy":"category","embeddable":true,"href":"https:\/\/www2.comunitaria.com.br\/en\/wp-json\/wp\/v2\/categories?post=22623"},{"taxonomy":"post_tag","embeddable":true,"href":"https:\/\/www2.comunitaria.com.br\/en\/wp-json\/wp\/v2\/tags?post=22623"}],"curies":[{"name":"wp","href":"https:\/\/api.w.org\/{rel}","templated":true}]}}