{"id":22589,"date":"2016-10-14T16:52:03","date_gmt":"2016-10-14T18:52:03","guid":{"rendered":"http:\/\/www2.comunitaria.com.br\/?p=22589"},"modified":"2016-10-14T16:52:03","modified_gmt":"2016-10-14T18:52:03","slug":"aprovado-projeto-que-autoriza-a-cedencia-de-medico-veterinario-para-atuar-na-empresa-frangos-piovesan","status":"publish","type":"post","link":"https:\/\/www2.comunitaria.com.br\/en\/aprovado-projeto-que-autoriza-a-cedencia-de-medico-veterinario-para-atuar-na-empresa-frangos-piovesan\/","title":{"rendered":"Aprovado projeto que autoriza a ced\u00eancia de M\u00e9dico Veterin\u00e1rio para atuar na empresa Frangos Piovesan"},"content":{"rendered":"<p style=\"text-align: justify;\">Em Sess\u00e3o Extraordin\u00e1ria realizada na manh\u00e3 desta sexta-feira, 14, os vereadores aprovaram o Projeto de Lei N\u00ba 44\/2016, que autoriza o Poder Executivo a celebrar Conv\u00eanio de Coopera\u00e7\u00e3o T\u00e9cnica com o governo do Estado do Rio Grande do Sul, atrav\u00e9s da Coordenadoria de Inspe\u00e7\u00e3o e Fiscaliza\u00e7\u00e3o industrial e Sanit\u00e1ria dos Produtos de Origem Animal \u2013 CISPOA -, e a realizar ced\u00eancia de servidor p\u00fablico detentor do cargo de provimento efetivo de Veterin\u00e1rio ou M\u00e9dico Veterin\u00e1rio, no regime de 20 horas semanais.<\/p>\n<p style=\"text-align: justify;\">Conforme justificativa, o conv\u00eanio tem por objetivo atender a demanda do Abatedouro de Frangos Ltda., estabelecido no munic\u00edpio desde 1999, que em fun\u00e7\u00e3o de investimentos recentes em infraestrutura e fomento aos produtores no sentido de ampliar a cria\u00e7\u00e3o de animais, necessita ampliar o turno de abate para al\u00e9m das atuais 20 horas. Devido \u00e0 car\u00eancia de profissionais disponibilizados pelo CISPOA, a empresa \u00e9 obrigada inclusive a repassar os frangos prontos para abate a frigor\u00edficos de outras regi\u00f5es. Com a ced\u00eancia de um profissional M\u00e9dico Veterin\u00e1rio, a empresa pretende ampliar o n\u00famero de criadores e, em decorr\u00eancia, a capacidade de abate.<\/p>\n<p style=\"text-align: justify;\">Na discuss\u00e3o do projeto, o vereador Diogo Duarte destacou a celeridade na aprova\u00e7\u00e3o da mat\u00e9ria, que tramitou em regime de urg\u00eancia:<\/p>\n<p style=\"text-align: justify;\">\u2013 Temos que salientar a import\u00e2ncia dessa empresa para o nosso munic\u00edpio, com ra\u00edzes aqui, que nasceu aqui; salientar que essa c\u00e2mara sempre foi parceira das empresas locais, o que demonstra mais uma vez quando coloca o projeto em car\u00e1ter extraordin\u00e1rio; o projeto veio para essa casa dia 10, hoje \u00e9 dia 14 e j\u00e1 est\u00e1 sendo votado; ent\u00e3o isso demonstra que a C\u00e2mara sempre foi parceira, nunca foi entrave para o munic\u00edpio, enfatizou Duarte.<\/p>\n<p style=\"text-align: justify;\">O conv\u00eanio ter\u00e1 prazo de vig\u00eancia por dois anos, prorrog\u00e1vel por igual per\u00edodo, se houver necessidade entre as partes.<\/p>\n<p style=\"text-align: justify;\"><em>Assessoria de Imprensa<\/em><\/p>","protected":false},"excerpt":{"rendered":"<p>Em Sess\u00e3o Extraordin\u00e1ria realizada na manh\u00e3 desta sexta-feira, 14, os vereadores aprovaram o Projeto de Lei N\u00ba 44\/2016, que autoriza o Poder Executivo a celebrar Conv\u00eanio de Coopera\u00e7\u00e3o T\u00e9cnica com&#8230;<\/p>","protected":false},"author":2,"featured_media":22590,"comment_status":"open","ping_status":"closed","sticky":false,"template":"","format":"standard","meta":{"ngg_post_thumbnail":0,"footnotes":""},"categories":[42,33],"tags":[],"class_list":["post-22589","post","type-post","status-publish","format-standard","has-post-thumbnail","hentry","category-fred-west","category-noticias"],"amp_enabled":true,"_links":{"self":[{"href":"https:\/\/www2.comunitaria.com.br\/en\/wp-json\/wp\/v2\/posts\/22589","targetHints":{"allow":["GET"]}}],"collection":[{"href":"https:\/\/www2.comunitaria.com.br\/en\/wp-json\/wp\/v2\/posts"}],"about":[{"href":"https:\/\/www2.comunitaria.com.br\/en\/wp-json\/wp\/v2\/types\/post"}],"author":[{"embeddable":true,"href":"https:\/\/www2.comunitaria.com.br\/en\/wp-json\/wp\/v2\/users\/2"}],"replies":[{"embeddable":true,"href":"https:\/\/www2.comunitaria.com.br\/en\/wp-json\/wp\/v2\/comments?post=22589"}],"version-history":[{"count":0,"href":"https:\/\/www2.comunitaria.com.br\/en\/wp-json\/wp\/v2\/posts\/22589\/revisions"}],"wp:featuredmedia":[{"embeddable":true,"href":"https:\/\/www2.comunitaria.com.br\/en\/wp-json\/wp\/v2\/media\/22590"}],"wp:attachment":[{"href":"https:\/\/www2.comunitaria.com.br\/en\/wp-json\/wp\/v2\/media?parent=22589"}],"wp:term":[{"taxonomy":"category","embeddable":true,"href":"https:\/\/www2.comunitaria.com.br\/en\/wp-json\/wp\/v2\/categories?post=22589"},{"taxonomy":"post_tag","embeddable":true,"href":"https:\/\/www2.comunitaria.com.br\/en\/wp-json\/wp\/v2\/tags?post=22589"}],"curies":[{"name":"wp","href":"https:\/\/api.w.org\/{rel}","templated":true}]}}