{"id":22539,"date":"2016-10-13T15:52:31","date_gmt":"2016-10-13T17:52:31","guid":{"rendered":"http:\/\/www2.comunitaria.com.br\/?p=22539"},"modified":"2016-10-13T16:43:59","modified_gmt":"2016-10-13T18:43:59","slug":"uri-lanca-vestibular-de-verao-com-920-vagas-em-21-cursos","status":"publish","type":"post","link":"https:\/\/www2.comunitaria.com.br\/en\/uri-lanca-vestibular-de-verao-com-920-vagas-em-21-cursos\/","title":{"rendered":"URI lan\u00e7a Vestibular de Ver\u00e3o com 920 vagas em 21 cursos"},"content":{"rendered":"<p style=\"text-align: justify;\">O lan\u00e7amento oficial do Vestibular de Ver\u00e3o 2017 reuniu representantes da imprensa regional, professores, Coordenadores de curso, Diretores da URI\/FW \u00a0e Equipes de Comunica\u00e7\u00e3o e Marketing e URI na Escola na manh\u00e3 desta quinta-feira, 13.<\/p>\n<p style=\"text-align: justify;\">O evento que marca o in\u00edcio de mais uma campanha contou com tr\u00eas presen\u00e7as ilustres.\u00a0 Albert Eisntein, Sigmund Freud e Clarice Lispector recepcionaram os convidados. As tr\u00eas personalidades muito conhecidas s\u00e3o os personagens que ilustram as pe\u00e7as do material que ser\u00e1 usado na divulga\u00e7\u00e3o da campanha.<\/p>\n<p style=\"text-align: justify;\">A descontra\u00e7\u00e3o ficou por conta da apresenta\u00e7\u00e3o feita pelos pr\u00f3prios personagens, representados pelos acad\u00eamicos do 2\u00ba semestre do curso de Letras, Suzamara dos Santos, como Eistein, Mathias Paulus Link, como Freud e Adriana Marisa Urbanski da Silva, como Clarice. Na abertura do evento eles fizeram uma animada apresenta\u00e7\u00e3o refor\u00e7ando o slogan da campanha: \u201c<em><strong>Pra voc\u00ea expressar do seu jeito o que faz a sua cabe\u00e7a<\/strong><\/em>\u201d.<\/p>\n<p style=\"text-align: justify;\">Em seguida, a Diretora-Geral da URI\/FW, professora Silvia Regina Canan deu as boas-vindas aos convidados e ressaltou a import\u00e2ncia da presen\u00e7a da imprensa neste momento t\u00e3o importante e festivo para a Universidade, como \u00e9 o lan\u00e7amento do Vestibular de Ver\u00e3o.<\/p>\n<p style=\"text-align: justify;\">A Diretora-Acad\u00eamica, professora Elisabete Cerutti, destacou em sua fala as a\u00e7\u00f5es da Universidade na e para a comunidade, com a oferta de servi\u00e7os que v\u00e3o al\u00e9m da excel\u00eancia do ensino.<\/p>\n<p style=\"text-align: justify;\">E por fim o Coordenador Local do Vestibular, Gilson Panosso, apresentou a todos a campanha, que ser\u00e1 divulgada atrav\u00e9s de cartazes, folders, comerciais, v\u00eddeos e demais materiais publicit\u00e1rios, que ser\u00e3o exibidos em r\u00e1dios, jornais, revistas, sites e portais.<\/p>\n<p style=\"text-align: justify;\">Nesta edi\u00e7\u00e3o do concurso Vestibular de Ver\u00e3o 2017, a URI vai oferecer 920 vagas em 21 cursos. Todos com a garantia da qualidade de ensino presencial, cursos com excelentes avalia\u00e7\u00f5es junto ao Minist\u00e9rio da Educa\u00e7\u00e3o, incentivo a interc\u00e2mbio e pesquisa, mais de 75% dos professores com Mestrado e Doutorado e uma infraestrutura que oportuniza o aprendizado da melhor forma poss\u00edvel, com mais de 100 laborat\u00f3rios com equipamentos de \u00faltima gera\u00e7\u00e3o e salas de aula climatizadas.<\/p>\n<p style=\"text-align: justify;\">Como destaca a Diretora Geral Silvia Regina Canan.<\/p>\n<!--[if lt IE 9]><script>document.createElement('audio');<\/script><![endif]-->\n<audio class=\"wp-audio-shortcode\" id=\"audio-22539-1\" preload=\"none\" style=\"width: 100%;\" controls=\"controls\"><source type=\"audio\/mpeg\" src=\"http:\/\/www2.comunitaria.com.br\/wp-content\/uploads\/2016\/10\/silvia.mp3?_=1\" \/><a href=\"http:\/\/www2.comunitaria.com.br\/wp-content\/uploads\/2016\/10\/silvia.mp3\">http:\/\/www2.comunitaria.com.br\/wp-content\/uploads\/2016\/10\/silvia.mp3<\/a><\/audio>\n<p style=\"text-align: justify;\">As inscri\u00e7\u00f5es para o Vestibular de Ver\u00e3o 2017 da URI ter\u00e3o in\u00edcio na pr\u00f3xima segunda-feira, 17 de outubro e podem ser feitas at\u00e9 dia 21 de novembro. A prova ser\u00e1 realizada no dia 27 de novembro, a partir das 14h.<\/p>\n\n\t\t<style type=\"text\/css\">\n\t\t\t#gallery-1 {\n\t\t\t\tmargin: auto;\n\t\t\t}\n\t\t\t#gallery-1 .gallery-item {\n\t\t\t\tfloat: left;\n\t\t\t\tmargin-top: 10px;\n\t\t\t\ttext-align: center;\n\t\t\t\twidth: 33%;\n\t\t\t}\n\t\t\t#gallery-1 img {\n\t\t\t\tborder: 2px solid #cfcfcf;\n\t\t\t}\n\t\t\t#gallery-1 .gallery-caption {\n\t\t\t\tmargin-left: 0;\n\t\t\t}\n\t\t\t\/* see gallery_shortcode() in wp-includes\/media.php *\/\n\t\t<\/style>\n\t\t<div id='gallery-1' class='gallery galleryid-22539 gallery-columns-3 gallery-size-thumbnail'><dl class='gallery-item'>\n\t\t\t<dt class='gallery-icon landscape'>\n\t\t\t\t<a href='https:\/\/www2.comunitaria.com.br\/en\/uri-lanca-vestibular-de-verao-com-920-vagas-em-21-cursos\/03-59\/'><img loading=\"lazy\" decoding=\"async\" width=\"150\" height=\"150\" src=\"https:\/\/www2.comunitaria.com.br\/wp-content\/uploads\/2016\/10\/03-1-150x150.jpg\" class=\"attachment-thumbnail size-thumbnail\" alt=\"\" srcset=\"https:\/\/www2.comunitaria.com.br\/wp-content\/uploads\/2016\/10\/03-1-150x150.jpg 150w, https:\/\/www2.comunitaria.com.br\/wp-content\/uploads\/2016\/10\/03-1-65x65.jpg 65w\" sizes=\"auto, (max-width: 150px) 100vw, 150px\" \/><\/a>\n\t\t\t<\/dt><\/dl><dl class='gallery-item'>\n\t\t\t<dt class='gallery-icon landscape'>\n\t\t\t\t<a href='https:\/\/www2.comunitaria.com.br\/en\/uri-lanca-vestibular-de-verao-com-920-vagas-em-21-cursos\/02-117\/'><img loading=\"lazy\" decoding=\"async\" width=\"150\" height=\"150\" src=\"https:\/\/www2.comunitaria.com.br\/wp-content\/uploads\/2016\/10\/02-1-150x150.jpg\" class=\"attachment-thumbnail size-thumbnail\" alt=\"\" srcset=\"https:\/\/www2.comunitaria.com.br\/wp-content\/uploads\/2016\/10\/02-1-150x150.jpg 150w, https:\/\/www2.comunitaria.com.br\/wp-content\/uploads\/2016\/10\/02-1-65x65.jpg 65w\" sizes=\"auto, (max-width: 150px) 100vw, 150px\" \/><\/a>\n\t\t\t<\/dt><\/dl><dl class='gallery-item'>\n\t\t\t<dt class='gallery-icon landscape'>\n\t\t\t\t<a href='https:\/\/www2.comunitaria.com.br\/en\/uri-lanca-vestibular-de-verao-com-920-vagas-em-21-cursos\/01-319\/'><img loading=\"lazy\" decoding=\"async\" width=\"150\" height=\"150\" src=\"https:\/\/www2.comunitaria.com.br\/wp-content\/uploads\/2016\/10\/01-2-150x150.jpg\" class=\"attachment-thumbnail size-thumbnail\" alt=\"\" srcset=\"https:\/\/www2.comunitaria.com.br\/wp-content\/uploads\/2016\/10\/01-2-150x150.jpg 150w, https:\/\/www2.comunitaria.com.br\/wp-content\/uploads\/2016\/10\/01-2-65x65.jpg 65w\" sizes=\"auto, (max-width: 150px) 100vw, 150px\" \/><\/a>\n\t\t\t<\/dt><\/dl><br style=\"clear: both\" \/><dl class='gallery-item'>\n\t\t\t<dt class='gallery-icon landscape'>\n\t\t\t\t<a href='https:\/\/www2.comunitaria.com.br\/en\/uri-lanca-vestibular-de-verao-com-920-vagas-em-21-cursos\/04-34\/'><img loading=\"lazy\" decoding=\"async\" width=\"150\" height=\"150\" src=\"https:\/\/www2.comunitaria.com.br\/wp-content\/uploads\/2016\/10\/04-1-150x150.jpg\" class=\"attachment-thumbnail size-thumbnail\" alt=\"\" srcset=\"https:\/\/www2.comunitaria.com.br\/wp-content\/uploads\/2016\/10\/04-1-150x150.jpg 150w, https:\/\/www2.comunitaria.com.br\/wp-content\/uploads\/2016\/10\/04-1-65x65.jpg 65w\" sizes=\"auto, (max-width: 150px) 100vw, 150px\" \/><\/a>\n\t\t\t<\/dt><\/dl><dl class='gallery-item'>\n\t\t\t<dt class='gallery-icon landscape'>\n\t\t\t\t<a href='https:\/\/www2.comunitaria.com.br\/en\/uri-lanca-vestibular-de-verao-com-920-vagas-em-21-cursos\/04-35\/'><img loading=\"lazy\" decoding=\"async\" width=\"150\" height=\"150\" src=\"https:\/\/www2.comunitaria.com.br\/wp-content\/uploads\/2016\/10\/04-2-150x150.jpg\" class=\"attachment-thumbnail size-thumbnail\" alt=\"\" srcset=\"https:\/\/www2.comunitaria.com.br\/wp-content\/uploads\/2016\/10\/04-2-150x150.jpg 150w, https:\/\/www2.comunitaria.com.br\/wp-content\/uploads\/2016\/10\/04-2-65x65.jpg 65w\" sizes=\"auto, (max-width: 150px) 100vw, 150px\" \/><\/a>\n\t\t\t<\/dt><\/dl>\n\t\t\t<br style='clear: both' \/>\n\t\t<\/div>\n\n<p style=\"text-align: justify;\"><em>A.I\/URI<\/em><\/p>\n<p style=\"text-align: justify;\"><em>\u00c1udio Folha do Noroeste\u00a0<\/em><\/p>","protected":false},"excerpt":{"rendered":"<p>O lan\u00e7amento oficial do Vestibular de Ver\u00e3o 2017 reuniu representantes da imprensa regional, professores, Coordenadores de curso, Diretores da URI\/FW \u00a0e Equipes de Comunica\u00e7\u00e3o e Marketing e URI na Escola na manh\u00e3 desta quinta-feira, 13. O evento que marca o in\u00edcio de mais uma campanha contou com tr\u00eas presen\u00e7as ilustres.\u00a0 Albert Eisntein, Sigmund Freud e<\/p>\n<div class=\"read-more-wrapper\"><a class=\"read-more\" href=\"https:\/\/www2.comunitaria.com.br\/en\/uri-lanca-vestibular-de-verao-com-920-vagas-em-21-cursos\/\" title=\"Read More\"> <span class=\"button\">Read More<\/span><\/a><\/div>","protected":false},"author":2,"featured_media":22541,"comment_status":"open","ping_status":"closed","sticky":false,"template":"","format":"standard","meta":{"ngg_post_thumbnail":0,"footnotes":""},"categories":[51,44,42,28,33],"tags":[141,3250],"class_list":["post-22539","post","type-post","status-publish","format-standard","has-post-thumbnail","hentry","category-audio","category-educacao","category-fred-west","category-destaque","category-noticias","tag-uri","tag-vestibular-de-verao-2017"],"amp_enabled":true,"_links":{"self":[{"href":"https:\/\/www2.comunitaria.com.br\/en\/wp-json\/wp\/v2\/posts\/22539","targetHints":{"allow":["GET"]}}],"collection":[{"href":"https:\/\/www2.comunitaria.com.br\/en\/wp-json\/wp\/v2\/posts"}],"about":[{"href":"https:\/\/www2.comunitaria.com.br\/en\/wp-json\/wp\/v2\/types\/post"}],"author":[{"embeddable":true,"href":"https:\/\/www2.comunitaria.com.br\/en\/wp-json\/wp\/v2\/users\/2"}],"replies":[{"embeddable":true,"href":"https:\/\/www2.comunitaria.com.br\/en\/wp-json\/wp\/v2\/comments?post=22539"}],"version-history":[{"count":0,"href":"https:\/\/www2.comunitaria.com.br\/en\/wp-json\/wp\/v2\/posts\/22539\/revisions"}],"wp:featuredmedia":[{"embeddable":true,"href":"https:\/\/www2.comunitaria.com.br\/en\/wp-json\/wp\/v2\/media\/22541"}],"wp:attachment":[{"href":"https:\/\/www2.comunitaria.com.br\/en\/wp-json\/wp\/v2\/media?parent=22539"}],"wp:term":[{"taxonomy":"category","embeddable":true,"href":"https:\/\/www2.comunitaria.com.br\/en\/wp-json\/wp\/v2\/categories?post=22539"},{"taxonomy":"post_tag","embeddable":true,"href":"https:\/\/www2.comunitaria.com.br\/en\/wp-json\/wp\/v2\/tags?post=22539"}],"curies":[{"name":"wp","href":"https:\/\/api.w.org\/{rel}","templated":true}]}}