{"id":22490,"date":"2016-10-11T17:01:07","date_gmt":"2016-10-11T19:01:07","guid":{"rendered":"http:\/\/www2.comunitaria.com.br\/?p=22490"},"modified":"2016-10-11T17:03:39","modified_gmt":"2016-10-11T19:03:39","slug":"inquilino-passa-a-ser-suspeito-de-homicidio-em-tenente-portela","status":"publish","type":"post","link":"https:\/\/www2.comunitaria.com.br\/en\/inquilino-passa-a-ser-suspeito-de-homicidio-em-tenente-portela\/","title":{"rendered":"Inquilino passa a ser suspeito de homic\u00eddio em Tenente Portela"},"content":{"rendered":"<p style=\"text-align: justify;\">A investiga\u00e7\u00e3o de um <a href=\"http:\/\/www2.comunitaria.com.br\/en\/policia-encontra-corpo-de-vitima-de-homicidio-em-tenente-portela\/\" target=\"_blank\">homic\u00eddio em Tenente Portela<\/a> descoberto pela Pol\u00edcia Civil no final da manh\u00e3 desta segunda-feira, 10, est\u00e1 tomando novos rumos com a revela\u00e7\u00e3o da identidade da v\u00edtima.<\/p>\n<p style=\"text-align: justify;\">Com o resultado da necropsia, a Pol\u00edcia Civil chegou ao nome de Ivanir Ant\u00f4nio de Castro Campos, de 41 anos, popular \u201cCorvinho\u201d, encontrado morto numa moradia localizada no centro de Tenente Portela. A suspeita inicial era que o inquilino do im\u00f3vel fosse a v\u00edtima em raz\u00e3o do cad\u00e1ver estar com o rosto desfigurado, mas n\u00e3o, ele \u00e9 na verdade o suspeito n\u00famero um do crime ocorrido h\u00e1 pelo menos uma semana.<\/p>\n<p><strong>A investiga\u00e7\u00e3o<\/strong><\/p>\n<p style=\"text-align: justify;\">De acordo com a Pol\u00edcia Civil, no local foi encontrado respingos de sangue na parede da sala, o que segundo os investigadores pode sugerir brutalidade durante as agress\u00f5es que produziram a morte da v\u00edtima, ou luta entre as partes.<\/p>\n<p style=\"text-align: justify;\">A investiga\u00e7\u00e3o da pol\u00edcia apurou tamb\u00e9m que sob o sof\u00e1 onde estava o corpo tinha uma faca, no entanto, poderia estar sendo utilizada pela v\u00edtima na sua defesa, j\u00e1 que as les\u00f5es sofridas pela v\u00edtima n\u00e3o indicam, necessariamente, o uso de arma branca e sim uma pedra ou algo s\u00f3lido que causou fraturas no cr\u00e2nio.\u00a0Conforme a Pol\u00edcia, ap\u00f3s o crime, o autor ocultou o corpo da v\u00edtima com cobertores, e fechou a porta da casa com corrente e cadeado.<\/p>\n<p style=\"text-align: justify;\">Diante da identifica\u00e7\u00e3o, a Pol\u00edcia Civil evoluiu as investiga\u00e7\u00f5es e apurou que no final da tarde de 02 de Outubro (poss\u00edvel data do evento), a v\u00edtima e o principal suspeito foram vistos deslocando para casa onde ocorreu o crime.\u00a0A Pol\u00edcia Civil segue com as investiga\u00e7\u00f5es.<\/p>\n\n\t\t<style>\n\t\t\t#gallery-1 {\n\t\t\t\tmargin: auto;\n\t\t\t}\n\t\t\t#gallery-1 .gallery-item {\n\t\t\t\tfloat: left;\n\t\t\t\tmargin-top: 10px;\n\t\t\t\ttext-align: center;\n\t\t\t\twidth: 33%;\n\t\t\t}\n\t\t\t#gallery-1 img {\n\t\t\t\tborder: 2px solid #cfcfcf;\n\t\t\t}\n\t\t\t#gallery-1 .gallery-caption {\n\t\t\t\tmargin-left: 0;\n\t\t\t}\n\t\t\t\/* see gallery_shortcode() in wp-includes\/media.php *\/\n\t\t<\/style>\n\t\t<div id='gallery-1' class='gallery galleryid-22490 gallery-columns-3 gallery-size-thumbnail'><dl class='gallery-item'>\n\t\t\t<dt class='gallery-icon portrait'>\n\t\t\t\t<a href='https:\/\/www2.comunitaria.com.br\/en\/inquilino-passa-a-ser-suspeito-de-homicidio-em-tenente-portela\/14542278_909103025889150_6626484150317514303_o\/'><img loading=\"lazy\" decoding=\"async\" width=\"150\" height=\"150\" src=\"https:\/\/www2.comunitaria.com.br\/wp-content\/uploads\/2016\/10\/14542278_909103025889150_6626484150317514303_o-150x150.jpg\" class=\"attachment-thumbnail size-thumbnail\" alt=\"\" aria-describedby=\"gallery-1-22491\" srcset=\"https:\/\/www2.comunitaria.com.br\/wp-content\/uploads\/2016\/10\/14542278_909103025889150_6626484150317514303_o-150x150.jpg 150w, https:\/\/www2.comunitaria.com.br\/wp-content\/uploads\/2016\/10\/14542278_909103025889150_6626484150317514303_o-65x65.jpg 65w\" sizes=\"auto, (max-width: 150px) 100vw, 150px\" \/><\/a>\n\t\t\t<\/dt>\n\t\t\t\t<dd class='wp-caption-text gallery-caption' id='gallery-1-22491'>\n\t\t\t\tFoto: Divulga\u00e7\u00e3o\n\t\t\t\t<\/dd><\/dl><dl class='gallery-item'>\n\t\t\t<dt class='gallery-icon landscape'>\n\t\t\t\t<a href='https:\/\/www2.comunitaria.com.br\/en\/inquilino-passa-a-ser-suspeito-de-homicidio-em-tenente-portela\/14566457_909101659222620_6492869109665705682_o\/'><img loading=\"lazy\" decoding=\"async\" width=\"150\" height=\"150\" src=\"https:\/\/www2.comunitaria.com.br\/wp-content\/uploads\/2016\/10\/14566457_909101659222620_6492869109665705682_o-150x150.jpg\" class=\"attachment-thumbnail size-thumbnail\" alt=\"\" aria-describedby=\"gallery-1-22492\" srcset=\"https:\/\/www2.comunitaria.com.br\/wp-content\/uploads\/2016\/10\/14566457_909101659222620_6492869109665705682_o-150x150.jpg 150w, https:\/\/www2.comunitaria.com.br\/wp-content\/uploads\/2016\/10\/14566457_909101659222620_6492869109665705682_o-65x65.jpg 65w\" sizes=\"auto, (max-width: 150px) 100vw, 150px\" \/><\/a>\n\t\t\t<\/dt>\n\t\t\t\t<dd class='wp-caption-text gallery-caption' id='gallery-1-22492'>\n\t\t\t\tFoto: Divulga\u00e7\u00e3o\n\t\t\t\t<\/dd><\/dl><dl class='gallery-item'>\n\t\t\t<dt class='gallery-icon landscape'>\n\t\t\t\t<a href='https:\/\/www2.comunitaria.com.br\/en\/inquilino-passa-a-ser-suspeito-de-homicidio-em-tenente-portela\/14615817_909102059222580_6182447804217967033_o\/'><img loading=\"lazy\" decoding=\"async\" width=\"150\" height=\"150\" src=\"https:\/\/www2.comunitaria.com.br\/wp-content\/uploads\/2016\/10\/14615817_909102059222580_6182447804217967033_o-150x150.jpg\" class=\"attachment-thumbnail size-thumbnail\" alt=\"\" aria-describedby=\"gallery-1-22493\" srcset=\"https:\/\/www2.comunitaria.com.br\/wp-content\/uploads\/2016\/10\/14615817_909102059222580_6182447804217967033_o-150x150.jpg 150w, https:\/\/www2.comunitaria.com.br\/wp-content\/uploads\/2016\/10\/14615817_909102059222580_6182447804217967033_o-65x65.jpg 65w\" sizes=\"auto, (max-width: 150px) 100vw, 150px\" \/><\/a>\n\t\t\t<\/dt>\n\t\t\t\t<dd class='wp-caption-text gallery-caption' id='gallery-1-22493'>\n\t\t\t\tFoto: Divulga\u00e7\u00e3o\n\t\t\t\t<\/dd><\/dl><br style=\"clear: both\" \/><dl class='gallery-item'>\n\t\t\t<dt class='gallery-icon landscape'>\n\t\t\t\t<a href='https:\/\/www2.comunitaria.com.br\/en\/inquilino-passa-a-ser-suspeito-de-homicidio-em-tenente-portela\/14708052_909101729222613_382135249388445522_o\/'><img loading=\"lazy\" decoding=\"async\" width=\"150\" height=\"150\" src=\"https:\/\/www2.comunitaria.com.br\/wp-content\/uploads\/2016\/10\/14708052_909101729222613_382135249388445522_o-150x150.jpg\" class=\"attachment-thumbnail size-thumbnail\" alt=\"\" aria-describedby=\"gallery-1-22494\" srcset=\"https:\/\/www2.comunitaria.com.br\/wp-content\/uploads\/2016\/10\/14708052_909101729222613_382135249388445522_o-150x150.jpg 150w, https:\/\/www2.comunitaria.com.br\/wp-content\/uploads\/2016\/10\/14708052_909101729222613_382135249388445522_o-65x65.jpg 65w\" sizes=\"auto, (max-width: 150px) 100vw, 150px\" \/><\/a>\n\t\t\t<\/dt>\n\t\t\t\t<dd class='wp-caption-text gallery-caption' id='gallery-1-22494'>\n\t\t\t\tFoto: Divulga\u00e7\u00e3o\n\t\t\t\t<\/dd><\/dl>\n\t\t\t<br style='clear: both' \/>\n\t\t<\/div>\n\n<p style=\"text-align: justify;\"><em>Portela Online<\/em><\/p>","protected":false},"excerpt":{"rendered":"<p>A investiga\u00e7\u00e3o de um homic\u00eddio em Tenente Portela descoberto pela Pol\u00edcia Civil no final da manh\u00e3 desta segunda-feira, 10, est\u00e1 tomando novos rumos com a revela\u00e7\u00e3o da identidade da v\u00edtima&#8230;.<\/p>","protected":false},"author":2,"featured_media":22494,"comment_status":"open","ping_status":"closed","sticky":false,"template":"","format":"standard","meta":{"ngg_post_thumbnail":0,"footnotes":""},"categories":[33,36,43],"tags":[177,86,98],"class_list":["post-22490","post","type-post","status-publish","format-standard","has-post-thumbnail","hentry","category-noticias","category-policia","category-regiao","tag-policia-2","tag-regiao-2","tag-tenente-portela"],"amp_enabled":true,"_links":{"self":[{"href":"https:\/\/www2.comunitaria.com.br\/en\/wp-json\/wp\/v2\/posts\/22490","targetHints":{"allow":["GET"]}}],"collection":[{"href":"https:\/\/www2.comunitaria.com.br\/en\/wp-json\/wp\/v2\/posts"}],"about":[{"href":"https:\/\/www2.comunitaria.com.br\/en\/wp-json\/wp\/v2\/types\/post"}],"author":[{"embeddable":true,"href":"https:\/\/www2.comunitaria.com.br\/en\/wp-json\/wp\/v2\/users\/2"}],"replies":[{"embeddable":true,"href":"https:\/\/www2.comunitaria.com.br\/en\/wp-json\/wp\/v2\/comments?post=22490"}],"version-history":[{"count":0,"href":"https:\/\/www2.comunitaria.com.br\/en\/wp-json\/wp\/v2\/posts\/22490\/revisions"}],"wp:featuredmedia":[{"embeddable":true,"href":"https:\/\/www2.comunitaria.com.br\/en\/wp-json\/wp\/v2\/media\/22494"}],"wp:attachment":[{"href":"https:\/\/www2.comunitaria.com.br\/en\/wp-json\/wp\/v2\/media?parent=22490"}],"wp:term":[{"taxonomy":"category","embeddable":true,"href":"https:\/\/www2.comunitaria.com.br\/en\/wp-json\/wp\/v2\/categories?post=22490"},{"taxonomy":"post_tag","embeddable":true,"href":"https:\/\/www2.comunitaria.com.br\/en\/wp-json\/wp\/v2\/tags?post=22490"}],"curies":[{"name":"wp","href":"https:\/\/api.w.org\/{rel}","templated":true}]}}