{"id":22477,"date":"2016-10-11T12:27:57","date_gmt":"2016-10-11T14:27:57","guid":{"rendered":"http:\/\/www2.comunitaria.com.br\/?p=22477"},"modified":"2016-10-11T12:31:40","modified_gmt":"2016-10-11T14:31:40","slug":"entrevista-oliverio-de-vargas-rosado-fala-sobre-suas-metas-no-legislativo","status":"publish","type":"post","link":"https:\/\/www2.comunitaria.com.br\/en\/entrevista-oliverio-de-vargas-rosado-fala-sobre-suas-metas-no-legislativo\/","title":{"rendered":"Entrevista: Oliv\u00e9rio de Vargas Rosado fala sobre suas metas no legislativo"},"content":{"rendered":"<p style=\"text-align: justify;\">Dando sequ\u00eancia \u00e0 s\u00e9rie de entrevistas com os vereadores eleitos em Frederico Westphalen, a R\u00e1dio Comunit\u00e1ria recebeu na manh\u00e3 desta ter\u00e7a-feira, 11, o vereador Oliv\u00e9rio de Vargas Rosado, eleito 669 votos. Acompanhe na \u00edntegra as explana\u00e7\u00f5es:<\/p>\n<!--[if lt IE 9]><script>document.createElement('audio');<\/script><![endif]-->\n<audio class=\"wp-audio-shortcode\" id=\"audio-22477-1\" preload=\"none\" style=\"width: 100%;\" controls=\"controls\"><source type=\"audio\/mpeg\" src=\"http:\/\/www2.comunitaria.com.br\/wp-content\/uploads\/2016\/10\/Oliv\u00e9rio.mp3?_=1\" \/><a href=\"http:\/\/www2.comunitaria.com.br\/wp-content\/uploads\/2016\/10\/Oliv\u00e9rio.mp3\">http:\/\/www2.comunitaria.com.br\/wp-content\/uploads\/2016\/10\/Oliv\u00e9rio.mp3<\/a><\/audio>","protected":false},"excerpt":{"rendered":"<p>Dando sequ\u00eancia \u00e0 s\u00e9rie de entrevistas com os vereadores eleitos em Frederico Westphalen, a R\u00e1dio Comunit\u00e1ria recebeu na manh\u00e3 desta ter\u00e7a-feira, 11, o vereador Oliv\u00e9rio de Vargas Rosado, eleito 669 votos. Acompanhe na \u00edntegra as explana\u00e7\u00f5es:<\/p>\n<div class=\"read-more-wrapper\"><a class=\"read-more\" href=\"https:\/\/www2.comunitaria.com.br\/en\/entrevista-oliverio-de-vargas-rosado-fala-sobre-suas-metas-no-legislativo\/\" title=\"Read More\"> <span class=\"button\">Read More<\/span><\/a><\/div>","protected":false},"author":2,"featured_media":22480,"comment_status":"open","ping_status":"closed","sticky":false,"template":"","format":"standard","meta":{"ngg_post_thumbnail":0,"footnotes":""},"categories":[51,3095,993,33,38],"tags":[1078,1944,442,311,1079,217],"class_list":["post-22477","post","type-post","status-publish","format-standard","has-post-thumbnail","hentry","category-audio","category-eleicoes-2016","category-entrevista","category-noticias","category-politica","tag-audio","tag-eleicoes-2016","tag-entrevista","tag-legislativo","tag-politica","tag-vereadores"],"amp_enabled":true,"_links":{"self":[{"href":"https:\/\/www2.comunitaria.com.br\/en\/wp-json\/wp\/v2\/posts\/22477","targetHints":{"allow":["GET"]}}],"collection":[{"href":"https:\/\/www2.comunitaria.com.br\/en\/wp-json\/wp\/v2\/posts"}],"about":[{"href":"https:\/\/www2.comunitaria.com.br\/en\/wp-json\/wp\/v2\/types\/post"}],"author":[{"embeddable":true,"href":"https:\/\/www2.comunitaria.com.br\/en\/wp-json\/wp\/v2\/users\/2"}],"replies":[{"embeddable":true,"href":"https:\/\/www2.comunitaria.com.br\/en\/wp-json\/wp\/v2\/comments?post=22477"}],"version-history":[{"count":0,"href":"https:\/\/www2.comunitaria.com.br\/en\/wp-json\/wp\/v2\/posts\/22477\/revisions"}],"wp:featuredmedia":[{"embeddable":true,"href":"https:\/\/www2.comunitaria.com.br\/en\/wp-json\/wp\/v2\/media\/22480"}],"wp:attachment":[{"href":"https:\/\/www2.comunitaria.com.br\/en\/wp-json\/wp\/v2\/media?parent=22477"}],"wp:term":[{"taxonomy":"category","embeddable":true,"href":"https:\/\/www2.comunitaria.com.br\/en\/wp-json\/wp\/v2\/categories?post=22477"},{"taxonomy":"post_tag","embeddable":true,"href":"https:\/\/www2.comunitaria.com.br\/en\/wp-json\/wp\/v2\/tags?post=22477"}],"curies":[{"name":"wp","href":"https:\/\/api.w.org\/{rel}","templated":true}]}}