{"id":22080,"date":"2016-09-29T14:43:08","date_gmt":"2016-09-29T16:43:08","guid":{"rendered":"http:\/\/www2.comunitaria.com.br\/?p=22080"},"modified":"2016-09-29T14:45:54","modified_gmt":"2016-09-29T16:45:54","slug":"operacao-cumpre-mandados-em-rodeio-bonito-cristal-do-sul-seberi-taquaracu-do-sul-e-frederico-westphalen","status":"publish","type":"post","link":"https:\/\/www2.comunitaria.com.br\/en\/operacao-cumpre-mandados-em-rodeio-bonito-cristal-do-sul-seberi-taquaracu-do-sul-e-frederico-westphalen\/","title":{"rendered":"Opera\u00e7\u00e3o cumpre mandados em Rodeio Bonito, Cristal do Sul, Seberi , Taquara\u00e7u do Sul e Frederico Westphalen"},"content":{"rendered":"<p style=\"text-align: justify;\">O comando do 37\u00b0 BPM ( apoiado pela intelig\u00eancia, POE e policiais militares dos munic\u00edpios de Rodeio Bonito, Cristal do Sul, Seberi , Taquara\u00e7u do Sul e Frederico Westphalen) juntamente com Policias Civis coordenados pela Delegada Aline, de Rodeio Bonito, cumpriram 15 mandados de busca e apreens\u00e3o em resid\u00eancias no Munic\u00edpio de Cristal do Sul e outros 2 em Seberi e Frederico Westphalen, com objetivo de apreende<span class=\"text_exposed_show\">r armas de fogo e objetos relacionados a crimes no pleito eleitoral.<\/span><\/p>\n<div class=\"text_exposed_show\">\n<p style=\"text-align: justify;\">Foram aprendidos mais de 15 mil reais, 5 armas de fogo, &#8220;Miguelitos&#8221; , grande quantidade de explosivo, dois ve\u00edculos e documentos com poss\u00edvel contabilidade de compra de votos.<\/p>\n<p style=\"text-align: justify;\">Segundo a Pol\u00edcia a \u00a0a\u00e7\u00e3o visa manter a ordem p\u00fablica e o esp\u00edrito democr\u00e1tico que se fazer presente nesse per\u00edodo eleitoral. Em coletiva de imprensa a Delegada Aline falou sobre a a\u00e7\u00e3o.<\/p>\n<audio class=\"wp-audio-shortcode\" id=\"audio-22080-1\" preload=\"none\" style=\"width: 100%;\" controls=\"controls\"><source type=\"audio\/mpeg\" src=\"http:\/\/www2.comunitaria.com.br\/wp-content\/uploads\/2016\/09\/delegada.mp3?_=1\" \/><a href=\"http:\/\/www2.comunitaria.com.br\/wp-content\/uploads\/2016\/09\/delegada.mp3\">http:\/\/www2.comunitaria.com.br\/wp-content\/uploads\/2016\/09\/delegada.mp3<\/a><\/audio>\n<\/div>\n<p style=\"text-align: justify;\"><a href=\"http:\/\/www2.comunitaria.com.br\/en\/operacao-cumpre-mandados-em-rodeio-bonito-cristal-do-sul-seberi-taquaracu-do-sul-e-frederico-westphalen\/b-g-2\/\" rel=\"attachment wp-att-22081\"><img loading=\"lazy\" decoding=\"async\" class=\"alignleft size-medium wp-image-22081\" src=\"http:\/\/www2.comunitaria.com.br\/wp-content\/uploads\/2016\/09\/b-g-1-1-300x169.jpg\" alt=\"b-g\" width=\"300\" height=\"169\" srcset=\"https:\/\/www2.comunitaria.com.br\/wp-content\/uploads\/2016\/09\/b-g-1-1-300x169.jpg 300w, https:\/\/www2.comunitaria.com.br\/wp-content\/uploads\/2016\/09\/b-g-1-1-768x432.jpg 768w, https:\/\/www2.comunitaria.com.br\/wp-content\/uploads\/2016\/09\/b-g-1-1-260x145.jpg 260w, https:\/\/www2.comunitaria.com.br\/wp-content\/uploads\/2016\/09\/b-g-1-1.jpg 960w\" sizes=\"auto, (max-width: 300px) 100vw, 300px\" \/><\/a><\/p>\n<p style=\"text-align: justify;\">37\u00b0BPM<\/p>","protected":false},"excerpt":{"rendered":"<p>O comando do 37\u00b0 BPM ( apoiado pela intelig\u00eancia, POE e policiais militares dos munic\u00edpios de Rodeio Bonito, Cristal do Sul, Seberi , Taquara\u00e7u do Sul e Frederico Westphalen) juntamente&#8230;<\/p>","protected":false},"author":2,"featured_media":22081,"comment_status":"open","ping_status":"closed","sticky":false,"template":"","format":"standard","meta":{"ngg_post_thumbnail":0,"footnotes":""},"categories":[51,28,33],"tags":[],"class_list":["post-22080","post","type-post","status-publish","format-standard","has-post-thumbnail","hentry","category-audio","category-destaque","category-noticias"],"amp_enabled":true,"_links":{"self":[{"href":"https:\/\/www2.comunitaria.com.br\/en\/wp-json\/wp\/v2\/posts\/22080","targetHints":{"allow":["GET"]}}],"collection":[{"href":"https:\/\/www2.comunitaria.com.br\/en\/wp-json\/wp\/v2\/posts"}],"about":[{"href":"https:\/\/www2.comunitaria.com.br\/en\/wp-json\/wp\/v2\/types\/post"}],"author":[{"embeddable":true,"href":"https:\/\/www2.comunitaria.com.br\/en\/wp-json\/wp\/v2\/users\/2"}],"replies":[{"embeddable":true,"href":"https:\/\/www2.comunitaria.com.br\/en\/wp-json\/wp\/v2\/comments?post=22080"}],"version-history":[{"count":0,"href":"https:\/\/www2.comunitaria.com.br\/en\/wp-json\/wp\/v2\/posts\/22080\/revisions"}],"wp:featuredmedia":[{"embeddable":true,"href":"https:\/\/www2.comunitaria.com.br\/en\/wp-json\/wp\/v2\/media\/22081"}],"wp:attachment":[{"href":"https:\/\/www2.comunitaria.com.br\/en\/wp-json\/wp\/v2\/media?parent=22080"}],"wp:term":[{"taxonomy":"category","embeddable":true,"href":"https:\/\/www2.comunitaria.com.br\/en\/wp-json\/wp\/v2\/categories?post=22080"},{"taxonomy":"post_tag","embeddable":true,"href":"https:\/\/www2.comunitaria.com.br\/en\/wp-json\/wp\/v2\/tags?post=22080"}],"curies":[{"name":"wp","href":"https:\/\/api.w.org\/{rel}","templated":true}]}}