{"id":22046,"date":"2016-09-27T13:06:36","date_gmt":"2016-09-27T15:06:36","guid":{"rendered":"http:\/\/www2.comunitaria.com.br\/?p=22046"},"modified":"2016-09-27T13:07:11","modified_gmt":"2016-09-27T15:07:11","slug":"reuniao-promovida-pelo-dce-da-urifw-debate-questoes-relacionadas-ao-fies","status":"publish","type":"post","link":"https:\/\/www2.comunitaria.com.br\/en\/reuniao-promovida-pelo-dce-da-urifw-debate-questoes-relacionadas-ao-fies\/","title":{"rendered":"Reuni\u00e3o promovida pelo DCE da URI\/FW debate quest\u00f5es relacionadas ao FIES"},"content":{"rendered":"<p style=\"text-align: justify;\">Na noite de ontem, 26, o Diret\u00f3rio Central dos Estudantes (DCE) da Universidade Regional Integrada, campus de Frederico Westphalen (URI\/FW) realizou uma reuni\u00e3o com representantes dos Diret\u00f3rios Acad\u00eamicos, para discutir a situa\u00e7\u00e3o da n\u00e3o renova\u00e7\u00e3o dos contratos do FIES (Fundo de Financiamento Estudantil) e a possibilidade da URI n\u00e3o receber os repasses do Governo Federal que est\u00e3o atrasados desde julho.<\/p>\n<p style=\"text-align: justify;\">Em entrevista \u00e0 R\u00e1dio Comunit\u00e1ria, o integrante do DCE, Luiz Dalcanton, falou sobre as mobiliza\u00e7\u00f5es que o diret\u00f3rio vem realizando\u00a0e frisou as consequ\u00eancias da falta do repasse do FIES:<\/p>\n<audio class=\"wp-audio-shortcode\" id=\"audio-22046-1\" preload=\"none\" style=\"width: 100%;\" controls=\"controls\"><source type=\"audio\/mpeg\" src=\"http:\/\/www2.comunitaria.com.br\/wp-content\/uploads\/2016\/09\/LUiz-uri-ok.mp3?_=1\" \/><a href=\"http:\/\/www2.comunitaria.com.br\/wp-content\/uploads\/2016\/09\/LUiz-uri-ok.mp3\">http:\/\/www2.comunitaria.com.br\/wp-content\/uploads\/2016\/09\/LUiz-uri-ok.mp3<\/a><\/audio>\n<p style=\"text-align: justify;\">Cerca de 45 mil universit\u00e1rios ga\u00fachos se beneficiam do FIES e, \u00a0caso os recursos n\u00e3o sejam repassados pelo Minist\u00e9rio da Educa\u00e7\u00e3o (MEC), as universidades comunit\u00e1rias j\u00e1 consideram romper com o programa no ano que vem.<\/p>","protected":false},"excerpt":{"rendered":"<p>Na noite de ontem, 26, o Diret\u00f3rio Central dos Estudantes (DCE) da Universidade Regional Integrada, campus de Frederico Westphalen (URI\/FW) realizou uma reuni\u00e3o com representantes dos Diret\u00f3rios Acad\u00eamicos, para discutir&#8230;<\/p>","protected":false},"author":2,"featured_media":22048,"comment_status":"open","ping_status":"closed","sticky":false,"template":"","format":"standard","meta":{"ngg_post_thumbnail":0,"footnotes":""},"categories":[47,44,46,33],"tags":[1926,413,414,3222,257,141,2999],"class_list":["post-22046","post","type-post","status-publish","format-standard","has-post-thumbnail","hentry","category-brasil","category-educacao","category-estado","category-noticias","tag-brasil","tag-educacao-2","tag-fies","tag-financiamento-estudantil","tag-reuniao","tag-uri","tag-urifw"],"amp_enabled":true,"_links":{"self":[{"href":"https:\/\/www2.comunitaria.com.br\/en\/wp-json\/wp\/v2\/posts\/22046","targetHints":{"allow":["GET"]}}],"collection":[{"href":"https:\/\/www2.comunitaria.com.br\/en\/wp-json\/wp\/v2\/posts"}],"about":[{"href":"https:\/\/www2.comunitaria.com.br\/en\/wp-json\/wp\/v2\/types\/post"}],"author":[{"embeddable":true,"href":"https:\/\/www2.comunitaria.com.br\/en\/wp-json\/wp\/v2\/users\/2"}],"replies":[{"embeddable":true,"href":"https:\/\/www2.comunitaria.com.br\/en\/wp-json\/wp\/v2\/comments?post=22046"}],"version-history":[{"count":0,"href":"https:\/\/www2.comunitaria.com.br\/en\/wp-json\/wp\/v2\/posts\/22046\/revisions"}],"wp:featuredmedia":[{"embeddable":true,"href":"https:\/\/www2.comunitaria.com.br\/en\/wp-json\/wp\/v2\/media\/22048"}],"wp:attachment":[{"href":"https:\/\/www2.comunitaria.com.br\/en\/wp-json\/wp\/v2\/media?parent=22046"}],"wp:term":[{"taxonomy":"category","embeddable":true,"href":"https:\/\/www2.comunitaria.com.br\/en\/wp-json\/wp\/v2\/categories?post=22046"},{"taxonomy":"post_tag","embeddable":true,"href":"https:\/\/www2.comunitaria.com.br\/en\/wp-json\/wp\/v2\/tags?post=22046"}],"curies":[{"name":"wp","href":"https:\/\/api.w.org\/{rel}","templated":true}]}}