{"id":22026,"date":"2016-09-26T17:32:49","date_gmt":"2016-09-26T19:32:49","guid":{"rendered":"http:\/\/www2.comunitaria.com.br\/?p=22026"},"modified":"2016-10-02T12:21:09","modified_gmt":"2016-10-02T14:21:09","slug":"eleicoes-2016-saiba-o-numero-de-eleitores-em-cada-sessao-de-fw","status":"publish","type":"post","link":"https:\/\/www2.comunitaria.com.br\/en\/eleicoes-2016-saiba-o-numero-de-eleitores-em-cada-sessao-de-fw\/","title":{"rendered":"Elei\u00e7\u00f5es 2016: Saiba o n\u00famero de eleitores em cada sess\u00e3o de FW"},"content":{"rendered":"<p style=\"text-align: justify;\">No pr\u00f3ximo domingo, 2 de outubro, ocorre as\u00a0elei\u00e7\u00f5es municipais 2016 e Frederico Westphalen possui 24.736 eleitores aptos a votar. O munic\u00edpio conta com tr\u00eas chapas disputando o executivo: Marly Vendruscolo e Juliano Razia (PP), Paulo Groff e Chana Denti (PT) e Jos\u00e9 Alberto Panosso e Diogo Duarte (PMDB). \u00a0Saiba o n\u00famero de votantes em cada sess\u00e3o de Frederico Westphalen:<\/p>\n<p style=\"text-align: justify;\"><a href=\"http:\/\/www2.comunitaria.com.br\/en\/eleicoes-2016-saiba-o-numero-de-eleitores-em-cada-sessao-de-fw\/lista-pontos-de-votacao\/\" rel=\"attachment wp-att-22029\"><img loading=\"lazy\" decoding=\"async\" class=\"alignleft wp-image-22029 size-full\" src=\"http:\/\/www2.comunitaria.com.br\/wp-content\/uploads\/2016\/09\/Lista-Pontos-de-Vota\u00e7\u00e3o.png\" alt=\"lista-pontos-de-votacao\" width=\"2492\" height=\"9690\" srcset=\"https:\/\/www2.comunitaria.com.br\/wp-content\/uploads\/2016\/09\/Lista-Pontos-de-Vota\u00e7\u00e3o.png 432w, https:\/\/www2.comunitaria.com.br\/wp-content\/uploads\/2016\/09\/Lista-Pontos-de-Vota\u00e7\u00e3o-77x300.png 77w, https:\/\/www2.comunitaria.com.br\/wp-content\/uploads\/2016\/09\/Lista-Pontos-de-Vota\u00e7\u00e3o-768x2986.png 768w, https:\/\/www2.comunitaria.com.br\/wp-content\/uploads\/2016\/09\/Lista-Pontos-de-Vota\u00e7\u00e3o-263x1024.png 263w\" sizes=\"auto, (max-width: 2492px) 100vw, 2492px\" \/><\/a><\/p>\n<p style=\"text-align: justify;\"><em>Foto: Divulga\u00e7\u00e3o<\/em><\/p>\n<p style=\"text-align: justify;\">","protected":false},"excerpt":{"rendered":"<p>No pr\u00f3ximo domingo, 2 de outubro, ocorre as\u00a0elei\u00e7\u00f5es municipais 2016 e Frederico Westphalen possui 24.736 eleitores aptos a votar. O munic\u00edpio conta com tr\u00eas chapas disputando o executivo: Marly Vendruscolo&#8230;<\/p>","protected":false},"author":2,"featured_media":22211,"comment_status":"open","ping_status":"closed","sticky":false,"template":"","format":"standard","meta":{"ngg_post_thumbnail":0,"footnotes":""},"categories":[3095,42,28,33,38],"tags":[1750,1944,82,1079,3220,851],"class_list":["post-22026","post","type-post","status-publish","format-standard","has-post-thumbnail","hentry","category-eleicoes-2016","category-fred-west","category-destaque","category-noticias","category-politica","tag-eleicoes","tag-eleicoes-2016","tag-frederico-westphalen","tag-politica","tag-sessoes","tag-votacao"],"amp_enabled":true,"_links":{"self":[{"href":"https:\/\/www2.comunitaria.com.br\/en\/wp-json\/wp\/v2\/posts\/22026","targetHints":{"allow":["GET"]}}],"collection":[{"href":"https:\/\/www2.comunitaria.com.br\/en\/wp-json\/wp\/v2\/posts"}],"about":[{"href":"https:\/\/www2.comunitaria.com.br\/en\/wp-json\/wp\/v2\/types\/post"}],"author":[{"embeddable":true,"href":"https:\/\/www2.comunitaria.com.br\/en\/wp-json\/wp\/v2\/users\/2"}],"replies":[{"embeddable":true,"href":"https:\/\/www2.comunitaria.com.br\/en\/wp-json\/wp\/v2\/comments?post=22026"}],"version-history":[{"count":0,"href":"https:\/\/www2.comunitaria.com.br\/en\/wp-json\/wp\/v2\/posts\/22026\/revisions"}],"wp:featuredmedia":[{"embeddable":true,"href":"https:\/\/www2.comunitaria.com.br\/en\/wp-json\/wp\/v2\/media\/22211"}],"wp:attachment":[{"href":"https:\/\/www2.comunitaria.com.br\/en\/wp-json\/wp\/v2\/media?parent=22026"}],"wp:term":[{"taxonomy":"category","embeddable":true,"href":"https:\/\/www2.comunitaria.com.br\/en\/wp-json\/wp\/v2\/categories?post=22026"},{"taxonomy":"post_tag","embeddable":true,"href":"https:\/\/www2.comunitaria.com.br\/en\/wp-json\/wp\/v2\/tags?post=22026"}],"curies":[{"name":"wp","href":"https:\/\/api.w.org\/{rel}","templated":true}]}}