{"id":2178,"date":"2015-01-27T17:35:56","date_gmt":"2015-01-27T19:35:56","guid":{"rendered":"http:\/\/www2.comunitaria.com.br\/?p=2178"},"modified":"2015-01-27T17:35:56","modified_gmt":"2015-01-27T19:35:56","slug":"acidente-entre-carro-e-onibus-deixa-quatro-feridos-em-palmeira-das-missoes","status":"publish","type":"post","link":"https:\/\/www2.comunitaria.com.br\/en\/acidente-entre-carro-e-onibus-deixa-quatro-feridos-em-palmeira-das-missoes\/","title":{"rendered":"Acidente entre carro e \u00f4nibus deixa quatro feridos em Palmeira das Miss\u00f5es"},"content":{"rendered":"<p style=\"text-align: justify;\">Na tarde dessa ter\u00e7a-feira, dia 27, \u00a0um grave acidente na RS 569\u00a0pr\u00f3ximo a divisa entre os munic\u00edpios de Novo Barreiro e Palmeira das Miss\u00f5es, deixou pelo menos quatro feridos.<\/p>\n<p style=\"text-align: justify;\">O a colis\u00e3o envolveu um gol, placas de Passo Fundo, que trafegava no sentido Palmeira das Miss\u00f5es\/Novo Barreiro, e um \u00f4nibus da empresa Helios que vinha no sentido contr\u00e1rio.<\/p>\n<p style=\"text-align: justify;\">De acordo com o comando Rodovi\u00e1rio da Brigada Militar, o gol teria aquaplanado, invadido a pista contraria e batido de frente com o coletivo.<\/p>\n<p style=\"text-align: justify;\">Os quatro ocupantes do gol sofreram ferimentos, foram atendidos e deslocados pelo SAMU para o Hospital de Caridade de Palmeira das Miss\u00f5es.\u00a0O motorista Jaderson Bueno de Lima, foi socorrido em estado grave.<\/p>\n<p style=\"text-align: justify;\">O motorista do \u00f4nibus e os nove passageiros n\u00e3o sofreram ferimentos.<\/p>\n<p style=\"text-align: justify;\"><a href=\"http:\/\/www2.comunitaria.com.br\/wp-content\/uploads\/2015\/01\/acidente-palmeira1.jpg\"><img loading=\"lazy\" decoding=\"async\" class=\"alignnone size-thumbnail wp-image-2180\" src=\"http:\/\/www2.comunitaria.com.br\/wp-content\/uploads\/2015\/01\/acidente-palmeira1-150x150.jpg\" alt=\"acidente palmeira\" width=\"150\" height=\"150\" srcset=\"https:\/\/www2.comunitaria.com.br\/wp-content\/uploads\/2015\/01\/acidente-palmeira1-150x150.jpg 150w, https:\/\/www2.comunitaria.com.br\/wp-content\/uploads\/2015\/01\/acidente-palmeira1-65x65.jpg 65w\" sizes=\"auto, (max-width: 150px) 100vw, 150px\" \/><\/a> <a href=\"http:\/\/www2.comunitaria.com.br\/wp-content\/uploads\/2015\/01\/acidente-palmeira-02.jpg\"><img loading=\"lazy\" decoding=\"async\" class=\"alignnone size-thumbnail wp-image-2181\" src=\"http:\/\/www2.comunitaria.com.br\/wp-content\/uploads\/2015\/01\/acidente-palmeira-02-150x150.jpg\" alt=\"acidente palmeira 02\" width=\"150\" height=\"150\" srcset=\"https:\/\/www2.comunitaria.com.br\/wp-content\/uploads\/2015\/01\/acidente-palmeira-02-150x150.jpg 150w, https:\/\/www2.comunitaria.com.br\/wp-content\/uploads\/2015\/01\/acidente-palmeira-02-65x65.jpg 65w\" sizes=\"auto, (max-width: 150px) 100vw, 150px\" \/><\/a> <a href=\"http:\/\/www2.comunitaria.com.br\/wp-content\/uploads\/2015\/01\/acidente-palmeira-03.jpg\"><img loading=\"lazy\" decoding=\"async\" class=\"alignnone size-thumbnail wp-image-2182\" src=\"http:\/\/www2.comunitaria.com.br\/wp-content\/uploads\/2015\/01\/acidente-palmeira-03-150x150.jpg\" alt=\"acidente palmeira 03\" width=\"150\" height=\"150\" srcset=\"https:\/\/www2.comunitaria.com.br\/wp-content\/uploads\/2015\/01\/acidente-palmeira-03-150x150.jpg 150w, https:\/\/www2.comunitaria.com.br\/wp-content\/uploads\/2015\/01\/acidente-palmeira-03-65x65.jpg 65w\" sizes=\"auto, (max-width: 150px) 100vw, 150px\" \/><\/a> <a href=\"http:\/\/www2.comunitaria.com.br\/wp-content\/uploads\/2015\/01\/Acidente6.jpg\"><img loading=\"lazy\" decoding=\"async\" class=\"alignnone size-thumbnail wp-image-2183\" src=\"http:\/\/www2.comunitaria.com.br\/wp-content\/uploads\/2015\/01\/Acidente6-150x150.jpg\" alt=\"Acidente6\" width=\"150\" height=\"150\" srcset=\"https:\/\/www2.comunitaria.com.br\/wp-content\/uploads\/2015\/01\/Acidente6-150x150.jpg 150w, https:\/\/www2.comunitaria.com.br\/wp-content\/uploads\/2015\/01\/Acidente6-65x65.jpg 65w\" sizes=\"auto, (max-width: 150px) 100vw, 150px\" \/><\/a><\/p>\n<h6 style=\"text-align: justify;\"><strong><em>Fotos: Di\u00e1rioRS<\/em><\/strong><\/h6>","protected":false},"excerpt":{"rendered":"<p>Na tarde dessa ter\u00e7a-feira, dia 27, \u00a0um grave acidente na RS 569\u00a0pr\u00f3ximo a divisa entre os munic\u00edpios de Novo Barreiro e Palmeira das Miss\u00f5es, deixou pelo menos quatro feridos. O&#8230;<\/p>","protected":false},"author":2,"featured_media":2179,"comment_status":"open","ping_status":"closed","sticky":false,"template":"","format":"standard","meta":{"ngg_post_thumbnail":0,"footnotes":""},"categories":[33,36,43],"tags":[96,339,202],"class_list":["post-2178","post","type-post","status-publish","format-standard","has-post-thumbnail","hentry","category-noticias","category-policia","category-regiao","tag-acidente","tag-onibus","tag-palmeira-das-missoes"],"amp_enabled":true,"_links":{"self":[{"href":"https:\/\/www2.comunitaria.com.br\/en\/wp-json\/wp\/v2\/posts\/2178","targetHints":{"allow":["GET"]}}],"collection":[{"href":"https:\/\/www2.comunitaria.com.br\/en\/wp-json\/wp\/v2\/posts"}],"about":[{"href":"https:\/\/www2.comunitaria.com.br\/en\/wp-json\/wp\/v2\/types\/post"}],"author":[{"embeddable":true,"href":"https:\/\/www2.comunitaria.com.br\/en\/wp-json\/wp\/v2\/users\/2"}],"replies":[{"embeddable":true,"href":"https:\/\/www2.comunitaria.com.br\/en\/wp-json\/wp\/v2\/comments?post=2178"}],"version-history":[{"count":0,"href":"https:\/\/www2.comunitaria.com.br\/en\/wp-json\/wp\/v2\/posts\/2178\/revisions"}],"wp:featuredmedia":[{"embeddable":true,"href":"https:\/\/www2.comunitaria.com.br\/en\/wp-json\/wp\/v2\/media\/2179"}],"wp:attachment":[{"href":"https:\/\/www2.comunitaria.com.br\/en\/wp-json\/wp\/v2\/media?parent=2178"}],"wp:term":[{"taxonomy":"category","embeddable":true,"href":"https:\/\/www2.comunitaria.com.br\/en\/wp-json\/wp\/v2\/categories?post=2178"},{"taxonomy":"post_tag","embeddable":true,"href":"https:\/\/www2.comunitaria.com.br\/en\/wp-json\/wp\/v2\/tags?post=2178"}],"curies":[{"name":"wp","href":"https:\/\/api.w.org\/{rel}","templated":true}]}}