{"id":2154,"date":"2015-01-26T16:09:29","date_gmt":"2015-01-26T18:09:29","guid":{"rendered":"http:\/\/www2.comunitaria.com.br\/?p=2154"},"modified":"2015-01-26T16:09:29","modified_gmt":"2015-01-26T18:09:29","slug":"sisu-confira-se-voce-esta-entre-os-aprovados","status":"publish","type":"post","link":"https:\/\/www2.comunitaria.com.br\/en\/sisu-confira-se-voce-esta-entre-os-aprovados\/","title":{"rendered":"Sisu: Confira se voc\u00ea esta entre os aprovados"},"content":{"rendered":"<p style=\"text-align: justify;\">O Minist\u00e9rio da Educa\u00e7\u00e3o (MEC) divulgou nesta segunda-feira a lista dos aprovados do Sistema de Sele\u00e7\u00e3o Unificada (Sisu) na p\u00e1gina do programa. Os candidatos selecionados devem procurar a institui\u00e7\u00e3o de ensino para fazer a matr\u00edcula nos dias 30 de janeiro, 2 e 3 de fevereiro.\u00a0O curso mais procurado em 2015 foi o do Administra\u00e7\u00e3o. Em seguida, aparecem Direito e Medicina. No total, 2.791.334 candidatos se inscreveram no sistema.<\/p>\n<p>\u2022 <b><a href=\"http:\/\/sisu.mec.gov.br\/selecionados\" target=\"_blank\">Confira os aprovados<\/a><\/b><\/p>\n<p>Neste ano, haver\u00e1 apenas uma chamada. Os candidatos que n\u00e3o foram selecionados poder\u00e3o participar da lista de espera, tamb\u00e9m a partir de hoje, na p\u00e1gina do Sisu. O prazo para que isso seja feito \u00e9 at\u00e9 o dia 6 de fevereiro. O estudante somente poder\u00e1 manifestar interesse na lista de espera para o curso correspondente \u00e0 sua primeira op\u00e7\u00e3o.<\/p>\n<p style=\"text-align: justify;\">\nOs candidatos em lista de espera dever\u00e3o procurar as institui\u00e7\u00f5es de ensino a partir do dia 11 de fevereiro para acompanhar o processo de sele\u00e7\u00e3o.<\/p>\n<p>O Sisu oferece vagas em institui\u00e7\u00f5es p\u00fablicas de ensino superior. Para concorrer, \u00e9 preciso ter feito o Enem em 2014 e n\u00e3o ter tirado 0 na reda\u00e7\u00e3o. Nesta primeira edi\u00e7\u00e3o de 2015, o Sisu oferece 205.514 vagas em 5.631 cursos em 128 institui\u00e7\u00f5es.<\/p>","protected":false},"excerpt":{"rendered":"<p>O Minist\u00e9rio da Educa\u00e7\u00e3o (MEC) divulgou nesta segunda-feira a lista dos aprovados do Sistema de Sele\u00e7\u00e3o Unificada (Sisu) na p\u00e1gina do programa. Os candidatos selecionados devem procurar a institui\u00e7\u00e3o de&#8230;<\/p>","protected":false},"author":2,"featured_media":2039,"comment_status":"open","ping_status":"closed","sticky":false,"template":"","format":"standard","meta":{"ngg_post_thumbnail":0,"footnotes":""},"categories":[44,28,33],"tags":[645,644,582],"class_list":["post-2154","post","type-post","status-publish","format-standard","has-post-thumbnail","hentry","category-educacao","category-destaque","category-noticias","tag-aprovados","tag-mec","tag-sisu"],"amp_enabled":true,"_links":{"self":[{"href":"https:\/\/www2.comunitaria.com.br\/en\/wp-json\/wp\/v2\/posts\/2154","targetHints":{"allow":["GET"]}}],"collection":[{"href":"https:\/\/www2.comunitaria.com.br\/en\/wp-json\/wp\/v2\/posts"}],"about":[{"href":"https:\/\/www2.comunitaria.com.br\/en\/wp-json\/wp\/v2\/types\/post"}],"author":[{"embeddable":true,"href":"https:\/\/www2.comunitaria.com.br\/en\/wp-json\/wp\/v2\/users\/2"}],"replies":[{"embeddable":true,"href":"https:\/\/www2.comunitaria.com.br\/en\/wp-json\/wp\/v2\/comments?post=2154"}],"version-history":[{"count":0,"href":"https:\/\/www2.comunitaria.com.br\/en\/wp-json\/wp\/v2\/posts\/2154\/revisions"}],"wp:featuredmedia":[{"embeddable":true,"href":"https:\/\/www2.comunitaria.com.br\/en\/wp-json\/wp\/v2\/media\/2039"}],"wp:attachment":[{"href":"https:\/\/www2.comunitaria.com.br\/en\/wp-json\/wp\/v2\/media?parent=2154"}],"wp:term":[{"taxonomy":"category","embeddable":true,"href":"https:\/\/www2.comunitaria.com.br\/en\/wp-json\/wp\/v2\/categories?post=2154"},{"taxonomy":"post_tag","embeddable":true,"href":"https:\/\/www2.comunitaria.com.br\/en\/wp-json\/wp\/v2\/tags?post=2154"}],"curies":[{"name":"wp","href":"https:\/\/api.w.org\/{rel}","templated":true}]}}