{"id":21281,"date":"2016-09-01T16:10:23","date_gmt":"2016-09-01T18:10:23","guid":{"rendered":"http:\/\/www2.comunitaria.com.br\/?p=21281"},"modified":"2016-09-01T16:12:43","modified_gmt":"2016-09-01T18:12:43","slug":"cinco-frederiquenses-sao-sorteados-na-nota-fiscal-gaucha","status":"publish","type":"post","link":"https:\/\/www2.comunitaria.com.br\/en\/cinco-frederiquenses-sao-sorteados-na-nota-fiscal-gaucha\/","title":{"rendered":"Cinco Frederiquenses s\u00e3o sorteados na Nota Fiscal Ga\u00facha"},"content":{"rendered":"<p>Saiu mais um pr\u00eamio da Nota Fiscal Ga\u00facha. O grande vencedor deste sorteio \u00e9 da cidade de Taquara e vai ganhar R$ 50 mil.<\/p>\n<p>Outras mil pessoas tamb\u00e9m foram contempladas, com premios de R$ 200 e R$ 1.000 Confira o resultado e boa sorte: <a href=\"http:\/\/goo.gl\/EuyJDy\" target=\"_blank\" rel=\"nofollow\">http:\/\/goo.gl\/EuyJDy<\/a><\/p>\n<p>De Frederico Westphalen foram cinco sorteados:<\/p>\n<p>Ademar Cheffer<\/p>\n<p>Elisiane Terezinha Turquetto<\/p>\n<p>Estevo Mateus Olesiak<\/p>\n<p>Naiara Risson<\/p>\n<p>Rafael Maciel Vaz<\/p>","protected":false},"excerpt":{"rendered":"<p>Saiu mais um pr\u00eamio da Nota Fiscal Ga\u00facha. O grande vencedor deste sorteio \u00e9 da cidade de Taquara e vai ganhar R$ 50 mil. Outras mil pessoas tamb\u00e9m foram contempladas, com premios de R$ 200 e R$ 1.000 Confira o resultado e boa sorte: http:\/\/goo.gl\/EuyJDy De Frederico Westphalen foram cinco sorteados: Ademar Cheffer Elisiane Terezinha<\/p>\n<div class=\"read-more-wrapper\"><a class=\"read-more\" href=\"https:\/\/www2.comunitaria.com.br\/en\/cinco-frederiquenses-sao-sorteados-na-nota-fiscal-gaucha\/\" title=\"Read More\"> <span class=\"button\">Read More<\/span><\/a><\/div>","protected":false},"author":2,"featured_media":21282,"comment_status":"open","ping_status":"closed","sticky":false,"template":"","format":"standard","meta":{"ngg_post_thumbnail":0,"footnotes":""},"categories":[42,33],"tags":[],"class_list":["post-21281","post","type-post","status-publish","format-standard","has-post-thumbnail","hentry","category-fred-west","category-noticias"],"amp_enabled":true,"_links":{"self":[{"href":"https:\/\/www2.comunitaria.com.br\/en\/wp-json\/wp\/v2\/posts\/21281","targetHints":{"allow":["GET"]}}],"collection":[{"href":"https:\/\/www2.comunitaria.com.br\/en\/wp-json\/wp\/v2\/posts"}],"about":[{"href":"https:\/\/www2.comunitaria.com.br\/en\/wp-json\/wp\/v2\/types\/post"}],"author":[{"embeddable":true,"href":"https:\/\/www2.comunitaria.com.br\/en\/wp-json\/wp\/v2\/users\/2"}],"replies":[{"embeddable":true,"href":"https:\/\/www2.comunitaria.com.br\/en\/wp-json\/wp\/v2\/comments?post=21281"}],"version-history":[{"count":0,"href":"https:\/\/www2.comunitaria.com.br\/en\/wp-json\/wp\/v2\/posts\/21281\/revisions"}],"wp:featuredmedia":[{"embeddable":true,"href":"https:\/\/www2.comunitaria.com.br\/en\/wp-json\/wp\/v2\/media\/21282"}],"wp:attachment":[{"href":"https:\/\/www2.comunitaria.com.br\/en\/wp-json\/wp\/v2\/media?parent=21281"}],"wp:term":[{"taxonomy":"category","embeddable":true,"href":"https:\/\/www2.comunitaria.com.br\/en\/wp-json\/wp\/v2\/categories?post=21281"},{"taxonomy":"post_tag","embeddable":true,"href":"https:\/\/www2.comunitaria.com.br\/en\/wp-json\/wp\/v2\/tags?post=21281"}],"curies":[{"name":"wp","href":"https:\/\/api.w.org\/{rel}","templated":true}]}}