{"id":20918,"date":"2016-08-15T10:52:01","date_gmt":"2016-08-15T12:52:01","guid":{"rendered":"http:\/\/www2.comunitaria.com.br\/?p=20918"},"modified":"2016-08-15T10:53:43","modified_gmt":"2016-08-15T12:53:43","slug":"campanhas-eleitorais-para-prefeito-e-vereador-iniciam-nesta-terca-feira","status":"publish","type":"post","link":"https:\/\/www2.comunitaria.com.br\/en\/campanhas-eleitorais-para-prefeito-e-vereador-iniciam-nesta-terca-feira\/","title":{"rendered":"Campanhas eleitorais para prefeito e vereador iniciam nesta ter\u00e7a-feira"},"content":{"rendered":"<p style=\"text-align: justify;\">A partir desta ter\u00e7a-feira, 16, candidatos a prefeito e a vereador estar\u00e3o oficialmente em campanha eleitoral. At\u00e9 o dia 1\u00b0 de outubro, v\u00e9spera da vota\u00e7\u00e3o, os candidatos est\u00e3o autorizados a divulgar suas campanhas, mas devem ficar atentos \u00e0s restri\u00e7\u00f5es impostas pela legisla\u00e7\u00e3o eleitoral.<\/p>\n<p style=\"text-align: justify;\">As regras para a propaganda est\u00e3o dispostas na resolu\u00e7\u00e3o 23.457\/2015, do Tribunal Superior Eleitoral (TSE), que tamb\u00e9m trata do hor\u00e1rio gratuito no r\u00e1dio e na TV, que se inicia em 26 de agosto, e das condutas il\u00edcitas na campanha. As puni\u00e7\u00f5es para quem cometer irregularidades v\u00e3o de multa at\u00e9 deten\u00e7\u00e3o.<\/p>\n<p style=\"text-align: justify;\">\u00c9 permitido fazer propaganda eleitoral na Internet, em sites do candidato, do partido ou coliga\u00e7\u00e3o. O uso de blogs, redes sociais, sites de mensagens instant\u00e2neas e assemelhados tamb\u00e9m est\u00e1 autorizado. \u00c9 proibida a propaganda paga na Internet.<\/p>\n<p style=\"text-align: justify;\">Os candidatos podem fazer an\u00fancios pagos na imprensa escrita, com a respectiva reprodu\u00e7\u00e3o na Internet, de at\u00e9 10 an\u00fancios de propaganda eleitoral em datas diversas, por ve\u00edculo, no espa\u00e7o m\u00e1ximo por edi\u00e7\u00e3o, para cada candidato, partido ou coliga\u00e7\u00e3o, de 1\/8 de p\u00e1gina de jornal padr\u00e3o e 1\/4 de p\u00e1gina de revista ou tabloide.<\/p>\n<p style=\"text-align: justify;\">\u00c9 proibida picha\u00e7\u00e3o, inscri\u00e7\u00e3o a tinta, coloca\u00e7\u00e3o de placas, faixas, estandartes, cavaletes, bonecos e assemelhados em bens do poder p\u00fablico. A proibi\u00e7\u00e3o se estende aos bens de uso comum, inclusive postes de ilumina\u00e7\u00e3o p\u00fablica, sinaliza\u00e7\u00e3o de tr\u00e1fego, viadutos, passarelas, pontes, paradas de \u00f4nibus e outros equipamentos urbanos.<\/p>\n<p style=\"text-align: justify;\"><strong>Termina hoje prazo para registro<\/strong><\/p>\n<p style=\"text-align: justify;\">Os partidos pol\u00edticos e as coliga\u00e7\u00f5es t\u00eam at\u00e9 esta segunda-feira, 15, para apresentar o pedido de registro de candidatura dos escolhidos nas conven\u00e7\u00f5es para concorrer \u00e0s elei\u00e7\u00f5es municipais deste ano. O pedido para o registro deve ser apresentado at\u00e9 as 19h. No final da tarde de ontem, o Sistema de Divulga\u00e7\u00e3o de Candidaturas e Contas Eleitorais mostrava o registro de 4.500 candidatos ao cargo de prefeito, 4.459 ao de vice-prefeito e 117.764 ao de vereador em todo o pa\u00eds. Os n\u00fameros podem ser acompanhados pelo site do Tribunal Superior Eleitoral (TSE).<\/p>\n<p style=\"text-align: justify;\">Segundo o sistema do TSE, a um dia do fim do prazo para o registro das candidaturas, no Rio Grande do Sul, 745 candidatos a prefeito haviam se inscrito na disputa, al\u00e9m de 15.401 pretendentes a um cargo de vereador. A estimativa da Justi\u00e7a Eleitoral \u00e9 de que o n\u00famero de candidatos participantes das elei\u00e7\u00f5es municipais deste ano fique entre 530 mil e 580 mil em todo o pa\u00eds.<\/p>\n<p style=\"text-align: justify;\">At\u00e9 o momento, a Regi\u00e3o Nordeste aparece em primeiro lugar no total de candidatos registrados para o cargo de prefeito. Em segundo lugar, est\u00e1 o Sul, seguido de Sudeste, Centro-Oeste e Norte. Para o cargo de vereador, o Sudeste tem a maior quantidade de candidatos registrados, enquanto a menor est\u00e1 no Centro-Oeste.<\/p>\n<p style=\"text-align: justify;\"><strong>Disputa eleitoral em Frederico Westphalen\u00a0<\/strong><\/p>\n<p style=\"text-align: justify;\">Com 24.736 eleitores aptos \u00e0 votar nestas elei\u00e7\u00f5es municipais, Frederico Westphalen conta com tr\u00eas chapas disputando o executivo, al\u00e9m dos candidatos \u00e0 vereador. Pelo Partido dos Trabalhadores,\u00a0Paulo Vargas Groff foi o nome anunciado para prefeito e Chana Beltramin Denti para vice-prefeita. O partido n\u00e3o fez coliga\u00e7\u00f5es e conta com cinco candidatos \u00e0 vereador.<\/p>\n<p style=\"text-align: justify;\">\u00a0O Partido Progressista (PP), definiu como candidata \u00e0 prefeita a ex Secret\u00e1ria de Sa\u00fade, Marly Vendruscolo, e como candidato a vice, Juliano Razia. O\u00a0PP\u00a0fez coliga\u00e7\u00e3o com mais sete partidos para o lan\u00e7amento da candidatura dos vereadores.<\/p>\n<p style=\"text-align: justify;\">O\u00a0Partido do Movimento Democr\u00e1tico Brasileiro (PMDB) definiu o nome de\u00a0Jos\u00e9 Alberto Panosso, candidato \u00e0 prefeito, e de Diogo Jos\u00e9 Duarte, candidato a vice-prefeito do munic\u00edpio. O PMDB\u00a0se coligou com mais tr\u00eas partidos.<\/p>\n<p style=\"text-align: justify;\">Confira <a href=\"http:\/\/www2.comunitaria.com.br\/en\/eleicoes-2016-definidos-os-candidatos-ao-eexecutivo-e-legislativo-de-fw\/\" target=\"_blank\">CLICANDO AQUI<\/a> quem s\u00e3o os candidatos disputando o legislativo de\u00a0Frederico Westphalen.<\/p>\n<p style=\"text-align: justify;\"><em><strong>Com informa\u00e7\u00f5es: CP<\/strong><\/em><\/p>","protected":false},"excerpt":{"rendered":"<p>A partir desta ter\u00e7a-feira, 16, candidatos a prefeito e a vereador estar\u00e3o oficialmente em campanha eleitoral. At\u00e9 o dia 1\u00b0 de outubro, v\u00e9spera da vota\u00e7\u00e3o, os candidatos est\u00e3o autorizados a&#8230;<\/p>","protected":false},"author":2,"featured_media":20920,"comment_status":"open","ping_status":"closed","sticky":false,"template":"","format":"standard","meta":{"ngg_post_thumbnail":0,"footnotes":""},"categories":[47,3095,33,38],"tags":[3157,1750,1944,1079],"class_list":["post-20918","post","type-post","status-publish","format-standard","has-post-thumbnail","hentry","category-brasil","category-eleicoes-2016","category-noticias","category-politica","tag-campanha-eleitoral","tag-eleicoes","tag-eleicoes-2016","tag-politica"],"amp_enabled":true,"_links":{"self":[{"href":"https:\/\/www2.comunitaria.com.br\/en\/wp-json\/wp\/v2\/posts\/20918","targetHints":{"allow":["GET"]}}],"collection":[{"href":"https:\/\/www2.comunitaria.com.br\/en\/wp-json\/wp\/v2\/posts"}],"about":[{"href":"https:\/\/www2.comunitaria.com.br\/en\/wp-json\/wp\/v2\/types\/post"}],"author":[{"embeddable":true,"href":"https:\/\/www2.comunitaria.com.br\/en\/wp-json\/wp\/v2\/users\/2"}],"replies":[{"embeddable":true,"href":"https:\/\/www2.comunitaria.com.br\/en\/wp-json\/wp\/v2\/comments?post=20918"}],"version-history":[{"count":0,"href":"https:\/\/www2.comunitaria.com.br\/en\/wp-json\/wp\/v2\/posts\/20918\/revisions"}],"wp:featuredmedia":[{"embeddable":true,"href":"https:\/\/www2.comunitaria.com.br\/en\/wp-json\/wp\/v2\/media\/20920"}],"wp:attachment":[{"href":"https:\/\/www2.comunitaria.com.br\/en\/wp-json\/wp\/v2\/media?parent=20918"}],"wp:term":[{"taxonomy":"category","embeddable":true,"href":"https:\/\/www2.comunitaria.com.br\/en\/wp-json\/wp\/v2\/categories?post=20918"},{"taxonomy":"post_tag","embeddable":true,"href":"https:\/\/www2.comunitaria.com.br\/en\/wp-json\/wp\/v2\/tags?post=20918"}],"curies":[{"name":"wp","href":"https:\/\/api.w.org\/{rel}","templated":true}]}}