{"id":20842,"date":"2016-08-09T17:45:23","date_gmt":"2016-08-09T19:45:23","guid":{"rendered":"http:\/\/www2.comunitaria.com.br\/?p=20842"},"modified":"2016-08-09T17:45:23","modified_gmt":"2016-08-09T19:45:23","slug":"projeto-entre-linhas-promove-mostra-de-cinema-nesta-quarta-feira-na-ufsmfw","status":"publish","type":"post","link":"https:\/\/www2.comunitaria.com.br\/en\/projeto-entre-linhas-promove-mostra-de-cinema-nesta-quarta-feira-na-ufsmfw\/","title":{"rendered":"Projeto Entre Linhas promove Mostra de Cinema nesta quarta-feira na UFSM\/FW"},"content":{"rendered":"<p style=\"text-align: justify;\">Durante a tarde desta quarta-feira, 10, integrantes do Projeto V\u00eddeo Entre-Linhas da Universidade Federal de Santa Maria, campus Frederico Westphalen (UFSM\/FW), promovem a 15\u00aa Mostra Cineclubes Livres. O evento tem o objetivo de levar \u00e0 comunidade acad\u00eamica\u00a0produ\u00e7\u00f5es cinematogr\u00e1ficas independentes envolvendo o cen\u00e1rio brasileiro e suas diversas culturas. A\u00a0mostra ter\u00e1 tr\u00eas curtas da Sess\u00e3o Premiados I. Confira:<\/p>\n<p style=\"text-align: justify;\"><strong>Subsolos &#8211;<\/strong> Um solit\u00e1rio porteiro de uma mineradora vaga entre fun\u00e7\u00f5es e as oportunidades de trabalho dentro da ind\u00fastria, enquanto uma mulher que mora na fronteira com uma cava de minera\u00e7\u00e3o. Por causa do crescimento da cava, Rita \u00e9 a \u00faltima moradora que resiste ao fim do bairro e sobrevive em me<span class=\"text_exposed_show\">io \u00e0s ru\u00ednas. Romulo, perdido entre grandes paisagens entr\u00f3picas e produtivas, decide seguir com o min\u00e9rio rumo a outro continente.<br \/>\nDire\u00e7\u00e3o: Simone Cortez\u00e3o<br \/>\nDura\u00e7\u00e3o: 33min<br \/>\nUF\/Ano: MG\/2015<\/span><\/p>\n<div class=\"text_exposed_show\" style=\"text-align: justify;\">\n<p><strong>Ruby &#8211;<\/strong> \u00c9 um curta-metragem em formato documental, que mescla simulacro e fic\u00e7\u00e3o. Ruby \u00e9 um pintor outsider que vive sozinho em uma casa pr\u00f3xima \u00e0 praia. Trabalha com tem\u00e1ticas de natureza: bot\u00e2nica, animais e tamb\u00e9m retratos, em um estilo naif. O filme tem a inten\u00e7\u00e3o de apresentar um universo sens\u00edvel-subjetivo do artista, com suas inspira\u00e7\u00f5es e fragilidades.<br \/>\nDire\u00e7\u00e3o: Guilherme Soster, Jorge Loureiro, Luciano Scherer<br \/>\nDire\u00e7\u00e3o de Arte: Guilherme Soster, Jorge Loureiro,Luciano Scherer<br \/>\nCinematografia: Guilherme Soster, Jorge Loureiro<br \/>\nMontagem: Luciano Scherer, Diego Esposito<br \/>\nEdi\u00e7\u00e3o de som: Guilherme Soster<\/p>\n<p><strong>Carruagem Rajante &#8211;<\/strong> \u201cEnquanto a estrada se transforma, ele tamb\u00e9m, criando uma brisa que se espalha.\u201d<br \/>\nDire\u00e7\u00e3o: L\u00edvia de Paiva e Jorge Polo<br \/>\nDura\u00e7\u00e3o: 22min<br \/>\nUF\/Ano: RJ\/2016<br \/>\nClassifica\u00e7\u00e3o Indicativa: 12 anos<br \/>\nEquipe: Fotografia, Som e Montagem: Jorge Polo e L\u00edvia de Paiva<\/p>\n<\/div>\n<p style=\"text-align: justify;\">A mostra ter\u00e1 in\u00edcio \u00e0s 13h30 no Centro de Conviv\u00eancia da Universidade.<\/p>","protected":false},"excerpt":{"rendered":"<p>Durante a tarde desta quarta-feira, 10, integrantes do Projeto V\u00eddeo Entre-Linhas da Universidade Federal de Santa Maria, campus Frederico Westphalen (UFSM\/FW), promovem a 15\u00aa Mostra Cineclubes Livres. O evento tem&#8230;<\/p>","protected":false},"author":2,"featured_media":20843,"comment_status":"open","ping_status":"closed","sticky":false,"template":"","format":"standard","meta":{"ngg_post_thumbnail":0,"footnotes":""},"categories":[44,42,33,35],"tags":[413,2983,82,1052,117,148,1165],"class_list":["post-20842","post","type-post","status-publish","format-standard","has-post-thumbnail","hentry","category-educacao","category-fred-west","category-noticias","category-variedades","tag-educacao-2","tag-entre-linhas","tag-frederico-westphalen","tag-mostra","tag-projeto","tag-ufsm","tag-variedades"],"amp_enabled":true,"_links":{"self":[{"href":"https:\/\/www2.comunitaria.com.br\/en\/wp-json\/wp\/v2\/posts\/20842","targetHints":{"allow":["GET"]}}],"collection":[{"href":"https:\/\/www2.comunitaria.com.br\/en\/wp-json\/wp\/v2\/posts"}],"about":[{"href":"https:\/\/www2.comunitaria.com.br\/en\/wp-json\/wp\/v2\/types\/post"}],"author":[{"embeddable":true,"href":"https:\/\/www2.comunitaria.com.br\/en\/wp-json\/wp\/v2\/users\/2"}],"replies":[{"embeddable":true,"href":"https:\/\/www2.comunitaria.com.br\/en\/wp-json\/wp\/v2\/comments?post=20842"}],"version-history":[{"count":0,"href":"https:\/\/www2.comunitaria.com.br\/en\/wp-json\/wp\/v2\/posts\/20842\/revisions"}],"wp:featuredmedia":[{"embeddable":true,"href":"https:\/\/www2.comunitaria.com.br\/en\/wp-json\/wp\/v2\/media\/20843"}],"wp:attachment":[{"href":"https:\/\/www2.comunitaria.com.br\/en\/wp-json\/wp\/v2\/media?parent=20842"}],"wp:term":[{"taxonomy":"category","embeddable":true,"href":"https:\/\/www2.comunitaria.com.br\/en\/wp-json\/wp\/v2\/categories?post=20842"},{"taxonomy":"post_tag","embeddable":true,"href":"https:\/\/www2.comunitaria.com.br\/en\/wp-json\/wp\/v2\/tags?post=20842"}],"curies":[{"name":"wp","href":"https:\/\/api.w.org\/{rel}","templated":true}]}}