{"id":2082,"date":"2015-01-20T14:31:49","date_gmt":"2015-01-20T16:31:49","guid":{"rendered":"http:\/\/www2.comunitaria.com.br\/?p=2082"},"modified":"2015-01-20T14:31:49","modified_gmt":"2015-01-20T16:31:49","slug":"governador-sartori-volta-atras-e-abre-mao-de-reajuste-salarial","status":"publish","type":"post","link":"https:\/\/www2.comunitaria.com.br\/en\/governador-sartori-volta-atras-e-abre-mao-de-reajuste-salarial\/","title":{"rendered":"Governador Sartori volta atr\u00e1s e abre m\u00e3o de reajuste salarial"},"content":{"rendered":"<!--[if lt IE 9]><script>document.createElement('audio');<\/script><![endif]-->\n<audio class=\"wp-audio-shortcode\" id=\"audio-2082-1\" preload=\"none\" style=\"width: 100%;\" controls=\"controls\"><source type=\"audio\/mpeg\" src=\"http:\/\/www2.comunitaria.com.br\/wp-content\/uploads\/2015\/01\/Radio-Web-l3.mp3?_=1\" \/><a href=\"http:\/\/www2.comunitaria.com.br\/wp-content\/uploads\/2015\/01\/Radio-Web-l3.mp3\">http:\/\/www2.comunitaria.com.br\/wp-content\/uploads\/2015\/01\/Radio-Web-l3.mp3<\/a><\/audio>\n<p>O governador do Rio Grande do Sul, Jos\u00e9 Ivo Sartori (PMDB) anunciou nesta segunda-feira (19) que ele e seu vice, Jos\u00e9 Paulo Cairoli (PSD) abrem m\u00e3o do reajuste salarial, sancionado pelo pr\u00f3prio na \u00faltima sexta-feira (16). O governador foi alvo de cr\u00edticas e press\u00e3o popular desde que os novos valores foram publicados no Di\u00e1rio Oficial.<\/p>\n<p>A decis\u00e3o n\u00e3o afeta os secret\u00e1rios, deputados nem membros do Judici\u00e1rio, do Minist\u00e9rio P\u00fablico, do Tribunal de Contas do Estado e da Defensoria P\u00fablica.<\/p>\n<p>Em coletiva, Sartori disse ter levado em conta a opini\u00e3o p\u00fablica e as pessoas com quem ele convive, que \u201cconhecem as dificuldades financeiras do Estado\u201d. \u201cAcho que quem mais erra \u00e9 que n\u00e3o tem humildade de eventualmente voltar atr\u00e1s. O recuo, eu julgo importante em termos de preserva\u00e7\u00e3o da realidade\u201d, afirmou. De acordo com ele, a decis\u00e3o \u00e9 pessoal dele e do vice-governador. \u201cAcredito que ouvi a voz dos ga\u00fachos\u201d, proferiu.<\/p>\n<p>Sartori disse que sancionou o projeto pensando em \u201cmanter a harmonia e preservar a autonomia dos outros poderes\u201d, visto que havia sido aprovado pela Assembleia. Ele disse ter ficado \u201cmuito em d\u00favida\u201d sobre a decis\u00e3o. \u201cPoderia ter vetado, poderia ter silenciado, mas achei melhor e mais conveniente a\u00a0atitude do que foi aprovado ser sancionado, porque envolvia inclusive outros poderes no mesmo projeto de lei\u201d, observou.<\/p>\n<p>Sobre a formaliza\u00e7\u00e3o da mudan\u00e7a, o governador demonstrou\u00a0ainda n\u00e3o ter certeza de como isso se dar\u00e1. \u201cVoc\u00eas v\u00e3o tomar conhecimento porque \u00e9 um ato \u00fanico e exclusivo de forma pessoal. Estamos encaminhando para a secretaria da Fazenda e a Casa Civil, que vai encontrar o melhor caminho para resolver isso e evidentemente ser\u00e1 publicado no Di\u00e1rio Oficial\u201d, afirmou.<\/p>\n<p>Na sexta-feira,\u00a0Sartori sancionou o PL\u00a0que reajustaria seu sal\u00e1rio para R$ 25.322, 25. Com o recuo, o valor permanece nos R$ 17.347,14 que vigoraram durante o governo de Tarso Genro (PT). O sal\u00e1rio dos deputados ficar\u00e1\u00a0em R$ 25.322, 25, sendo agora maior do que o do governador, e o dos secret\u00e1rios em R$ 18.991,69.<\/p>","protected":false},"excerpt":{"rendered":"<p>O governador do Rio Grande do Sul, Jos\u00e9 Ivo Sartori (PMDB) anunciou nesta segunda-feira (19) que ele e seu vice, Jos\u00e9 Paulo Cairoli (PSD) abrem m\u00e3o do reajuste salarial, sancionado pelo pr\u00f3prio na \u00faltima sexta-feira (16). O governador foi alvo de cr\u00edticas e press\u00e3o popular desde que os novos valores foram publicados no Di\u00e1rio Oficial.<\/p>\n<div class=\"read-more-wrapper\"><a class=\"read-more\" href=\"https:\/\/www2.comunitaria.com.br\/en\/governador-sartori-volta-atras-e-abre-mao-de-reajuste-salarial\/\" title=\"Read More\"> <span class=\"button\">Read More<\/span><\/a><\/div>","protected":false},"author":2,"featured_media":2084,"comment_status":"open","ping_status":"closed","sticky":false,"template":"","format":"standard","meta":{"ngg_post_thumbnail":0,"footnotes":""},"categories":[51,39,46,33,38],"tags":[206,300,102],"class_list":["post-2082","post","type-post","status-publish","format-standard","has-post-thumbnail","hentry","category-audio","category-economia","category-estado","category-noticias","category-politica","tag-governo","tag-rs","tag-sartori"],"amp_enabled":true,"_links":{"self":[{"href":"https:\/\/www2.comunitaria.com.br\/en\/wp-json\/wp\/v2\/posts\/2082","targetHints":{"allow":["GET"]}}],"collection":[{"href":"https:\/\/www2.comunitaria.com.br\/en\/wp-json\/wp\/v2\/posts"}],"about":[{"href":"https:\/\/www2.comunitaria.com.br\/en\/wp-json\/wp\/v2\/types\/post"}],"author":[{"embeddable":true,"href":"https:\/\/www2.comunitaria.com.br\/en\/wp-json\/wp\/v2\/users\/2"}],"replies":[{"embeddable":true,"href":"https:\/\/www2.comunitaria.com.br\/en\/wp-json\/wp\/v2\/comments?post=2082"}],"version-history":[{"count":0,"href":"https:\/\/www2.comunitaria.com.br\/en\/wp-json\/wp\/v2\/posts\/2082\/revisions"}],"wp:featuredmedia":[{"embeddable":true,"href":"https:\/\/www2.comunitaria.com.br\/en\/wp-json\/wp\/v2\/media\/2084"}],"wp:attachment":[{"href":"https:\/\/www2.comunitaria.com.br\/en\/wp-json\/wp\/v2\/media?parent=2082"}],"wp:term":[{"taxonomy":"category","embeddable":true,"href":"https:\/\/www2.comunitaria.com.br\/en\/wp-json\/wp\/v2\/categories?post=2082"},{"taxonomy":"post_tag","embeddable":true,"href":"https:\/\/www2.comunitaria.com.br\/en\/wp-json\/wp\/v2\/tags?post=2082"}],"curies":[{"name":"wp","href":"https:\/\/api.w.org\/{rel}","templated":true}]}}