{"id":20792,"date":"2016-08-08T00:06:13","date_gmt":"2016-08-08T02:06:13","guid":{"rendered":"http:\/\/www2.comunitaria.com.br\/?p=20792"},"modified":"2016-08-08T00:07:10","modified_gmt":"2016-08-08T02:07:10","slug":"residencia-e-destruida-por-incendio-em-ametista-do-sul","status":"publish","type":"post","link":"https:\/\/www2.comunitaria.com.br\/en\/residencia-e-destruida-por-incendio-em-ametista-do-sul\/","title":{"rendered":"Resid\u00eancia \u00e9 destru\u00edda por inc\u00eandio em Ametista do Sul"},"content":{"rendered":"<p style=\"text-align: justify;\">Na madrugada de s\u00e1bado, 6, uma resid\u00eancia localizada na Linha Alta, interior de Ametista de Sul, foi totalmente consumida pelo fogo. As causas do inc\u00eandio ainda s\u00e3o desconhecidas e est\u00e3o sendo investigadas pela pol\u00edcia. Ningu\u00e9m se feriu.<\/p>\n<p style=\"text-align: justify;\">A fam\u00edlia que residia na casa teve perda total dos bens e necessitam de ajuda. Interessados em contribuir com roupas, m\u00f3veis e alimentos podem entrar em contato atrav\u00e9s dos telefones\u00a0(55) 9722-8852 e (55) 9718-0079.<\/p>\n<p style=\"text-align: justify;\"><strong>Foto: Divulga\u00e7\u00e3o\/InfocoRS<\/strong><\/p>","protected":false},"excerpt":{"rendered":"<p>Na madrugada de s\u00e1bado, 6, uma resid\u00eancia localizada na Linha Alta, interior de Ametista de Sul, foi totalmente consumida pelo fogo. As causas do inc\u00eandio ainda s\u00e3o desconhecidas e est\u00e3o sendo investigadas pela pol\u00edcia. Ningu\u00e9m se feriu. A fam\u00edlia que residia na casa teve perda total dos bens e necessitam de ajuda. Interessados em contribuir<\/p>\n<div class=\"read-more-wrapper\"><a class=\"read-more\" href=\"https:\/\/www2.comunitaria.com.br\/en\/residencia-e-destruida-por-incendio-em-ametista-do-sul\/\" title=\"Read More\"> <span class=\"button\">Read More<\/span><\/a><\/div>","protected":false},"author":2,"featured_media":20794,"comment_status":"open","ping_status":"closed","sticky":false,"template":"","format":"standard","meta":{"ngg_post_thumbnail":0,"footnotes":""},"categories":[33,36,43],"tags":[234,641,2998,177,86],"class_list":["post-20792","post","type-post","status-publish","format-standard","has-post-thumbnail","hentry","category-noticias","category-policia","category-regiao","tag-ametista-do-sul","tag-incendio","tag-noticia","tag-policia-2","tag-regiao-2"],"amp_enabled":true,"_links":{"self":[{"href":"https:\/\/www2.comunitaria.com.br\/en\/wp-json\/wp\/v2\/posts\/20792","targetHints":{"allow":["GET"]}}],"collection":[{"href":"https:\/\/www2.comunitaria.com.br\/en\/wp-json\/wp\/v2\/posts"}],"about":[{"href":"https:\/\/www2.comunitaria.com.br\/en\/wp-json\/wp\/v2\/types\/post"}],"author":[{"embeddable":true,"href":"https:\/\/www2.comunitaria.com.br\/en\/wp-json\/wp\/v2\/users\/2"}],"replies":[{"embeddable":true,"href":"https:\/\/www2.comunitaria.com.br\/en\/wp-json\/wp\/v2\/comments?post=20792"}],"version-history":[{"count":0,"href":"https:\/\/www2.comunitaria.com.br\/en\/wp-json\/wp\/v2\/posts\/20792\/revisions"}],"wp:featuredmedia":[{"embeddable":true,"href":"https:\/\/www2.comunitaria.com.br\/en\/wp-json\/wp\/v2\/media\/20794"}],"wp:attachment":[{"href":"https:\/\/www2.comunitaria.com.br\/en\/wp-json\/wp\/v2\/media?parent=20792"}],"wp:term":[{"taxonomy":"category","embeddable":true,"href":"https:\/\/www2.comunitaria.com.br\/en\/wp-json\/wp\/v2\/categories?post=20792"},{"taxonomy":"post_tag","embeddable":true,"href":"https:\/\/www2.comunitaria.com.br\/en\/wp-json\/wp\/v2\/tags?post=20792"}],"curies":[{"name":"wp","href":"https:\/\/api.w.org\/{rel}","templated":true}]}}