{"id":20700,"date":"2016-08-04T12:51:16","date_gmt":"2016-08-04T14:51:16","guid":{"rendered":"http:\/\/www2.comunitaria.com.br\/?p=20700"},"modified":"2016-08-04T12:58:00","modified_gmt":"2016-08-04T14:58:00","slug":"policia-civil-e-brigada-militar-estao-paralisadas-em-frederico-westphalen","status":"publish","type":"post","link":"https:\/\/www2.comunitaria.com.br\/en\/policia-civil-e-brigada-militar-estao-paralisadas-em-frederico-westphalen\/","title":{"rendered":"Pol\u00edcia Civil e Brigada Militar est\u00e3o paralisadas em Frederico Westphalen"},"content":{"rendered":"<p style=\"text-align: justify;\">O parcelamento do sal\u00e1rio de julho dos servidores estaduais ligados ao Poder Executivo provocou uma rea\u00e7\u00e3o de sindicatos de diferentes categorias no Rio Grande do Sul. Uma paralisa\u00e7\u00e3o de diversos setores est\u00e1 sendo realizada durante esta quinta-feira, 4, em todo o Estado.\u00a0Em julho, al\u00e9m do parcelamento ser adotado pela sexta vez seguida, o quadro piorou. A primeira parcela, paga no \u00faltimo dia \u00fatil do m\u00eas, foi de R$ 980, valor inferior ao de meses anteriores. Al\u00e9m disso, a previs\u00e3o \u00e9 de que os sal\u00e1rios de julho sejam complementados com diferentes dep\u00f3sitos nas pr\u00f3ximas semanas, finalizando o calend\u00e1rio de pagamento em 19 de agosto.<\/p>\n<p style=\"text-align: justify;\">Em Frederico Westphalen a Pol\u00edcia Civil e Brigada Militar aderiram \u00e0 paralisa\u00e7\u00e3o e est\u00e3o\u00a0atendendo apenas em casos graves. Fl\u00e1vio Bressan, comiss\u00e1rio de pol\u00edcia civil e delegado sindical do UGEIRM (Sindicato dos Escriv\u00e3es, Inspetores e Investigadores da Pol\u00edcia Civil do RS), fala sobre as manifesta\u00e7\u00f5es:<\/p>\n<!--[if lt IE 9]><script>document.createElement('audio');<\/script><![endif]-->\n<audio class=\"wp-audio-shortcode\" id=\"audio-20700-1\" preload=\"none\" style=\"width: 100%;\" controls=\"controls\"><source type=\"audio\/mpeg\" src=\"http:\/\/www2.comunitaria.com.br\/wp-content\/uploads\/2016\/08\/flavio-ok.mp3?_=1\" \/><a href=\"http:\/\/www2.comunitaria.com.br\/wp-content\/uploads\/2016\/08\/flavio-ok.mp3\">http:\/\/www2.comunitaria.com.br\/wp-content\/uploads\/2016\/08\/flavio-ok.mp3<\/a><\/audio>\n<p style=\"text-align: justify;\">A interrup\u00e7\u00e3o dos trabalhos deve ficar restrita a esta quinta-feira, mas a orienta\u00e7\u00e3o \u00e9 que, depois, os servidores sigam em opera\u00e7\u00e3o padr\u00e3o at\u00e9 que os vencimentos sejam pagos em sua totalidade.<\/p>\n<p style=\"text-align: justify;\"><strong>Escolas<\/strong><\/p>\n<p style=\"text-align: justify;\">Outro setor afetado pelo parcelamento dos sal\u00e1rios \u00e9 a educa\u00e7\u00e3o. Em Frederico Westphalen est\u00e1 ocorrendo redu\u00e7\u00e3o dos per\u00edodos nas escolas estaduais, atividades diferenciadas, e paralisa\u00e7\u00e3o completa das atividades em algumas delas. Confira:<\/p>\n<p style=\"text-align: justify;\"><strong>Escola Sep\u00e9 Tiaraju<\/strong> \u2013 trabalhar\u00e3o com per\u00edodos reduzidos.<\/p>\n<p style=\"text-align: justify;\"><strong>Escola Nossa Senhora de F\u00e1tima<\/strong> \u2013 teve aula at\u00e9 \u00e0s 10 horas e depois os alunos tiveram palestra sobre temas da atualidade. \u00c0 tarde haver\u00e1 aula normal.<\/p>\n<p style=\"text-align: justify;\"><strong>Escola Santo In\u00e1cio<\/strong> \u2013 n\u00e3o haver\u00e1 aula.<\/p>\n<p style=\"text-align: justify;\"><strong>Escola Waldemar Sampaio Barros<\/strong> \u2013 houve aula normal at\u00e9 as 10 horas e depois os alunos tiveram atividade especial. Pela parte da tarde, haver\u00e1 aula at\u00e9 as 15 horas e depois os alunos tamb\u00e9m participar\u00e3o de atividade especial.<\/p>\n<p style=\"text-align: justify;\"><strong>Escola T\u00e9cnica Jos\u00e9 Ca\u00f1ellas<\/strong> \u2013 teve aula normal at\u00e9 as 10 horas e depois os alunos foram\u00a0liberados. Pela parte da tarde haver\u00e1 aula at\u00e9 as 15h30min, depois os alunos ser\u00e3o liberados. Sobre o per\u00edodo da noite ainda n\u00e3o foi decidido sobre o tempo de aula.<\/p>\n<p style=\"text-align: justify;\"><strong>Escola Afonso Pena \u2013<\/strong> N\u00e3o haver\u00e1 aula.<\/p>\n<p style=\"text-align: justify;\"><strong>Escola Roncalli \u2013<\/strong> Haver\u00e1 aula normal, mas com momento de reflex\u00e3o sobre temas atuais.<\/p>\n<p style=\"text-align: justify;\"><strong>Escola Edgar Marques de Mattos \u2013<\/strong> Haver\u00e1 aula normal.<\/p>\n<p style=\"text-align: justify;\"><strong>Escola Monsenhor Vitor Batistella \u2013<\/strong> Haver\u00e1 aula normal pela parte da manh\u00e3, mas pela parte da tarde haver\u00e1 redu\u00e7\u00e3o de per\u00edodos.<\/p>\n<p style=\"text-align: justify;\"><strong>Ciep \u2013<\/strong> Aula normal apenas pela parte da manh\u00e3. \u00c0 tarde ter\u00e1 reuni\u00e3o com professores.<\/p>\n<p style=\"text-align: justify;\"><strong>Paralisa\u00e7\u00e3o na regi\u00e3o<\/strong><\/p>\n<p style=\"text-align: justify;\">\u00a0Em Palmitinho tamb\u00e9m houve manifesta\u00e7\u00e3o dos servidores com paralisa\u00e7\u00e3o das\u00a0atividades e um encontro nas\u00a0depend\u00eancias do Instituto 22 de Maio, onde est\u00e3o desde o in\u00edcio da manh\u00e3 desta quinta-feira.\u00a0A mobiliza\u00e7\u00e3o re\u00fane servidores da seguran\u00e7a e da educa\u00e7\u00e3o.<\/p>\n<p style=\"text-align: justify;\"><strong>Nota divulgada pelo Governo\u00a0<\/strong><\/p>\n<p style=\"text-align: justify;\">Em nota divulgada na \u00faltima ter\u00e7a-feira, 2,\u00a0O governo do Estado diz que respeita as manifesta\u00e7\u00f5es sindicais marcadas , mas espera que as mesmas ocorram de maneira pac\u00edfica e ordenada, sem prejudicar os mais de 11 milh\u00f5es de ga\u00fachos. Na nota, o governo ainda afirma que &#8220;n\u00e3o ser\u00e3o tolerados quaisquer desrespeitos \u00e0 legisla\u00e7\u00e3o civil e militar&#8221;. Os sindicatos orientaram os policiais para manter apenas o m\u00ednimo de servidores exigidos e o atendimento apenas dos casos mais graves.<\/p>\n\n\t\t<style type=\"text\/css\">\n\t\t\t#gallery-1 {\n\t\t\t\tmargin: auto;\n\t\t\t}\n\t\t\t#gallery-1 .gallery-item {\n\t\t\t\tfloat: left;\n\t\t\t\tmargin-top: 10px;\n\t\t\t\ttext-align: center;\n\t\t\t\twidth: 33%;\n\t\t\t}\n\t\t\t#gallery-1 img {\n\t\t\t\tborder: 2px solid #cfcfcf;\n\t\t\t}\n\t\t\t#gallery-1 .gallery-caption {\n\t\t\t\tmargin-left: 0;\n\t\t\t}\n\t\t\t\/* see gallery_shortcode() in wp-includes\/media.php *\/\n\t\t<\/style>\n\t\t<div id='gallery-1' class='gallery galleryid-20700 gallery-columns-3 gallery-size-thumbnail'><dl class='gallery-item'>\n\t\t\t<dt class='gallery-icon landscape'>\n\t\t\t\t<a href='https:\/\/www2.comunitaria.com.br\/en\/policia-civil-e-brigada-militar-estao-paralisadas-em-frederico-westphalen\/7731_77409\/'><img loading=\"lazy\" decoding=\"async\" width=\"150\" height=\"150\" src=\"https:\/\/www2.comunitaria.com.br\/wp-content\/uploads\/2016\/08\/7731_77409-150x150.jpg\" class=\"attachment-thumbnail size-thumbnail\" alt=\"\" aria-describedby=\"gallery-1-20703\" srcset=\"https:\/\/www2.comunitaria.com.br\/wp-content\/uploads\/2016\/08\/7731_77409-150x150.jpg 150w, https:\/\/www2.comunitaria.com.br\/wp-content\/uploads\/2016\/08\/7731_77409-65x65.jpg 65w\" sizes=\"auto, (max-width: 150px) 100vw, 150px\" \/><\/a>\n\t\t\t<\/dt>\n\t\t\t\t<dd class='wp-caption-text gallery-caption' id='gallery-1-20703'>\n\t\t\t\tPoliciais do 37\u00b0 BPM realizaram ato na manh\u00e3 desta quinta-feira, 4. (Foto: Cristiane Luza &#8211; Folha do Noroeste)\n\t\t\t\t<\/dd><\/dl><dl class='gallery-item'>\n\t\t\t<dt class='gallery-icon landscape'>\n\t\t\t\t<a href='https:\/\/www2.comunitaria.com.br\/en\/policia-civil-e-brigada-militar-estao-paralisadas-em-frederico-westphalen\/dsc_1642\/'><img loading=\"lazy\" decoding=\"async\" width=\"150\" height=\"150\" src=\"https:\/\/www2.comunitaria.com.br\/wp-content\/uploads\/2016\/08\/DSC_1642-150x150.jpg\" class=\"attachment-thumbnail size-thumbnail\" alt=\"\" aria-describedby=\"gallery-1-20704\" srcset=\"https:\/\/www2.comunitaria.com.br\/wp-content\/uploads\/2016\/08\/DSC_1642-150x150.jpg 150w, https:\/\/www2.comunitaria.com.br\/wp-content\/uploads\/2016\/08\/DSC_1642-65x65.jpg 65w\" sizes=\"auto, (max-width: 150px) 100vw, 150px\" \/><\/a>\n\t\t\t<\/dt>\n\t\t\t\t<dd class='wp-caption-text gallery-caption' id='gallery-1-20704'>\n\t\t\t\tManifesta\u00e7\u00e3o em Palmitinho (Foto: R\u00e1dio Cultura)\n\t\t\t\t<\/dd><\/dl><dl class='gallery-item'>\n\t\t\t<dt class='gallery-icon landscape'>\n\t\t\t\t<a href='https:\/\/www2.comunitaria.com.br\/en\/policia-civil-e-brigada-militar-estao-paralisadas-em-frederico-westphalen\/dsc_0185-15\/'><img loading=\"lazy\" decoding=\"async\" width=\"150\" height=\"150\" src=\"https:\/\/www2.comunitaria.com.br\/wp-content\/uploads\/2016\/08\/DSC_0185-150x150.jpg\" class=\"attachment-thumbnail size-thumbnail\" alt=\"\" aria-describedby=\"gallery-1-20702\" srcset=\"https:\/\/www2.comunitaria.com.br\/wp-content\/uploads\/2016\/08\/DSC_0185-150x150.jpg 150w, https:\/\/www2.comunitaria.com.br\/wp-content\/uploads\/2016\/08\/DSC_0185-65x65.jpg 65w\" sizes=\"auto, (max-width: 150px) 100vw, 150px\" \/><\/a>\n\t\t\t<\/dt>\n\t\t\t\t<dd class='wp-caption-text gallery-caption' id='gallery-1-20702'>\n\t\t\t\tPoliciais civis paralisados em FW (Foto: Sabrina Ritter) \n\t\t\t\t<\/dd><\/dl><br style=\"clear: both\" \/>\n\t\t<\/div>","protected":false},"excerpt":{"rendered":"<p>O parcelamento do sal\u00e1rio de julho dos servidores estaduais ligados ao Poder Executivo provocou uma rea\u00e7\u00e3o de sindicatos de diferentes categorias no Rio Grande do Sul. Uma paralisa\u00e7\u00e3o de diversos setores est\u00e1 sendo realizada durante esta quinta-feira, 4, em todo o Estado.\u00a0Em julho, al\u00e9m do parcelamento ser adotado pela sexta vez seguida, o quadro piorou.<\/p>\n<div class=\"read-more-wrapper\"><a class=\"read-more\" href=\"https:\/\/www2.comunitaria.com.br\/en\/policia-civil-e-brigada-militar-estao-paralisadas-em-frederico-westphalen\/\" title=\"Read More\"> <span class=\"button\">Read More<\/span><\/a><\/div>","protected":false},"author":2,"featured_media":20702,"comment_status":"open","ping_status":"closed","sticky":false,"template":"","format":"standard","meta":{"ngg_post_thumbnail":0,"footnotes":""},"categories":[42,28,33,36,38],"tags":[911,224,1076,1431,177,1518,1079,705],"class_list":["post-20700","post","type-post","status-publish","format-standard","has-post-thumbnail","hentry","category-fred-west","category-destaque","category-noticias","category-policia","category-politica","tag-brigada-militar","tag-escolas","tag-paralisacao","tag-parcelamento","tag-policia-2","tag-policia-civil","tag-politica","tag-servidores"],"amp_enabled":true,"_links":{"self":[{"href":"https:\/\/www2.comunitaria.com.br\/en\/wp-json\/wp\/v2\/posts\/20700","targetHints":{"allow":["GET"]}}],"collection":[{"href":"https:\/\/www2.comunitaria.com.br\/en\/wp-json\/wp\/v2\/posts"}],"about":[{"href":"https:\/\/www2.comunitaria.com.br\/en\/wp-json\/wp\/v2\/types\/post"}],"author":[{"embeddable":true,"href":"https:\/\/www2.comunitaria.com.br\/en\/wp-json\/wp\/v2\/users\/2"}],"replies":[{"embeddable":true,"href":"https:\/\/www2.comunitaria.com.br\/en\/wp-json\/wp\/v2\/comments?post=20700"}],"version-history":[{"count":0,"href":"https:\/\/www2.comunitaria.com.br\/en\/wp-json\/wp\/v2\/posts\/20700\/revisions"}],"wp:featuredmedia":[{"embeddable":true,"href":"https:\/\/www2.comunitaria.com.br\/en\/wp-json\/wp\/v2\/media\/20702"}],"wp:attachment":[{"href":"https:\/\/www2.comunitaria.com.br\/en\/wp-json\/wp\/v2\/media?parent=20700"}],"wp:term":[{"taxonomy":"category","embeddable":true,"href":"https:\/\/www2.comunitaria.com.br\/en\/wp-json\/wp\/v2\/categories?post=20700"},{"taxonomy":"post_tag","embeddable":true,"href":"https:\/\/www2.comunitaria.com.br\/en\/wp-json\/wp\/v2\/tags?post=20700"}],"curies":[{"name":"wp","href":"https:\/\/api.w.org\/{rel}","templated":true}]}}