{"id":20628,"date":"2016-08-03T10:23:11","date_gmt":"2016-08-03T12:23:11","guid":{"rendered":"http:\/\/www2.comunitaria.com.br\/?p=20628"},"modified":"2016-08-03T13:36:02","modified_gmt":"2016-08-03T15:36:02","slug":"moto-agricola-volkweis-ha-42-anos-ao-lado-do-homem-do-campo","status":"publish","type":"post","link":"https:\/\/www2.comunitaria.com.br\/en\/moto-agricola-volkweis-ha-42-anos-ao-lado-do-homem-do-campo\/","title":{"rendered":"Moto Agr\u00edcola Volkweis, h\u00e1 42 anos ao lado do homem do campo"},"content":{"rendered":"<p style=\"text-align: justify;\">H\u00e1 42 anos no com\u00e9rcio frederiquense, a Moto Agr\u00edcola Volkweis traz aos \u00a0clientes m\u00e1quinas e implementos agr\u00edcolas que facilitam a vida dos agricultores. Em 1974, Rui Ant\u00f4nio Volkweis, em parceria com\u00a0mais quatro s\u00f3cios &#8211; Dealmo Escher, Nelci Bakof, Frederico Philipsen e Pedro Philipsen \u00a0&#8211; deu\u00a0o pontap\u00e9 inicial no ramo tecnol\u00f3gico do agroneg\u00f3cio na regi\u00e3o de Frederico Westphalen, como ele mesmo conta:<\/p>\n<audio class=\"wp-audio-shortcode\" id=\"audio-20628-1\" preload=\"none\" style=\"width: 100%;\" controls=\"controls\"><source type=\"audio\/mpeg\" src=\"http:\/\/www2.comunitaria.com.br\/wp-content\/uploads\/2016\/08\/Historia.mp3?_=1\" \/><a href=\"http:\/\/www2.comunitaria.com.br\/wp-content\/uploads\/2016\/08\/Historia.mp3\">http:\/\/www2.comunitaria.com.br\/wp-content\/uploads\/2016\/08\/Historia.mp3<\/a><\/audio>\n<p style=\"text-align: justify;\">A empresa se tornou grande refer\u00eancia em tecnologia e qualidade para todos os agricultores do M\u00e9dio Alto Uruguai que encontraram nos produtos da multinacional Valtra, fornecidos pela Moto Agr\u00edcola Volkweis,\u00a0facilidade para ampliar e melhorar suas produ\u00e7\u00f5es. A linha de equipamentos oferecidos pela empresa busca adequar-se as necessidades de cada produtor, como destaca Rui:<\/p>\n<audio class=\"wp-audio-shortcode\" id=\"audio-20628-2\" preload=\"none\" style=\"width: 100%;\" controls=\"controls\"><source type=\"audio\/mpeg\" src=\"http:\/\/www2.comunitaria.com.br\/wp-content\/uploads\/2016\/08\/Agricultores-areas-equipamentos.mp3?_=2\" \/><a href=\"http:\/\/www2.comunitaria.com.br\/wp-content\/uploads\/2016\/08\/Agricultores-areas-equipamentos.mp3\">http:\/\/www2.comunitaria.com.br\/wp-content\/uploads\/2016\/08\/Agricultores-areas-equipamentos.mp3<\/a><\/audio>\n<p style=\"text-align: justify;\">Atualmente a empresa \u00e9 administrada por Rui e seu filho Paulo Volkweis. Conta com 30 funcion\u00e1rios que dividem-se nos diversos setores da empresa: vendas, oficina, contabilidade, motoristas, ger\u00eancia e recursos humanos. 18 munic\u00edpios da regi\u00e3o s\u00e3o atendidos pela\u00a0equipe que, em breve estar\u00e1 em novo endere\u00e7o, no km 32 da BR\/386 em Frederico Westphalen.<\/p>\n<p style=\"text-align: justify;\"><strong>Nova sede<\/strong><\/p>\n<div id=\"attachment_20659\" style=\"width: 388px\" class=\"wp-caption alignleft\"><a href=\"http:\/\/www2.comunitaria.com.br\/en\/moto-agricola-volkweis-ha-42-anos-ao-lado-do-homem-do-campo\/dsc_0054-30\/\" rel=\"attachment wp-att-20659\"><img loading=\"lazy\" decoding=\"async\" aria-describedby=\"caption-attachment-20659\" class=\"wp-image-20659\" src=\"http:\/\/www2.comunitaria.com.br\/wp-content\/uploads\/2016\/08\/DSC_0054-300x200.jpg\" alt=\"Foto: Sabrina Ritter\" width=\"378\" height=\"252\" srcset=\"https:\/\/www2.comunitaria.com.br\/wp-content\/uploads\/2016\/08\/DSC_0054-300x200.jpg 300w, https:\/\/www2.comunitaria.com.br\/wp-content\/uploads\/2016\/08\/DSC_0054-768x512.jpg 768w, https:\/\/www2.comunitaria.com.br\/wp-content\/uploads\/2016\/08\/DSC_0054-1024x683.jpg 1024w, https:\/\/www2.comunitaria.com.br\/wp-content\/uploads\/2016\/08\/DSC_0054.jpg 1600w\" sizes=\"auto, (max-width: 378px) 100vw, 378px\" \/><\/a><p id=\"caption-attachment-20659\" class=\"wp-caption-text\">Foto: Sabrina Ritter<\/p><\/div>\n<p style=\"text-align: justify;\">Incentivados pelos constantes\u00a0desafios, a empresa est\u00e1 ampliando\u00a0os horizontes atrav\u00e9s de uma nova sede que conta com 10 mil metros quadrados de terreno e 2.500 metros constru\u00eddos. O projeto est\u00e1 em andamento desde agosto\u00a0de 2013 e deve ser inaugurado ainda este ano. O novo ambiente contar\u00e1 com deposito espec\u00edfico para pe\u00e7as em dois andares, al\u00e9m de sala para a equipe comercial, sala para a equipe de contabilidade, balc\u00e3o para atendimento de pe\u00e7as, escrit\u00f3rios administrativos, sala de reuni\u00f5es e sala de treinamentos. Rui Volkweis fala sobre a nova sede que j\u00e1 \u00e9 considerada destaque nacional por estar de acordo com os padr\u00f5es estabelecidos pela pr\u00f3pria Valtra no Brasil:<\/p>\n<audio class=\"wp-audio-shortcode\" id=\"audio-20628-3\" preload=\"none\" style=\"width: 100%;\" controls=\"controls\"><source type=\"audio\/mpeg\" src=\"http:\/\/www2.comunitaria.com.br\/wp-content\/uploads\/2016\/08\/Rui-Espa\u00e7o.mp3?_=3\" \/><a href=\"http:\/\/www2.comunitaria.com.br\/wp-content\/uploads\/2016\/08\/Rui-Espa\u00e7o.mp3\">http:\/\/www2.comunitaria.com.br\/wp-content\/uploads\/2016\/08\/Rui-Espa\u00e7o.mp3<\/a><\/audio>\n<p>&nbsp;<\/p>\n<div id=\"attachment_20649\" style=\"width: 292px\" class=\"wp-caption alignright\"><a href=\"http:\/\/www2.comunitaria.com.br\/en\/moto-agricola-volkweis-ha-42-anos-ao-lado-do-homem-do-campo\/dsc_0040-20\/\" rel=\"attachment wp-att-20649\"><img loading=\"lazy\" decoding=\"async\" aria-describedby=\"caption-attachment-20649\" class=\"wp-image-20649\" src=\"http:\/\/www2.comunitaria.com.br\/wp-content\/uploads\/2016\/08\/DSC_0040-300x200.jpg\" alt=\"????????????????????????????????????\" width=\"282\" height=\"188\" srcset=\"https:\/\/www2.comunitaria.com.br\/wp-content\/uploads\/2016\/08\/DSC_0040-300x200.jpg 300w, https:\/\/www2.comunitaria.com.br\/wp-content\/uploads\/2016\/08\/DSC_0040-768x512.jpg 768w, https:\/\/www2.comunitaria.com.br\/wp-content\/uploads\/2016\/08\/DSC_0040-1024x683.jpg 1024w, https:\/\/www2.comunitaria.com.br\/wp-content\/uploads\/2016\/08\/DSC_0040.jpg 1600w\" sizes=\"auto, (max-width: 282px) 100vw, 282px\" \/><\/a><p id=\"caption-attachment-20649\" class=\"wp-caption-text\">Boxes para estacionamento (Foto: Sabrina Ritter)<\/p><\/div>\n<p style=\"text-align: justify;\">Localizada no km 32 da BR 386, pr\u00f3ximo ao trevo de acesso \u00e0 Frederico Westphalen, a nova sede da Moto Agr\u00edcola Volkweis oferece mais espa\u00e7o para os maquin\u00e1rios e facilita a circula\u00e7\u00e3o dos clientes. Al\u00e9m das \u00e1reas de atendimento, assist\u00eancia e vendas, a oficina foi ampliada e conta com 6 boxes para tratores e 2 boxes para colheitadeiras.<\/p>\n<p style=\"text-align: justify;\">Apesar de n\u00e3o possuir data definida para a inaugura\u00e7\u00e3o, novos funcion\u00e1rios ser\u00e3o contratados de acordo com as necessidades para que o trabalho desenvolvido pela empresa seja ainda mais din\u00e2mico e de qualidade.<\/p>\n<p style=\"text-align: justify;\"><strong>Rui Volkweis, Empres\u00e1rio do Ano 2015<\/strong><\/p>\n<div id=\"attachment_20629\" style=\"width: 345px\" class=\"wp-caption alignleft\"><a href=\"http:\/\/www2.comunitaria.com.br\/en\/moto-agricola-volkweis-ha-42-anos-ao-lado-do-homem-do-campo\/13879463_1735821146691784_2498091854256919057_n\/\" rel=\"attachment wp-att-20629\"><img loading=\"lazy\" decoding=\"async\" aria-describedby=\"caption-attachment-20629\" class=\"wp-image-20629\" src=\"http:\/\/www2.comunitaria.com.br\/wp-content\/uploads\/2016\/08\/13879463_1735821146691784_2498091854256919057_n-300x200.jpg\" alt=\"13879463_1735821146691784_2498091854256919057_n\" width=\"335\" height=\"223\" srcset=\"https:\/\/www2.comunitaria.com.br\/wp-content\/uploads\/2016\/08\/13879463_1735821146691784_2498091854256919057_n-300x200.jpg 300w, https:\/\/www2.comunitaria.com.br\/wp-content\/uploads\/2016\/08\/13879463_1735821146691784_2498091854256919057_n-768x512.jpg 768w, https:\/\/www2.comunitaria.com.br\/wp-content\/uploads\/2016\/08\/13879463_1735821146691784_2498091854256919057_n.jpg 960w\" sizes=\"auto, (max-width: 335px) 100vw, 335px\" \/><\/a><p id=\"caption-attachment-20629\" class=\"wp-caption-text\">Foto: Divulga\u00e7\u00e3o\/Facebook<\/p><\/div>\n<p style=\"text-align: justify;\">Indicado pela maioria dos integrantes da Associa\u00e7\u00e3o Comercial e Industrial de Frederico Westphalen (ACI\/FW), Rui Volkweis foi eleito o Empres\u00e1rio do Ano 2015 no \u00faltimo s\u00e1bado, 30. Natural de Santo Cristo, Rui\u00a0iniciou sua trajet\u00f3ria empresarial com apenas 12 anos, quando assumiu o neg\u00f3cio de seu pai na comunidade de Esquina Vanguarda, hoje munic\u00edpio de Alecrim. Volkweis trabalhou 13 anos como caminhoneiro, foi gerente de vendas e s\u00f3cio da Quero-Quero antes de se tornar pioneiro no ramo de maquin\u00e1rio agr\u00edcola em Frederico Westphalen. Em seu discurso ap\u00f3s receber o trof\u00e9u Catedral, Rui destacou que a conquista foi fruto de um trabalho \u00e1rduo frente a Moto Agr\u00edcola nestes 42 anos:<\/p>\n<audio class=\"wp-audio-shortcode\" id=\"audio-20628-4\" preload=\"none\" style=\"width: 100%;\" controls=\"controls\"><source type=\"audio\/mpeg\" src=\"http:\/\/www2.comunitaria.com.br\/wp-content\/uploads\/2016\/07\/discurso-seu-rui.mp3?_=4\" \/><a href=\"http:\/\/www2.comunitaria.com.br\/wp-content\/uploads\/2016\/07\/discurso-seu-rui.mp3\">http:\/\/www2.comunitaria.com.br\/wp-content\/uploads\/2016\/07\/discurso-seu-rui.mp3<\/a><\/audio>\n<p>&nbsp;<\/p>\n<p><strong>Sobre a Valtra<\/strong><\/p>\n<div id=\"attachment_20667\" style=\"width: 372px\" class=\"wp-caption alignright\"><a href=\"http:\/\/www2.comunitaria.com.br\/en\/moto-agricola-volkweis-ha-42-anos-ao-lado-do-homem-do-campo\/13925814_1736201009987131_3609914396534900724_o\/\" rel=\"attachment wp-att-20667\"><img loading=\"lazy\" decoding=\"async\" aria-describedby=\"caption-attachment-20667\" class=\"wp-image-20667\" src=\"http:\/\/www2.comunitaria.com.br\/wp-content\/uploads\/2016\/08\/13925814_1736201009987131_3609914396534900724_o.jpg\" alt=\"13925814_1736201009987131_3609914396534900724_o\" width=\"362\" height=\"214\" srcset=\"https:\/\/www2.comunitaria.com.br\/wp-content\/uploads\/2016\/08\/13925814_1736201009987131_3609914396534900724_o.jpg 1680w, https:\/\/www2.comunitaria.com.br\/wp-content\/uploads\/2016\/08\/13925814_1736201009987131_3609914396534900724_o-300x177.jpg 300w, https:\/\/www2.comunitaria.com.br\/wp-content\/uploads\/2016\/08\/13925814_1736201009987131_3609914396534900724_o-768x454.jpg 768w, https:\/\/www2.comunitaria.com.br\/wp-content\/uploads\/2016\/08\/13925814_1736201009987131_3609914396534900724_o-1024x605.jpg 1024w\" sizes=\"auto, (max-width: 362px) 100vw, 362px\" \/><\/a><p id=\"caption-attachment-20667\" class=\"wp-caption-text\">Foto: Divulga\u00e7\u00e3o\/Facebook<\/p><\/div>\n<p style=\"text-align: justify;\">A Valtra, empresa do grupo AGCO, \u00e9 hoje uma das maiores fabricantes e tamb\u00e9m exportadoras de m\u00e1quinas agr\u00edcolas do Brasil. Os produtos Valtra s\u00e3o reconhecidos por seu baixo custo de manuten\u00e7\u00e3o, aliado a alta tecnologia e facilidade de opera\u00e7\u00e3o. Combinando esse diferencial a uma rede de aproximadamente 190 pontos de venda e assist\u00eancia t\u00e9cnica na Am\u00e9rica do Sul, a Valtra se consolida como uma das maiores parceiras do produtor, com excel\u00eancia em vendas, p\u00f3s-vendas e suporte t\u00e9cnico r\u00e1pido.\u00a0Primeira montadora de tratores a se instalar na Am\u00e9rica do Sul. Em 2007 a empresa ingressou no mercado de colheitadeiras e plantadoras. Hoje oferece uma linha completa de m\u00e1quinas agr\u00edcolas, do plantio \u00e0 colheita.\u00a0Faz parte do compromisso Valtra oferecer solu\u00e7\u00f5es adequadas ao perfil de cada cliente. Para variadas culturas e diversos tipos de agricultor, a Valtra possui uma gama de tecnologia para todas as etapas da lavoura: tratores, colheitadeiras, plataformas, implementos, pulverizadores, enfardadoras, enleirador, solu\u00e7\u00f5es em cana e agricultura de precis\u00e3o.<\/p>\n<p style=\"text-align: justify;\">Miss\u00e3o da multinacional:\u00a0Criar solu\u00e7\u00f5es agr\u00edcolas de f\u00e1cil utiliza\u00e7\u00e3o que se adaptem \u00e0s necessidades \u00fanicas e em constante mudan\u00e7a do campo.<\/p>\n\n\t\t<style>\n\t\t\t#gallery-1 {\n\t\t\t\tmargin: auto;\n\t\t\t}\n\t\t\t#gallery-1 .gallery-item {\n\t\t\t\tfloat: left;\n\t\t\t\tmargin-top: 10px;\n\t\t\t\ttext-align: center;\n\t\t\t\twidth: 33%;\n\t\t\t}\n\t\t\t#gallery-1 img {\n\t\t\t\tborder: 2px solid #cfcfcf;\n\t\t\t}\n\t\t\t#gallery-1 .gallery-caption {\n\t\t\t\tmargin-left: 0;\n\t\t\t}\n\t\t\t\/* see gallery_shortcode() in wp-includes\/media.php *\/\n\t\t<\/style>\n\t\t<div id='gallery-1' class='gallery galleryid-20628 gallery-columns-3 gallery-size-thumbnail'><dl class='gallery-item'>\n\t\t\t<dt class='gallery-icon landscape'>\n\t\t\t\t<a href='https:\/\/www2.comunitaria.com.br\/en\/moto-agricola-volkweis-ha-42-anos-ao-lado-do-homem-do-campo\/dsc_0063-22\/'><img loading=\"lazy\" decoding=\"async\" width=\"150\" height=\"150\" src=\"https:\/\/www2.comunitaria.com.br\/wp-content\/uploads\/2016\/08\/DSC_0063-150x150.jpg\" class=\"attachment-thumbnail size-thumbnail\" alt=\"\" aria-describedby=\"gallery-1-20666\" srcset=\"https:\/\/www2.comunitaria.com.br\/wp-content\/uploads\/2016\/08\/DSC_0063-150x150.jpg 150w, https:\/\/www2.comunitaria.com.br\/wp-content\/uploads\/2016\/08\/DSC_0063-65x65.jpg 65w\" sizes=\"auto, (max-width: 150px) 100vw, 150px\" \/><\/a>\n\t\t\t<\/dt>\n\t\t\t\t<dd class='wp-caption-text gallery-caption' id='gallery-1-20666'>\n\t\t\t\tFoto: Sabrina Ritter\n\t\t\t\t<\/dd><\/dl><dl class='gallery-item'>\n\t\t\t<dt class='gallery-icon portrait'>\n\t\t\t\t<a href='https:\/\/www2.comunitaria.com.br\/en\/moto-agricola-volkweis-ha-42-anos-ao-lado-do-homem-do-campo\/dsc_0061-23\/'><img loading=\"lazy\" decoding=\"async\" width=\"150\" height=\"150\" src=\"https:\/\/www2.comunitaria.com.br\/wp-content\/uploads\/2016\/08\/DSC_0061-150x150.jpg\" class=\"attachment-thumbnail size-thumbnail\" alt=\"\" aria-describedby=\"gallery-1-20665\" srcset=\"https:\/\/www2.comunitaria.com.br\/wp-content\/uploads\/2016\/08\/DSC_0061-150x150.jpg 150w, https:\/\/www2.comunitaria.com.br\/wp-content\/uploads\/2016\/08\/DSC_0061-65x65.jpg 65w\" sizes=\"auto, (max-width: 150px) 100vw, 150px\" \/><\/a>\n\t\t\t<\/dt>\n\t\t\t\t<dd class='wp-caption-text gallery-caption' id='gallery-1-20665'>\n\t\t\t\tFoto: Sabrina Ritter\n\t\t\t\t<\/dd><\/dl><dl class='gallery-item'>\n\t\t\t<dt class='gallery-icon landscape'>\n\t\t\t\t<a href='https:\/\/www2.comunitaria.com.br\/en\/moto-agricola-volkweis-ha-42-anos-ao-lado-do-homem-do-campo\/dsc_0059-22\/'><img loading=\"lazy\" decoding=\"async\" width=\"150\" height=\"150\" src=\"https:\/\/www2.comunitaria.com.br\/wp-content\/uploads\/2016\/08\/DSC_0059-150x150.jpg\" class=\"attachment-thumbnail size-thumbnail\" alt=\"\" aria-describedby=\"gallery-1-20663\" srcset=\"https:\/\/www2.comunitaria.com.br\/wp-content\/uploads\/2016\/08\/DSC_0059-150x150.jpg 150w, https:\/\/www2.comunitaria.com.br\/wp-content\/uploads\/2016\/08\/DSC_0059-65x65.jpg 65w\" sizes=\"auto, (max-width: 150px) 100vw, 150px\" \/><\/a>\n\t\t\t<\/dt>\n\t\t\t\t<dd class='wp-caption-text gallery-caption' id='gallery-1-20663'>\n\t\t\t\tFoto: Sabrina Ritter\n\t\t\t\t<\/dd><\/dl><br style=\"clear: both\" \/><dl class='gallery-item'>\n\t\t\t<dt class='gallery-icon landscape'>\n\t\t\t\t<a href='https:\/\/www2.comunitaria.com.br\/en\/moto-agricola-volkweis-ha-42-anos-ao-lado-do-homem-do-campo\/dsc_0058-19\/'><img loading=\"lazy\" decoding=\"async\" width=\"150\" height=\"150\" src=\"https:\/\/www2.comunitaria.com.br\/wp-content\/uploads\/2016\/08\/DSC_0058-150x150.jpg\" class=\"attachment-thumbnail size-thumbnail\" alt=\"\" aria-describedby=\"gallery-1-20662\" srcset=\"https:\/\/www2.comunitaria.com.br\/wp-content\/uploads\/2016\/08\/DSC_0058-150x150.jpg 150w, https:\/\/www2.comunitaria.com.br\/wp-content\/uploads\/2016\/08\/DSC_0058-65x65.jpg 65w\" sizes=\"auto, (max-width: 150px) 100vw, 150px\" \/><\/a>\n\t\t\t<\/dt>\n\t\t\t\t<dd class='wp-caption-text gallery-caption' id='gallery-1-20662'>\n\t\t\t\tFoto: Sabrina Ritter\n\t\t\t\t<\/dd><\/dl><dl class='gallery-item'>\n\t\t\t<dt class='gallery-icon landscape'>\n\t\t\t\t<a href='https:\/\/www2.comunitaria.com.br\/en\/moto-agricola-volkweis-ha-42-anos-ao-lado-do-homem-do-campo\/dsc_0057-17\/'><img loading=\"lazy\" decoding=\"async\" width=\"150\" height=\"150\" src=\"https:\/\/www2.comunitaria.com.br\/wp-content\/uploads\/2016\/08\/DSC_0057-150x150.jpg\" class=\"attachment-thumbnail size-thumbnail\" alt=\"\" aria-describedby=\"gallery-1-20661\" srcset=\"https:\/\/www2.comunitaria.com.br\/wp-content\/uploads\/2016\/08\/DSC_0057-150x150.jpg 150w, https:\/\/www2.comunitaria.com.br\/wp-content\/uploads\/2016\/08\/DSC_0057-65x65.jpg 65w\" sizes=\"auto, (max-width: 150px) 100vw, 150px\" \/><\/a>\n\t\t\t<\/dt>\n\t\t\t\t<dd class='wp-caption-text gallery-caption' id='gallery-1-20661'>\n\t\t\t\tFoto: Sabrina Ritter\n\t\t\t\t<\/dd><\/dl><dl class='gallery-item'>\n\t\t\t<dt class='gallery-icon landscape'>\n\t\t\t\t<a href='https:\/\/www2.comunitaria.com.br\/en\/moto-agricola-volkweis-ha-42-anos-ao-lado-do-homem-do-campo\/dsc_0056-18\/'><img loading=\"lazy\" decoding=\"async\" width=\"150\" height=\"150\" src=\"https:\/\/www2.comunitaria.com.br\/wp-content\/uploads\/2016\/08\/DSC_0056-150x150.jpg\" class=\"attachment-thumbnail size-thumbnail\" alt=\"\" aria-describedby=\"gallery-1-20660\" srcset=\"https:\/\/www2.comunitaria.com.br\/wp-content\/uploads\/2016\/08\/DSC_0056-150x150.jpg 150w, https:\/\/www2.comunitaria.com.br\/wp-content\/uploads\/2016\/08\/DSC_0056-65x65.jpg 65w\" sizes=\"auto, (max-width: 150px) 100vw, 150px\" \/><\/a>\n\t\t\t<\/dt>\n\t\t\t\t<dd class='wp-caption-text gallery-caption' id='gallery-1-20660'>\n\t\t\t\tFoto: Sabrina Ritter\n\t\t\t\t<\/dd><\/dl><br style=\"clear: both\" \/><dl class='gallery-item'>\n\t\t\t<dt class='gallery-icon landscape'>\n\t\t\t\t<a href='https:\/\/www2.comunitaria.com.br\/en\/moto-agricola-volkweis-ha-42-anos-ao-lado-do-homem-do-campo\/dsc_0054-30\/'><img loading=\"lazy\" decoding=\"async\" width=\"150\" height=\"150\" src=\"https:\/\/www2.comunitaria.com.br\/wp-content\/uploads\/2016\/08\/DSC_0054-150x150.jpg\" class=\"attachment-thumbnail size-thumbnail\" alt=\"\" aria-describedby=\"gallery-1-20659\" srcset=\"https:\/\/www2.comunitaria.com.br\/wp-content\/uploads\/2016\/08\/DSC_0054-150x150.jpg 150w, https:\/\/www2.comunitaria.com.br\/wp-content\/uploads\/2016\/08\/DSC_0054-65x65.jpg 65w\" sizes=\"auto, (max-width: 150px) 100vw, 150px\" \/><\/a>\n\t\t\t<\/dt>\n\t\t\t\t<dd class='wp-caption-text gallery-caption' id='gallery-1-20659'>\n\t\t\t\tFoto: Sabrina Ritter\n\t\t\t\t<\/dd><\/dl><dl class='gallery-item'>\n\t\t\t<dt class='gallery-icon landscape'>\n\t\t\t\t<a href='https:\/\/www2.comunitaria.com.br\/en\/moto-agricola-volkweis-ha-42-anos-ao-lado-do-homem-do-campo\/dsc_0053-23\/'><img loading=\"lazy\" decoding=\"async\" width=\"150\" height=\"150\" src=\"https:\/\/www2.comunitaria.com.br\/wp-content\/uploads\/2016\/08\/DSC_0053-150x150.jpg\" class=\"attachment-thumbnail size-thumbnail\" alt=\"\" aria-describedby=\"gallery-1-20658\" srcset=\"https:\/\/www2.comunitaria.com.br\/wp-content\/uploads\/2016\/08\/DSC_0053-150x150.jpg 150w, https:\/\/www2.comunitaria.com.br\/wp-content\/uploads\/2016\/08\/DSC_0053-65x65.jpg 65w\" sizes=\"auto, (max-width: 150px) 100vw, 150px\" \/><\/a>\n\t\t\t<\/dt>\n\t\t\t\t<dd class='wp-caption-text gallery-caption' id='gallery-1-20658'>\n\t\t\t\tEspa\u00e7o para estacionamento (Foto: Sabrina Ritter)\n\t\t\t\t<\/dd><\/dl><dl class='gallery-item'>\n\t\t\t<dt class='gallery-icon landscape'>\n\t\t\t\t<a href='https:\/\/www2.comunitaria.com.br\/en\/moto-agricola-volkweis-ha-42-anos-ao-lado-do-homem-do-campo\/dsc_0050-25\/'><img loading=\"lazy\" decoding=\"async\" width=\"150\" height=\"150\" src=\"https:\/\/www2.comunitaria.com.br\/wp-content\/uploads\/2016\/08\/DSC_0050-150x150.jpg\" class=\"attachment-thumbnail size-thumbnail\" alt=\"\" aria-describedby=\"gallery-1-20657\" srcset=\"https:\/\/www2.comunitaria.com.br\/wp-content\/uploads\/2016\/08\/DSC_0050-150x150.jpg 150w, https:\/\/www2.comunitaria.com.br\/wp-content\/uploads\/2016\/08\/DSC_0050-65x65.jpg 65w\" sizes=\"auto, (max-width: 150px) 100vw, 150px\" \/><\/a>\n\t\t\t<\/dt>\n\t\t\t\t<dd class='wp-caption-text gallery-caption' id='gallery-1-20657'>\n\t\t\t\tPresta\u00e7\u00e3o de servi\u00e7os mec\u00e2nicos (Foto: Sabrina Ritter)\n\t\t\t\t<\/dd><\/dl><br style=\"clear: both\" \/><dl class='gallery-item'>\n\t\t\t<dt class='gallery-icon landscape'>\n\t\t\t\t<a href='https:\/\/www2.comunitaria.com.br\/en\/moto-agricola-volkweis-ha-42-anos-ao-lado-do-homem-do-campo\/dsc_0049-24\/'><img loading=\"lazy\" decoding=\"async\" width=\"150\" height=\"150\" src=\"https:\/\/www2.comunitaria.com.br\/wp-content\/uploads\/2016\/08\/DSC_0049-150x150.jpg\" class=\"attachment-thumbnail size-thumbnail\" alt=\"\" aria-describedby=\"gallery-1-20656\" srcset=\"https:\/\/www2.comunitaria.com.br\/wp-content\/uploads\/2016\/08\/DSC_0049-150x150.jpg 150w, https:\/\/www2.comunitaria.com.br\/wp-content\/uploads\/2016\/08\/DSC_0049-65x65.jpg 65w\" sizes=\"auto, (max-width: 150px) 100vw, 150px\" \/><\/a>\n\t\t\t<\/dt>\n\t\t\t\t<dd class='wp-caption-text gallery-caption' id='gallery-1-20656'>\n\t\t\t\tFoto: Sabrina Ritter\n\t\t\t\t<\/dd><\/dl><dl class='gallery-item'>\n\t\t\t<dt class='gallery-icon landscape'>\n\t\t\t\t<a href='https:\/\/www2.comunitaria.com.br\/en\/moto-agricola-volkweis-ha-42-anos-ao-lado-do-homem-do-campo\/dsc_0047-21\/'><img loading=\"lazy\" decoding=\"async\" width=\"150\" height=\"150\" src=\"https:\/\/www2.comunitaria.com.br\/wp-content\/uploads\/2016\/08\/DSC_0047-150x150.jpg\" class=\"attachment-thumbnail size-thumbnail\" alt=\"\" aria-describedby=\"gallery-1-20655\" srcset=\"https:\/\/www2.comunitaria.com.br\/wp-content\/uploads\/2016\/08\/DSC_0047-150x150.jpg 150w, https:\/\/www2.comunitaria.com.br\/wp-content\/uploads\/2016\/08\/DSC_0047-65x65.jpg 65w\" sizes=\"auto, (max-width: 150px) 100vw, 150px\" \/><\/a>\n\t\t\t<\/dt>\n\t\t\t\t<dd class='wp-caption-text gallery-caption' id='gallery-1-20655'>\n\t\t\t\tSala de pinturas (Foto: Sabrina Ritter)\n\t\t\t\t<\/dd><\/dl><dl class='gallery-item'>\n\t\t\t<dt class='gallery-icon landscape'>\n\t\t\t\t<a href='https:\/\/www2.comunitaria.com.br\/en\/moto-agricola-volkweis-ha-42-anos-ao-lado-do-homem-do-campo\/dsc_0046-25\/'><img loading=\"lazy\" decoding=\"async\" width=\"150\" height=\"150\" src=\"https:\/\/www2.comunitaria.com.br\/wp-content\/uploads\/2016\/08\/DSC_0046-150x150.jpg\" class=\"attachment-thumbnail size-thumbnail\" alt=\"\" aria-describedby=\"gallery-1-20654\" srcset=\"https:\/\/www2.comunitaria.com.br\/wp-content\/uploads\/2016\/08\/DSC_0046-150x150.jpg 150w, https:\/\/www2.comunitaria.com.br\/wp-content\/uploads\/2016\/08\/DSC_0046-65x65.jpg 65w\" sizes=\"auto, (max-width: 150px) 100vw, 150px\" \/><\/a>\n\t\t\t<\/dt>\n\t\t\t\t<dd class='wp-caption-text gallery-caption' id='gallery-1-20654'>\n\t\t\t\tEspa\u00e7o para recebimento de equipamentos (Foto: Sabrina Ritter)\n\t\t\t\t<\/dd><\/dl><br style=\"clear: both\" \/><dl class='gallery-item'>\n\t\t\t<dt class='gallery-icon landscape'>\n\t\t\t\t<a href='https:\/\/www2.comunitaria.com.br\/en\/moto-agricola-volkweis-ha-42-anos-ao-lado-do-homem-do-campo\/dsc_0045-25\/'><img loading=\"lazy\" decoding=\"async\" width=\"150\" height=\"150\" src=\"https:\/\/www2.comunitaria.com.br\/wp-content\/uploads\/2016\/08\/DSC_0045-150x150.jpg\" class=\"attachment-thumbnail size-thumbnail\" alt=\"\" aria-describedby=\"gallery-1-20653\" srcset=\"https:\/\/www2.comunitaria.com.br\/wp-content\/uploads\/2016\/08\/DSC_0045-150x150.jpg 150w, https:\/\/www2.comunitaria.com.br\/wp-content\/uploads\/2016\/08\/DSC_0045-65x65.jpg 65w\" sizes=\"auto, (max-width: 150px) 100vw, 150px\" \/><\/a>\n\t\t\t<\/dt>\n\t\t\t\t<dd class='wp-caption-text gallery-caption' id='gallery-1-20653'>\n\t\t\t\tDep\u00f3sito de pe\u00e7as (Foto: Sabrina Ritter)\n\t\t\t\t<\/dd><\/dl><dl class='gallery-item'>\n\t\t\t<dt class='gallery-icon landscape'>\n\t\t\t\t<a href='https:\/\/www2.comunitaria.com.br\/en\/moto-agricola-volkweis-ha-42-anos-ao-lado-do-homem-do-campo\/dsc_0044-27\/'><img loading=\"lazy\" decoding=\"async\" width=\"150\" height=\"150\" src=\"https:\/\/www2.comunitaria.com.br\/wp-content\/uploads\/2016\/08\/DSC_0044-150x150.jpg\" class=\"attachment-thumbnail size-thumbnail\" alt=\"\" aria-describedby=\"gallery-1-20652\" srcset=\"https:\/\/www2.comunitaria.com.br\/wp-content\/uploads\/2016\/08\/DSC_0044-150x150.jpg 150w, https:\/\/www2.comunitaria.com.br\/wp-content\/uploads\/2016\/08\/DSC_0044-65x65.jpg 65w\" sizes=\"auto, (max-width: 150px) 100vw, 150px\" \/><\/a>\n\t\t\t<\/dt>\n\t\t\t\t<dd class='wp-caption-text gallery-caption' id='gallery-1-20652'>\n\t\t\t\tDep\u00f3sito de pe\u00e7as (Foto: Sabrina Ritter)\n\t\t\t\t<\/dd><\/dl><dl class='gallery-item'>\n\t\t\t<dt class='gallery-icon landscape'>\n\t\t\t\t<a href='https:\/\/www2.comunitaria.com.br\/en\/moto-agricola-volkweis-ha-42-anos-ao-lado-do-homem-do-campo\/dsc_0043-28\/'><img loading=\"lazy\" decoding=\"async\" width=\"150\" height=\"150\" src=\"https:\/\/www2.comunitaria.com.br\/wp-content\/uploads\/2016\/08\/DSC_0043-150x150.jpg\" class=\"attachment-thumbnail size-thumbnail\" alt=\"\" aria-describedby=\"gallery-1-20651\" srcset=\"https:\/\/www2.comunitaria.com.br\/wp-content\/uploads\/2016\/08\/DSC_0043-150x150.jpg 150w, https:\/\/www2.comunitaria.com.br\/wp-content\/uploads\/2016\/08\/DSC_0043-65x65.jpg 65w\" sizes=\"auto, (max-width: 150px) 100vw, 150px\" \/><\/a>\n\t\t\t<\/dt>\n\t\t\t\t<dd class='wp-caption-text gallery-caption' id='gallery-1-20651'>\n\t\t\t\tSala para constru\u00e7\u00e3o de motores (Foto: Sabrina Ritter)\n\t\t\t\t<\/dd><\/dl><br style=\"clear: both\" \/><dl class='gallery-item'>\n\t\t\t<dt class='gallery-icon landscape'>\n\t\t\t\t<a href='https:\/\/www2.comunitaria.com.br\/en\/moto-agricola-volkweis-ha-42-anos-ao-lado-do-homem-do-campo\/dsc_0041-25\/'><img loading=\"lazy\" decoding=\"async\" width=\"150\" height=\"150\" src=\"https:\/\/www2.comunitaria.com.br\/wp-content\/uploads\/2016\/08\/DSC_0041-150x150.jpg\" class=\"attachment-thumbnail size-thumbnail\" alt=\"\" aria-describedby=\"gallery-1-20650\" srcset=\"https:\/\/www2.comunitaria.com.br\/wp-content\/uploads\/2016\/08\/DSC_0041-150x150.jpg 150w, https:\/\/www2.comunitaria.com.br\/wp-content\/uploads\/2016\/08\/DSC_0041-65x65.jpg 65w\" sizes=\"auto, (max-width: 150px) 100vw, 150px\" \/><\/a>\n\t\t\t<\/dt>\n\t\t\t\t<dd class='wp-caption-text gallery-caption' id='gallery-1-20650'>\n\t\t\t\tBoxes para estacionamento de tratores e colheitadeiras (Foto: Sabrina Ritter)\n\t\t\t\t<\/dd><\/dl><dl class='gallery-item'>\n\t\t\t<dt class='gallery-icon landscape'>\n\t\t\t\t<a href='https:\/\/www2.comunitaria.com.br\/en\/moto-agricola-volkweis-ha-42-anos-ao-lado-do-homem-do-campo\/dsc_0039-32\/'><img loading=\"lazy\" decoding=\"async\" width=\"150\" height=\"150\" src=\"https:\/\/www2.comunitaria.com.br\/wp-content\/uploads\/2016\/08\/DSC_0039-150x150.jpg\" class=\"attachment-thumbnail size-thumbnail\" alt=\"\" aria-describedby=\"gallery-1-20648\" srcset=\"https:\/\/www2.comunitaria.com.br\/wp-content\/uploads\/2016\/08\/DSC_0039-150x150.jpg 150w, https:\/\/www2.comunitaria.com.br\/wp-content\/uploads\/2016\/08\/DSC_0039-65x65.jpg 65w\" sizes=\"auto, (max-width: 150px) 100vw, 150px\" \/><\/a>\n\t\t\t<\/dt>\n\t\t\t\t<dd class='wp-caption-text gallery-caption' id='gallery-1-20648'>\n\t\t\t\tSala administrativa (Foto: Sabrina Ritter)\n\t\t\t\t<\/dd><\/dl><dl class='gallery-item'>\n\t\t\t<dt class='gallery-icon portrait'>\n\t\t\t\t<a href='https:\/\/www2.comunitaria.com.br\/en\/moto-agricola-volkweis-ha-42-anos-ao-lado-do-homem-do-campo\/dsc_0026-32\/'><img loading=\"lazy\" decoding=\"async\" width=\"150\" height=\"150\" src=\"https:\/\/www2.comunitaria.com.br\/wp-content\/uploads\/2016\/08\/DSC_0026-150x150.jpg\" class=\"attachment-thumbnail size-thumbnail\" alt=\"\" aria-describedby=\"gallery-1-20642\" srcset=\"https:\/\/www2.comunitaria.com.br\/wp-content\/uploads\/2016\/08\/DSC_0026-150x150.jpg 150w, https:\/\/www2.comunitaria.com.br\/wp-content\/uploads\/2016\/08\/DSC_0026-65x65.jpg 65w\" sizes=\"auto, (max-width: 150px) 100vw, 150px\" \/><\/a>\n\t\t\t<\/dt>\n\t\t\t\t<dd class='wp-caption-text gallery-caption' id='gallery-1-20642'>\n\t\t\t\tRui Ant\u00f4nio Volkweis, s\u00f3cio propriet\u00e1rio (Foto: Sabrina Ritter)\n\t\t\t\t<\/dd><\/dl><br style=\"clear: both\" \/><dl class='gallery-item'>\n\t\t\t<dt class='gallery-icon landscape'>\n\t\t\t\t<a href='https:\/\/www2.comunitaria.com.br\/en\/moto-agricola-volkweis-ha-42-anos-ao-lado-do-homem-do-campo\/dsc_0038-18\/'><img loading=\"lazy\" decoding=\"async\" width=\"150\" height=\"150\" src=\"https:\/\/www2.comunitaria.com.br\/wp-content\/uploads\/2016\/08\/DSC_0038-150x150.jpg\" class=\"attachment-thumbnail size-thumbnail\" alt=\"\" aria-describedby=\"gallery-1-20647\" srcset=\"https:\/\/www2.comunitaria.com.br\/wp-content\/uploads\/2016\/08\/DSC_0038-150x150.jpg 150w, https:\/\/www2.comunitaria.com.br\/wp-content\/uploads\/2016\/08\/DSC_0038-65x65.jpg 65w\" sizes=\"auto, (max-width: 150px) 100vw, 150px\" \/><\/a>\n\t\t\t<\/dt>\n\t\t\t\t<dd class='wp-caption-text gallery-caption' id='gallery-1-20647'>\n\t\t\t\tSala de reuni\u00f5es (Foto: Sabrina Ritter)\n\t\t\t\t<\/dd><\/dl><dl class='gallery-item'>\n\t\t\t<dt class='gallery-icon landscape'>\n\t\t\t\t<a href='https:\/\/www2.comunitaria.com.br\/en\/moto-agricola-volkweis-ha-42-anos-ao-lado-do-homem-do-campo\/dsc_0035-27\/'><img loading=\"lazy\" decoding=\"async\" width=\"150\" height=\"150\" src=\"https:\/\/www2.comunitaria.com.br\/wp-content\/uploads\/2016\/08\/DSC_0035-150x150.jpg\" class=\"attachment-thumbnail size-thumbnail\" alt=\"\" aria-describedby=\"gallery-1-20646\" srcset=\"https:\/\/www2.comunitaria.com.br\/wp-content\/uploads\/2016\/08\/DSC_0035-150x150.jpg 150w, https:\/\/www2.comunitaria.com.br\/wp-content\/uploads\/2016\/08\/DSC_0035-65x65.jpg 65w\" sizes=\"auto, (max-width: 150px) 100vw, 150px\" \/><\/a>\n\t\t\t<\/dt>\n\t\t\t\t<dd class='wp-caption-text gallery-caption' id='gallery-1-20646'>\n\t\t\t\tSala de treinamento (Foto: Sabrina Ritter)\n\t\t\t\t<\/dd><\/dl><dl class='gallery-item'>\n\t\t\t<dt class='gallery-icon landscape'>\n\t\t\t\t<a href='https:\/\/www2.comunitaria.com.br\/en\/moto-agricola-volkweis-ha-42-anos-ao-lado-do-homem-do-campo\/dsc_0033-30\/'><img loading=\"lazy\" decoding=\"async\" width=\"150\" height=\"150\" src=\"https:\/\/www2.comunitaria.com.br\/wp-content\/uploads\/2016\/08\/DSC_0033-150x150.jpg\" class=\"attachment-thumbnail size-thumbnail\" alt=\"\" aria-describedby=\"gallery-1-20645\" srcset=\"https:\/\/www2.comunitaria.com.br\/wp-content\/uploads\/2016\/08\/DSC_0033-150x150.jpg 150w, https:\/\/www2.comunitaria.com.br\/wp-content\/uploads\/2016\/08\/DSC_0033-65x65.jpg 65w\" sizes=\"auto, (max-width: 150px) 100vw, 150px\" \/><\/a>\n\t\t\t<\/dt>\n\t\t\t\t<dd class='wp-caption-text gallery-caption' id='gallery-1-20645'>\n\t\t\t\tFoto: Sabrina Ritter\n\t\t\t\t<\/dd><\/dl><br style=\"clear: both\" \/><dl class='gallery-item'>\n\t\t\t<dt class='gallery-icon landscape'>\n\t\t\t\t<a href='https:\/\/www2.comunitaria.com.br\/en\/moto-agricola-volkweis-ha-42-anos-ao-lado-do-homem-do-campo\/dsc_0030-31\/'><img loading=\"lazy\" decoding=\"async\" width=\"150\" height=\"150\" src=\"https:\/\/www2.comunitaria.com.br\/wp-content\/uploads\/2016\/08\/DSC_0030-150x150.jpg\" class=\"attachment-thumbnail size-thumbnail\" alt=\"\" aria-describedby=\"gallery-1-20644\" srcset=\"https:\/\/www2.comunitaria.com.br\/wp-content\/uploads\/2016\/08\/DSC_0030-150x150.jpg 150w, https:\/\/www2.comunitaria.com.br\/wp-content\/uploads\/2016\/08\/DSC_0030-65x65.jpg 65w\" sizes=\"auto, (max-width: 150px) 100vw, 150px\" \/><\/a>\n\t\t\t<\/dt>\n\t\t\t\t<dd class='wp-caption-text gallery-caption' id='gallery-1-20644'>\n\t\t\t\tFoto: Sabrina Ritter\n\t\t\t\t<\/dd><\/dl><dl class='gallery-item'>\n\t\t\t<dt class='gallery-icon landscape'>\n\t\t\t\t<a href='https:\/\/www2.comunitaria.com.br\/en\/moto-agricola-volkweis-ha-42-anos-ao-lado-do-homem-do-campo\/dsc_0023-28\/'><img loading=\"lazy\" decoding=\"async\" width=\"150\" height=\"150\" src=\"https:\/\/www2.comunitaria.com.br\/wp-content\/uploads\/2016\/08\/DSC_0023-150x150.jpg\" class=\"attachment-thumbnail size-thumbnail\" alt=\"\" aria-describedby=\"gallery-1-20641\" srcset=\"https:\/\/www2.comunitaria.com.br\/wp-content\/uploads\/2016\/08\/DSC_0023-150x150.jpg 150w, https:\/\/www2.comunitaria.com.br\/wp-content\/uploads\/2016\/08\/DSC_0023-65x65.jpg 65w\" sizes=\"auto, (max-width: 150px) 100vw, 150px\" \/><\/a>\n\t\t\t<\/dt>\n\t\t\t\t<dd class='wp-caption-text gallery-caption' id='gallery-1-20641'>\n\t\t\t\tFoto: Sabrina Ritter\n\t\t\t\t<\/dd><\/dl><dl class='gallery-item'>\n\t\t\t<dt class='gallery-icon landscape'>\n\t\t\t\t<a href='https:\/\/www2.comunitaria.com.br\/en\/moto-agricola-volkweis-ha-42-anos-ao-lado-do-homem-do-campo\/dsc_0021-30\/'><img loading=\"lazy\" decoding=\"async\" width=\"150\" height=\"150\" src=\"https:\/\/www2.comunitaria.com.br\/wp-content\/uploads\/2016\/08\/DSC_0021-150x150.jpg\" class=\"attachment-thumbnail size-thumbnail\" alt=\"\" aria-describedby=\"gallery-1-20640\" srcset=\"https:\/\/www2.comunitaria.com.br\/wp-content\/uploads\/2016\/08\/DSC_0021-150x150.jpg 150w, https:\/\/www2.comunitaria.com.br\/wp-content\/uploads\/2016\/08\/DSC_0021-65x65.jpg 65w\" sizes=\"auto, (max-width: 150px) 100vw, 150px\" \/><\/a>\n\t\t\t<\/dt>\n\t\t\t\t<dd class='wp-caption-text gallery-caption' id='gallery-1-20640'>\n\t\t\t\tBalc\u00e3o de pe\u00e7as (Foto: Sabrina Ritter)\n\t\t\t\t<\/dd><\/dl><br style=\"clear: both\" \/><dl class='gallery-item'>\n\t\t\t<dt class='gallery-icon landscape'>\n\t\t\t\t<a href='https:\/\/www2.comunitaria.com.br\/en\/moto-agricola-volkweis-ha-42-anos-ao-lado-do-homem-do-campo\/dsc_0019-30\/'><img loading=\"lazy\" decoding=\"async\" width=\"150\" height=\"150\" src=\"https:\/\/www2.comunitaria.com.br\/wp-content\/uploads\/2016\/08\/DSC_0019-150x150.jpg\" class=\"attachment-thumbnail size-thumbnail\" alt=\"\" aria-describedby=\"gallery-1-20639\" srcset=\"https:\/\/www2.comunitaria.com.br\/wp-content\/uploads\/2016\/08\/DSC_0019-150x150.jpg 150w, https:\/\/www2.comunitaria.com.br\/wp-content\/uploads\/2016\/08\/DSC_0019-65x65.jpg 65w\" sizes=\"auto, (max-width: 150px) 100vw, 150px\" \/><\/a>\n\t\t\t<\/dt>\n\t\t\t\t<dd class='wp-caption-text gallery-caption' id='gallery-1-20639'>\n\t\t\t\tSala administrativa (Foto: Sabrina Ritter)\n\t\t\t\t<\/dd><\/dl><dl class='gallery-item'>\n\t\t\t<dt class='gallery-icon landscape'>\n\t\t\t\t<a href='https:\/\/www2.comunitaria.com.br\/en\/moto-agricola-volkweis-ha-42-anos-ao-lado-do-homem-do-campo\/dsc_0018-38\/'><img loading=\"lazy\" decoding=\"async\" width=\"150\" height=\"150\" src=\"https:\/\/www2.comunitaria.com.br\/wp-content\/uploads\/2016\/08\/DSC_0018-150x150.jpg\" class=\"attachment-thumbnail size-thumbnail\" alt=\"\" aria-describedby=\"gallery-1-20638\" srcset=\"https:\/\/www2.comunitaria.com.br\/wp-content\/uploads\/2016\/08\/DSC_0018-150x150.jpg 150w, https:\/\/www2.comunitaria.com.br\/wp-content\/uploads\/2016\/08\/DSC_0018-65x65.jpg 65w\" sizes=\"auto, (max-width: 150px) 100vw, 150px\" \/><\/a>\n\t\t\t<\/dt>\n\t\t\t\t<dd class='wp-caption-text gallery-caption' id='gallery-1-20638'>\n\t\t\t\tSala administrativa (Foto: Sabrina Ritter)\n\t\t\t\t<\/dd><\/dl><dl class='gallery-item'>\n\t\t\t<dt class='gallery-icon landscape'>\n\t\t\t\t<a href='https:\/\/www2.comunitaria.com.br\/en\/moto-agricola-volkweis-ha-42-anos-ao-lado-do-homem-do-campo\/dsc_0017-21\/'><img loading=\"lazy\" decoding=\"async\" width=\"150\" height=\"150\" src=\"https:\/\/www2.comunitaria.com.br\/wp-content\/uploads\/2016\/08\/DSC_0017-150x150.jpg\" class=\"attachment-thumbnail size-thumbnail\" alt=\"\" aria-describedby=\"gallery-1-20637\" srcset=\"https:\/\/www2.comunitaria.com.br\/wp-content\/uploads\/2016\/08\/DSC_0017-150x150.jpg 150w, https:\/\/www2.comunitaria.com.br\/wp-content\/uploads\/2016\/08\/DSC_0017-65x65.jpg 65w\" sizes=\"auto, (max-width: 150px) 100vw, 150px\" \/><\/a>\n\t\t\t<\/dt>\n\t\t\t\t<dd class='wp-caption-text gallery-caption' id='gallery-1-20637'>\n\t\t\t\tSala administrativa (Foto: Sabrina Ritter)\n\t\t\t\t<\/dd><\/dl><br style=\"clear: both\" \/><dl class='gallery-item'>\n\t\t\t<dt class='gallery-icon landscape'>\n\t\t\t\t<a href='https:\/\/www2.comunitaria.com.br\/en\/moto-agricola-volkweis-ha-42-anos-ao-lado-do-homem-do-campo\/dsc_0016-27\/'><img loading=\"lazy\" decoding=\"async\" width=\"150\" height=\"150\" src=\"https:\/\/www2.comunitaria.com.br\/wp-content\/uploads\/2016\/08\/DSC_0016-150x150.jpg\" class=\"attachment-thumbnail size-thumbnail\" alt=\"\" aria-describedby=\"gallery-1-20636\" srcset=\"https:\/\/www2.comunitaria.com.br\/wp-content\/uploads\/2016\/08\/DSC_0016-150x150.jpg 150w, https:\/\/www2.comunitaria.com.br\/wp-content\/uploads\/2016\/08\/DSC_0016-65x65.jpg 65w\" sizes=\"auto, (max-width: 150px) 100vw, 150px\" \/><\/a>\n\t\t\t<\/dt>\n\t\t\t\t<dd class='wp-caption-text gallery-caption' id='gallery-1-20636'>\n\t\t\t\tSala administrativa (Foto: Sabrina Ritter)\n\t\t\t\t<\/dd><\/dl><dl class='gallery-item'>\n\t\t\t<dt class='gallery-icon landscape'>\n\t\t\t\t<a href='https:\/\/www2.comunitaria.com.br\/en\/moto-agricola-volkweis-ha-42-anos-ao-lado-do-homem-do-campo\/dsc_0015-38\/'><img loading=\"lazy\" decoding=\"async\" width=\"150\" height=\"150\" src=\"https:\/\/www2.comunitaria.com.br\/wp-content\/uploads\/2016\/08\/DSC_0015-150x150.jpg\" class=\"attachment-thumbnail size-thumbnail\" alt=\"\" aria-describedby=\"gallery-1-20635\" srcset=\"https:\/\/www2.comunitaria.com.br\/wp-content\/uploads\/2016\/08\/DSC_0015-150x150.jpg 150w, https:\/\/www2.comunitaria.com.br\/wp-content\/uploads\/2016\/08\/DSC_0015-65x65.jpg 65w\" sizes=\"auto, (max-width: 150px) 100vw, 150px\" \/><\/a>\n\t\t\t<\/dt>\n\t\t\t\t<dd class='wp-caption-text gallery-caption' id='gallery-1-20635'>\n\t\t\t\tRecep\u00e7\u00e3o (Foto: Sabrina Ritter)\n\t\t\t\t<\/dd><\/dl><dl class='gallery-item'>\n\t\t\t<dt class='gallery-icon landscape'>\n\t\t\t\t<a href='https:\/\/www2.comunitaria.com.br\/en\/moto-agricola-volkweis-ha-42-anos-ao-lado-do-homem-do-campo\/dsc_0014-25\/'><img loading=\"lazy\" decoding=\"async\" width=\"150\" height=\"150\" src=\"https:\/\/www2.comunitaria.com.br\/wp-content\/uploads\/2016\/08\/DSC_0014-150x150.jpg\" class=\"attachment-thumbnail size-thumbnail\" alt=\"\" aria-describedby=\"gallery-1-20634\" srcset=\"https:\/\/www2.comunitaria.com.br\/wp-content\/uploads\/2016\/08\/DSC_0014-150x150.jpg 150w, https:\/\/www2.comunitaria.com.br\/wp-content\/uploads\/2016\/08\/DSC_0014-65x65.jpg 65w\" sizes=\"auto, (max-width: 150px) 100vw, 150px\" \/><\/a>\n\t\t\t<\/dt>\n\t\t\t\t<dd class='wp-caption-text gallery-caption' id='gallery-1-20634'>\n\t\t\t\tRecep\u00e7\u00e3o (Foto: Sabrina Ritter)\n\t\t\t\t<\/dd><\/dl><br style=\"clear: both\" \/>\n\t\t<\/div>","protected":false},"excerpt":{"rendered":"<p>H\u00e1 42 anos no com\u00e9rcio frederiquense, a Moto Agr\u00edcola Volkweis traz aos \u00a0clientes m\u00e1quinas e implementos agr\u00edcolas que facilitam a vida dos agricultores. Em 1974, Rui Ant\u00f4nio Volkweis, em parceria&#8230;<\/p>","protected":false},"author":2,"featured_media":20668,"comment_status":"open","ping_status":"closed","sticky":false,"template":"","format":"standard","meta":{"ngg_post_thumbnail":0,"footnotes":""},"categories":[51,993,28,33,45,35],"tags":[1078,410,1054,442,3129,956],"class_list":["post-20628","post","type-post","status-publish","format-standard","has-post-thumbnail","hentry","category-audio","category-entrevista","category-destaque","category-noticias","category-rural","category-variedades","tag-audio","tag-comercio","tag-empresa","tag-entrevista","tag-moto-agricola-volkweis","tag-nova-sede"],"amp_enabled":true,"_links":{"self":[{"href":"https:\/\/www2.comunitaria.com.br\/en\/wp-json\/wp\/v2\/posts\/20628","targetHints":{"allow":["GET"]}}],"collection":[{"href":"https:\/\/www2.comunitaria.com.br\/en\/wp-json\/wp\/v2\/posts"}],"about":[{"href":"https:\/\/www2.comunitaria.com.br\/en\/wp-json\/wp\/v2\/types\/post"}],"author":[{"embeddable":true,"href":"https:\/\/www2.comunitaria.com.br\/en\/wp-json\/wp\/v2\/users\/2"}],"replies":[{"embeddable":true,"href":"https:\/\/www2.comunitaria.com.br\/en\/wp-json\/wp\/v2\/comments?post=20628"}],"version-history":[{"count":0,"href":"https:\/\/www2.comunitaria.com.br\/en\/wp-json\/wp\/v2\/posts\/20628\/revisions"}],"wp:featuredmedia":[{"embeddable":true,"href":"https:\/\/www2.comunitaria.com.br\/en\/wp-json\/wp\/v2\/media\/20668"}],"wp:attachment":[{"href":"https:\/\/www2.comunitaria.com.br\/en\/wp-json\/wp\/v2\/media?parent=20628"}],"wp:term":[{"taxonomy":"category","embeddable":true,"href":"https:\/\/www2.comunitaria.com.br\/en\/wp-json\/wp\/v2\/categories?post=20628"},{"taxonomy":"post_tag","embeddable":true,"href":"https:\/\/www2.comunitaria.com.br\/en\/wp-json\/wp\/v2\/tags?post=20628"}],"curies":[{"name":"wp","href":"https:\/\/api.w.org\/{rel}","templated":true}]}}