{"id":20557,"date":"2016-07-31T02:04:01","date_gmt":"2016-07-31T04:04:01","guid":{"rendered":"http:\/\/www2.comunitaria.com.br\/?p=20557"},"modified":"2016-07-31T19:27:38","modified_gmt":"2016-07-31T21:27:38","slug":"rui-wolkweis-e-eleito-empresario-do-ano-2015","status":"publish","type":"post","link":"https:\/\/www2.comunitaria.com.br\/en\/rui-wolkweis-e-eleito-empresario-do-ano-2015\/","title":{"rendered":"Rui Volkweis \u00e9 eleito Empres\u00e1rio do Ano 2015"},"content":{"rendered":"<p style=\"text-align: justify;\">Na noite deste s\u00e1bado, 30, foi realizada a cerim\u00f4nia de premia\u00e7\u00e3o do Empres\u00e1rio do Ano 2015. O evento promovido pela Associa\u00e7\u00e3o Comercial e Industrial de Frederico Westphalen (ACI\/FW), contou com a presen\u00e7a de aproximadamente 500\u00a0pessoas no Clube Recreativo Cultural Harmonia. 10 finalistas concorreram a 7\u00aa edi\u00e7\u00e3o do Pr\u00eamio e, neste ano, o empres\u00e1rio mais lembrado foi Rui Ant\u00f4nio Volkweis\u00a0da empresa Moto Agr\u00edcola Volkweis. A vota\u00e7\u00e3o levou em considera\u00e7\u00e3o as seguintes caracter\u00edsticas: Esp\u00edrito empresarial, arrojo nas iniciativas, lideran\u00e7a, probidade, senso de justi\u00e7a, inova\u00e7\u00e3o tecnol\u00f3gica ou administrativa e participa\u00e7\u00e3o comunit\u00e1ria.<\/p>\n<p style=\"text-align: justify;\">Rui Volkweis destaca que foi uma surpresa muito grande ser homenageado como o Empres\u00e1rio do Ano 2015 e dedicou o pr\u00eamio \u00e0 todos os familiares e funcion\u00e1rios:<\/p>\n<!--[if lt IE 9]><script>document.createElement('audio');<\/script><![endif]-->\n<audio class=\"wp-audio-shortcode\" id=\"audio-20557-1\" preload=\"none\" style=\"width: 100%;\" controls=\"controls\"><source type=\"audio\/mpeg\" src=\"http:\/\/www2.comunitaria.com.br\/wp-content\/uploads\/2016\/07\/Seu-rui-01.mp3?_=1\" \/><a href=\"http:\/\/www2.comunitaria.com.br\/wp-content\/uploads\/2016\/07\/Seu-rui-01.mp3\">http:\/\/www2.comunitaria.com.br\/wp-content\/uploads\/2016\/07\/Seu-rui-01.mp3<\/a><\/audio>\n<p style=\"text-align: justify;\">A presidente da ACI\/FW, Simonia Gon\u00e7alves de Oliveira, destaca que o evento foi grandioso e que cumpriu seu papel, incentivando e homenageando as empresas frederiquenses:<\/p>\n<audio class=\"wp-audio-shortcode\" id=\"audio-20557-2\" preload=\"none\" style=\"width: 100%;\" controls=\"controls\"><source type=\"audio\/mpeg\" src=\"http:\/\/www2.comunitaria.com.br\/wp-content\/uploads\/2016\/07\/imoni-o.mp3?_=2\" \/><a href=\"http:\/\/www2.comunitaria.com.br\/wp-content\/uploads\/2016\/07\/imoni-o.mp3\">http:\/\/www2.comunitaria.com.br\/wp-content\/uploads\/2016\/07\/imoni-o.mp3<\/a><\/audio>\n<p>Confira o discurso de Rui ap\u00f3s receber o Trof\u00e9u Catedral:<\/p>\n<audio class=\"wp-audio-shortcode\" id=\"audio-20557-3\" preload=\"none\" style=\"width: 100%;\" controls=\"controls\"><source type=\"audio\/mpeg\" src=\"http:\/\/www2.comunitaria.com.br\/wp-content\/uploads\/2016\/07\/discurso-seu-rui.mp3?_=3\" \/><a href=\"http:\/\/www2.comunitaria.com.br\/wp-content\/uploads\/2016\/07\/discurso-seu-rui.mp3\">http:\/\/www2.comunitaria.com.br\/wp-content\/uploads\/2016\/07\/discurso-seu-rui.mp3<\/a><\/audio>\n<p style=\"text-align: justify;\"><span style=\"line-height: 1.75;\">Al\u00e9m da premia\u00e7\u00e3o ao empres\u00e1rio, houve a entrega dos certificados \u00e0s empresas destaques. Confira os vencedores:<\/span><\/p>\n<p style=\"text-align: justify;\"><strong>Empresas destaque adeptas a tributa\u00e7\u00e3o geral:<br \/>\n<\/strong><strong>Com\u00e9rcio<br \/>\n<\/strong><strong>10\u00ba lugar \u2013 <\/strong>Supermercado Sorriso<br \/>\n<strong>9\u00ba lugar \u2013 <\/strong>Lojas Becker<br \/>\n<strong>8\u00ba lugar \u2013 <\/strong>FFG Distribuidora de Bebidas e Transportes (Bebidas Garbin)<br \/>\n<strong>7\u00ba lugar \u2013 <\/strong>Bellenzier Pneus<br \/>\n<strong>6\u00ba lugar \u2013 <\/strong>Moto Agr\u00edcola Volkweis<br \/>\n<strong>5\u00ba lugar \u2013 <\/strong>Supermercado Bertoletti<br \/>\n<strong>4\u00ba lugar \u2013 <\/strong>Agricenter<br \/>\n<strong>3\u00ba lugar \u2013 <\/strong>Posto 34<br \/>\n<strong>2\u00ba lugar \u2013 <\/strong>Difremel<br \/>\n<strong>1\u00ba lugar \u2013 <\/strong>Arbaza<\/p>\n<p style=\"text-align: justify;\"><strong>Ind\u00fastria<br \/>\n<\/strong><strong>10\u00ba lugar \u2013 <\/strong>B\u00e1sico Brasil<br \/>\n<strong>9\u00ba lugar \u2013 <\/strong>Frigor\u00edfico Ragale<br \/>\n<strong>8\u00ba lugar \u2013 <\/strong>T\u00e9gula Solu\u00e7\u00f5es para Telhado<br \/>\n<strong>7\u00ba lugar \u2013<\/strong> Frangos Piovesan<br \/>\n<strong>6\u00ba lugar \u2013 <\/strong>TecSol Agroind\u00fastria<br \/>\n<strong>5\u00ba lugar \u2013 <\/strong>Rubens A.C. Haubert<br \/>\n<strong>4\u00ba lugar \u2013 <\/strong>Probon Estofados<br \/>\n<strong>3\u00ba lugar \u2013 <\/strong>Agrobella<br \/>\n<strong>2\u00ba lugar \u2013 <\/strong>Bakof Pl\u00e1sticos Ltda<br \/>\n<strong>1\u00ba lugar \u2013 <\/strong>JBS Foods<\/p>\n<p style=\"text-align: justify;\"><strong>Presta\u00e7\u00e3o de Servi\u00e7o<br \/>\n<\/strong><strong>10\u00ba lugar \u2013 <\/strong>Bric\u00b4s Distribuidora Seara<br \/>\n<strong>9\u00ba lugar \u2013 <\/strong>West Sul Turismo<br \/>\n<strong>8\u00ba lugar \u2013 <\/strong>Cerealista Bolsi<br \/>\n<strong>7\u00ba lugar \u2013 <\/strong>Transportadora Veneto<br \/>\n<strong>6\u00ba lugar \u2013 <\/strong>Transportes Botton<br \/>\n<strong>5\u00ba lugar \u2013 <\/strong>Cooperativa Regional do M\u00e9dio Alto Uruguai de Transportadores Aut\u00f4nomos de Leite (Coomautal)<br \/>\n<strong>4\u00ba lugar \u2013 <\/strong>Cereais Ruviaro<br \/>\n<strong>3\u00ba lugar \u2013 <\/strong>Supertex Concreto<br \/>\n<strong>2\u00ba lugar \u2013 <\/strong>Cotrifred<br \/>\n<strong>1\u00ba lugar \u2013 <\/strong>JBS Foods<\/p>\n<p style=\"text-align: justify;\"><strong>Empresas destaque adeptas ao Simples Nacional:<br \/>\n<\/strong><strong>Com\u00e9rcio<br \/>\n<\/strong><strong>10\u00ba lugar \u2013<\/strong> Todeschini<br \/>\n<strong>9\u00ba lugar \u2013<\/strong> Cal\u00e7ados Bambini Ltda (Espa\u00e7o Bambini)<br \/>\n<strong>8\u00ba lugar \u2013<\/strong> Companhia dos P\u00e3es<br \/>\n<strong>7\u00ba lugar \u2013<\/strong> Arte Flor Embalagens Especiais<br \/>\n<strong>6\u00ba lugar \u2013<\/strong> \u00c1guas Claras Piscinas<br \/>\n<strong>5\u00ba lugar \u2013<\/strong> Irm\u00e3os Mazzonetto Ltda<br \/>\n<strong>4\u00ba lugar \u2013<\/strong> J.J. Vitalli<br \/>\n<strong>3\u00ba lugar \u2013<\/strong> Eixo Sul<br \/>\n<strong>2\u00ba lugar \u2013<\/strong> Praia Mar Ind\u00fastria e Com\u00e9rcio de Nutrac\u00eauticos<br \/>\n<strong>1\u00ba lugar \u2013<\/strong> Pedrinho Auto Pe\u00e7as<\/p>\n<p style=\"text-align: justify;\"><strong>Ind\u00fastria<br \/>\n<\/strong><strong>10\u00ba lugar \u2013<\/strong> Hellen Suzan Ind\u00fastria e Com\u00e9rcio de Cal\u00e7ados<br \/>\n<strong>9\u00ba lugar \u2013<\/strong> Rudimar Cerato<br \/>\n<strong>8\u00ba lugar \u2013<\/strong> Di Pesca<br \/>\n<strong>7\u00ba lugar \u2013<\/strong> Megainstal Automa\u00e7\u00e3o Industrial<br \/>\n<strong>6\u00ba lugar \u2013<\/strong> Scadal Industrial e Com\u00e9rcio de Uniformes Ltda (Companhia do Uniforme)<br \/>\n<strong>5\u00ba lugar \u2013<\/strong> Alessi Minera\u00e7\u00e3o<br \/>\n<strong>4\u00ba lugar \u2013<\/strong> Pr\u00e9-Moldados Dalmolin<br \/>\n<strong>3\u00ba lugar \u2013<\/strong> Stemetal Ind\u00fastria Metal\u00fargica<br \/>\n<strong>2\u00ba lugar \u2013<\/strong> Concreval Estruturas<br \/>\n<strong>1\u00ba lugar \u2013<\/strong> Binoarte Luminosos<\/p>\n<p style=\"text-align: justify;\"><strong>Presta\u00e7\u00e3o de Servi\u00e7o<br \/>\n<\/strong><strong>10\u00ba lugar \u2013<\/strong> Madsul Com\u00e9rcio e Transportes (Donatti Madeiras)<br \/>\n<strong>9\u00ba lugar \u2013<\/strong> Santa Felicidade Transportes<br \/>\n<strong>8\u00ba lugar \u2013<\/strong> Natalli Transportes<br \/>\n<strong>7\u00ba lugar \u2013<\/strong> Sebben Climatiza\u00e7\u00e3o<br \/>\n<strong>6\u00ba lugar \u2013<\/strong> Grafimax<br \/>\n<strong>5\u00ba lugar \u2013<\/strong> Chimello Transportes<br \/>\n<strong>4\u00ba lugar \u2013<\/strong> Marmoaria Binotto<br \/>\n<strong>3\u00ba lugar \u2013<\/strong> Blasi Pneus<br \/>\n<strong>2\u00ba lugar \u2013<\/strong> Pont\u00e3o D\u00b4Areia<br \/>\n<strong>1\u00ba lugar \u2013<\/strong> Tch\u00ea Turbo Provedor de Internet<\/p>\n<p style=\"text-align: justify;\">Ap\u00f3s as solenidades foi servido jantar e\u00a0a noite ainda contou com\u00a0anima\u00e7\u00e3o do sexteto Tempero Brasil. O grupo \u00e9 conhecido por realizar apresenta\u00e7\u00f5es e releituras nos arranjos escritos pelo Maestro Astor Jair Dalferth e interpretou ritmos famosos de Bossa Nova, Jazz, al\u00e9m de cl\u00e1ssicos do rock, pop e MPB.<\/p>\n\n\t\t<style type=\"text\/css\">\n\t\t\t#gallery-1 {\n\t\t\t\tmargin: auto;\n\t\t\t}\n\t\t\t#gallery-1 .gallery-item {\n\t\t\t\tfloat: left;\n\t\t\t\tmargin-top: 10px;\n\t\t\t\ttext-align: center;\n\t\t\t\twidth: 33%;\n\t\t\t}\n\t\t\t#gallery-1 img {\n\t\t\t\tborder: 2px solid #cfcfcf;\n\t\t\t}\n\t\t\t#gallery-1 .gallery-caption {\n\t\t\t\tmargin-left: 0;\n\t\t\t}\n\t\t\t\/* see gallery_shortcode() in wp-includes\/media.php *\/\n\t\t<\/style>\n\t\t<div id='gallery-1' class='gallery galleryid-20557 gallery-columns-3 gallery-size-thumbnail'><dl class='gallery-item'>\n\t\t\t<dt class='gallery-icon landscape'>\n\t\t\t\t<a href='https:\/\/www2.comunitaria.com.br\/en\/rui-wolkweis-e-eleito-empresario-do-ano-2015\/dsc_0100-13\/'><img loading=\"lazy\" decoding=\"async\" width=\"150\" height=\"150\" src=\"https:\/\/www2.comunitaria.com.br\/wp-content\/uploads\/2016\/07\/DSC_0100-2-150x150.jpg\" class=\"attachment-thumbnail size-thumbnail\" alt=\"\" aria-describedby=\"gallery-1-20561\" srcset=\"https:\/\/www2.comunitaria.com.br\/wp-content\/uploads\/2016\/07\/DSC_0100-2-150x150.jpg 150w, https:\/\/www2.comunitaria.com.br\/wp-content\/uploads\/2016\/07\/DSC_0100-2-65x65.jpg 65w\" sizes=\"auto, (max-width: 150px) 100vw, 150px\" \/><\/a>\n\t\t\t<\/dt>\n\t\t\t\t<dd class='wp-caption-text gallery-caption' id='gallery-1-20561'>\n\t\t\t\tFoto: Sabrina Ritter\n\t\t\t\t<\/dd><\/dl><dl class='gallery-item'>\n\t\t\t<dt class='gallery-icon landscape'>\n\t\t\t\t<a href='https:\/\/www2.comunitaria.com.br\/en\/rui-wolkweis-e-eleito-empresario-do-ano-2015\/dsc_0101-16\/'><img loading=\"lazy\" decoding=\"async\" width=\"150\" height=\"150\" src=\"https:\/\/www2.comunitaria.com.br\/wp-content\/uploads\/2016\/07\/DSC_0101-150x150.jpg\" class=\"attachment-thumbnail size-thumbnail\" alt=\"\" aria-describedby=\"gallery-1-20562\" srcset=\"https:\/\/www2.comunitaria.com.br\/wp-content\/uploads\/2016\/07\/DSC_0101-150x150.jpg 150w, https:\/\/www2.comunitaria.com.br\/wp-content\/uploads\/2016\/07\/DSC_0101-65x65.jpg 65w\" sizes=\"auto, (max-width: 150px) 100vw, 150px\" \/><\/a>\n\t\t\t<\/dt>\n\t\t\t\t<dd class='wp-caption-text gallery-caption' id='gallery-1-20562'>\n\t\t\t\tFoto: Sabrina Ritter\n\t\t\t\t<\/dd><\/dl><dl class='gallery-item'>\n\t\t\t<dt class='gallery-icon landscape'>\n\t\t\t\t<a href='https:\/\/www2.comunitaria.com.br\/en\/rui-wolkweis-e-eleito-empresario-do-ano-2015\/dsc_0102-19\/'><img loading=\"lazy\" decoding=\"async\" width=\"150\" height=\"150\" src=\"https:\/\/www2.comunitaria.com.br\/wp-content\/uploads\/2016\/07\/DSC_0102-2-150x150.jpg\" class=\"attachment-thumbnail size-thumbnail\" alt=\"\" aria-describedby=\"gallery-1-20563\" srcset=\"https:\/\/www2.comunitaria.com.br\/wp-content\/uploads\/2016\/07\/DSC_0102-2-150x150.jpg 150w, https:\/\/www2.comunitaria.com.br\/wp-content\/uploads\/2016\/07\/DSC_0102-2-65x65.jpg 65w\" sizes=\"auto, (max-width: 150px) 100vw, 150px\" \/><\/a>\n\t\t\t<\/dt>\n\t\t\t\t<dd class='wp-caption-text gallery-caption' id='gallery-1-20563'>\n\t\t\t\tFoto: Sabrina Ritter\n\t\t\t\t<\/dd><\/dl><br style=\"clear: both\" \/><dl class='gallery-item'>\n\t\t\t<dt class='gallery-icon landscape'>\n\t\t\t\t<a href='https:\/\/www2.comunitaria.com.br\/en\/rui-wolkweis-e-eleito-empresario-do-ano-2015\/dsc_0104-20\/'><img loading=\"lazy\" decoding=\"async\" width=\"150\" height=\"150\" src=\"https:\/\/www2.comunitaria.com.br\/wp-content\/uploads\/2016\/07\/DSC_0104-2-150x150.jpg\" class=\"attachment-thumbnail size-thumbnail\" alt=\"\" aria-describedby=\"gallery-1-20564\" srcset=\"https:\/\/www2.comunitaria.com.br\/wp-content\/uploads\/2016\/07\/DSC_0104-2-150x150.jpg 150w, https:\/\/www2.comunitaria.com.br\/wp-content\/uploads\/2016\/07\/DSC_0104-2-65x65.jpg 65w\" sizes=\"auto, (max-width: 150px) 100vw, 150px\" \/><\/a>\n\t\t\t<\/dt>\n\t\t\t\t<dd class='wp-caption-text gallery-caption' id='gallery-1-20564'>\n\t\t\t\tFoto: Sabrina Ritter\n\t\t\t\t<\/dd><\/dl><dl class='gallery-item'>\n\t\t\t<dt class='gallery-icon landscape'>\n\t\t\t\t<a href='https:\/\/www2.comunitaria.com.br\/en\/rui-wolkweis-e-eleito-empresario-do-ano-2015\/dsc_0115-15\/'><img loading=\"lazy\" decoding=\"async\" width=\"150\" height=\"150\" src=\"https:\/\/www2.comunitaria.com.br\/wp-content\/uploads\/2016\/07\/DSC_0115-1-150x150.jpg\" class=\"attachment-thumbnail size-thumbnail\" alt=\"\" aria-describedby=\"gallery-1-20565\" srcset=\"https:\/\/www2.comunitaria.com.br\/wp-content\/uploads\/2016\/07\/DSC_0115-1-150x150.jpg 150w, https:\/\/www2.comunitaria.com.br\/wp-content\/uploads\/2016\/07\/DSC_0115-1-65x65.jpg 65w\" sizes=\"auto, (max-width: 150px) 100vw, 150px\" \/><\/a>\n\t\t\t<\/dt>\n\t\t\t\t<dd class='wp-caption-text gallery-caption' id='gallery-1-20565'>\n\t\t\t\tFoto: Sabrina Ritter\n\t\t\t\t<\/dd><\/dl><dl class='gallery-item'>\n\t\t\t<dt class='gallery-icon landscape'>\n\t\t\t\t<a href='https:\/\/www2.comunitaria.com.br\/en\/rui-wolkweis-e-eleito-empresario-do-ano-2015\/dsc_0119-14\/'><img loading=\"lazy\" decoding=\"async\" width=\"150\" height=\"150\" src=\"https:\/\/www2.comunitaria.com.br\/wp-content\/uploads\/2016\/07\/DSC_0119-150x150.jpg\" class=\"attachment-thumbnail size-thumbnail\" alt=\"\" aria-describedby=\"gallery-1-20566\" srcset=\"https:\/\/www2.comunitaria.com.br\/wp-content\/uploads\/2016\/07\/DSC_0119-150x150.jpg 150w, https:\/\/www2.comunitaria.com.br\/wp-content\/uploads\/2016\/07\/DSC_0119-65x65.jpg 65w\" sizes=\"auto, (max-width: 150px) 100vw, 150px\" \/><\/a>\n\t\t\t<\/dt>\n\t\t\t\t<dd class='wp-caption-text gallery-caption' id='gallery-1-20566'>\n\t\t\t\tFoto: Sabrina Ritter\n\t\t\t\t<\/dd><\/dl><br style=\"clear: both\" \/><dl class='gallery-item'>\n\t\t\t<dt class='gallery-icon landscape'>\n\t\t\t\t<a href='https:\/\/www2.comunitaria.com.br\/en\/rui-wolkweis-e-eleito-empresario-do-ano-2015\/dsc_0129-12\/'><img loading=\"lazy\" decoding=\"async\" width=\"150\" height=\"150\" src=\"https:\/\/www2.comunitaria.com.br\/wp-content\/uploads\/2016\/07\/DSC_0129-2-150x150.jpg\" class=\"attachment-thumbnail size-thumbnail\" alt=\"\" aria-describedby=\"gallery-1-20568\" srcset=\"https:\/\/www2.comunitaria.com.br\/wp-content\/uploads\/2016\/07\/DSC_0129-2-150x150.jpg 150w, https:\/\/www2.comunitaria.com.br\/wp-content\/uploads\/2016\/07\/DSC_0129-2-65x65.jpg 65w\" sizes=\"auto, (max-width: 150px) 100vw, 150px\" \/><\/a>\n\t\t\t<\/dt>\n\t\t\t\t<dd class='wp-caption-text gallery-caption' id='gallery-1-20568'>\n\t\t\t\tFoto: Sabrina Ritter\n\t\t\t\t<\/dd><\/dl><dl class='gallery-item'>\n\t\t\t<dt class='gallery-icon landscape'>\n\t\t\t\t<a href='https:\/\/www2.comunitaria.com.br\/en\/rui-wolkweis-e-eleito-empresario-do-ano-2015\/dsc_0134-19\/'><img loading=\"lazy\" decoding=\"async\" width=\"150\" height=\"150\" src=\"https:\/\/www2.comunitaria.com.br\/wp-content\/uploads\/2016\/07\/DSC_0134-1-150x150.jpg\" class=\"attachment-thumbnail size-thumbnail\" alt=\"\" aria-describedby=\"gallery-1-20569\" srcset=\"https:\/\/www2.comunitaria.com.br\/wp-content\/uploads\/2016\/07\/DSC_0134-1-150x150.jpg 150w, https:\/\/www2.comunitaria.com.br\/wp-content\/uploads\/2016\/07\/DSC_0134-1-65x65.jpg 65w\" sizes=\"auto, (max-width: 150px) 100vw, 150px\" \/><\/a>\n\t\t\t<\/dt>\n\t\t\t\t<dd class='wp-caption-text gallery-caption' id='gallery-1-20569'>\n\t\t\t\tFoto: Sabrina Ritter\n\t\t\t\t<\/dd><\/dl><dl class='gallery-item'>\n\t\t\t<dt class='gallery-icon landscape'>\n\t\t\t\t<a href='https:\/\/www2.comunitaria.com.br\/en\/rui-wolkweis-e-eleito-empresario-do-ano-2015\/dsc_0137-19\/'><img loading=\"lazy\" decoding=\"async\" width=\"150\" height=\"150\" src=\"https:\/\/www2.comunitaria.com.br\/wp-content\/uploads\/2016\/07\/DSC_0137-150x150.jpg\" class=\"attachment-thumbnail size-thumbnail\" alt=\"\" aria-describedby=\"gallery-1-20570\" srcset=\"https:\/\/www2.comunitaria.com.br\/wp-content\/uploads\/2016\/07\/DSC_0137-150x150.jpg 150w, https:\/\/www2.comunitaria.com.br\/wp-content\/uploads\/2016\/07\/DSC_0137-65x65.jpg 65w\" sizes=\"auto, (max-width: 150px) 100vw, 150px\" \/><\/a>\n\t\t\t<\/dt>\n\t\t\t\t<dd class='wp-caption-text gallery-caption' id='gallery-1-20570'>\n\t\t\t\tFoto: Sabrina Ritter\n\t\t\t\t<\/dd><\/dl><br style=\"clear: both\" \/><dl class='gallery-item'>\n\t\t\t<dt class='gallery-icon landscape'>\n\t\t\t\t<a href='https:\/\/www2.comunitaria.com.br\/en\/rui-wolkweis-e-eleito-empresario-do-ano-2015\/dsc_0139-16\/'><img loading=\"lazy\" decoding=\"async\" width=\"150\" height=\"150\" src=\"https:\/\/www2.comunitaria.com.br\/wp-content\/uploads\/2016\/07\/DSC_0139-150x150.jpg\" class=\"attachment-thumbnail size-thumbnail\" alt=\"\" aria-describedby=\"gallery-1-20571\" srcset=\"https:\/\/www2.comunitaria.com.br\/wp-content\/uploads\/2016\/07\/DSC_0139-150x150.jpg 150w, https:\/\/www2.comunitaria.com.br\/wp-content\/uploads\/2016\/07\/DSC_0139-65x65.jpg 65w\" sizes=\"auto, (max-width: 150px) 100vw, 150px\" \/><\/a>\n\t\t\t<\/dt>\n\t\t\t\t<dd class='wp-caption-text gallery-caption' id='gallery-1-20571'>\n\t\t\t\tFoto: Sabrina Ritter\n\t\t\t\t<\/dd><\/dl><dl class='gallery-item'>\n\t\t\t<dt class='gallery-icon landscape'>\n\t\t\t\t<a href='https:\/\/www2.comunitaria.com.br\/en\/rui-wolkweis-e-eleito-empresario-do-ano-2015\/dsc_0143-9\/'><img loading=\"lazy\" decoding=\"async\" width=\"150\" height=\"150\" src=\"https:\/\/www2.comunitaria.com.br\/wp-content\/uploads\/2016\/07\/DSC_0143-150x150.jpg\" class=\"attachment-thumbnail size-thumbnail\" alt=\"\" aria-describedby=\"gallery-1-20572\" srcset=\"https:\/\/www2.comunitaria.com.br\/wp-content\/uploads\/2016\/07\/DSC_0143-150x150.jpg 150w, https:\/\/www2.comunitaria.com.br\/wp-content\/uploads\/2016\/07\/DSC_0143-65x65.jpg 65w\" sizes=\"auto, (max-width: 150px) 100vw, 150px\" \/><\/a>\n\t\t\t<\/dt>\n\t\t\t\t<dd class='wp-caption-text gallery-caption' id='gallery-1-20572'>\n\t\t\t\tFoto: Sabrina Ritter\n\t\t\t\t<\/dd><\/dl><dl class='gallery-item'>\n\t\t\t<dt class='gallery-icon landscape'>\n\t\t\t\t<a href='https:\/\/www2.comunitaria.com.br\/en\/rui-wolkweis-e-eleito-empresario-do-ano-2015\/dsc_0148-16\/'><img loading=\"lazy\" decoding=\"async\" width=\"150\" height=\"150\" src=\"https:\/\/www2.comunitaria.com.br\/wp-content\/uploads\/2016\/07\/DSC_0148-150x150.jpg\" class=\"attachment-thumbnail size-thumbnail\" alt=\"\" aria-describedby=\"gallery-1-20573\" srcset=\"https:\/\/www2.comunitaria.com.br\/wp-content\/uploads\/2016\/07\/DSC_0148-150x150.jpg 150w, https:\/\/www2.comunitaria.com.br\/wp-content\/uploads\/2016\/07\/DSC_0148-65x65.jpg 65w\" sizes=\"auto, (max-width: 150px) 100vw, 150px\" \/><\/a>\n\t\t\t<\/dt>\n\t\t\t\t<dd class='wp-caption-text gallery-caption' id='gallery-1-20573'>\n\t\t\t\tFoto: Sabrina Ritter\n\t\t\t\t<\/dd><\/dl><br style=\"clear: both\" \/><dl class='gallery-item'>\n\t\t\t<dt class='gallery-icon landscape'>\n\t\t\t\t<a href='https:\/\/www2.comunitaria.com.br\/en\/rui-wolkweis-e-eleito-empresario-do-ano-2015\/dsc_0149-19\/'><img loading=\"lazy\" decoding=\"async\" width=\"150\" height=\"150\" src=\"https:\/\/www2.comunitaria.com.br\/wp-content\/uploads\/2016\/07\/DSC_0149-150x150.jpg\" class=\"attachment-thumbnail size-thumbnail\" alt=\"\" aria-describedby=\"gallery-1-20574\" srcset=\"https:\/\/www2.comunitaria.com.br\/wp-content\/uploads\/2016\/07\/DSC_0149-150x150.jpg 150w, https:\/\/www2.comunitaria.com.br\/wp-content\/uploads\/2016\/07\/DSC_0149-65x65.jpg 65w\" sizes=\"auto, (max-width: 150px) 100vw, 150px\" \/><\/a>\n\t\t\t<\/dt>\n\t\t\t\t<dd class='wp-caption-text gallery-caption' id='gallery-1-20574'>\n\t\t\t\tFoto: Sabrina Ritter\n\t\t\t\t<\/dd><\/dl><dl class='gallery-item'>\n\t\t\t<dt class='gallery-icon landscape'>\n\t\t\t\t<a href='https:\/\/www2.comunitaria.com.br\/en\/rui-wolkweis-e-eleito-empresario-do-ano-2015\/dsc_0150-20\/'><img loading=\"lazy\" decoding=\"async\" width=\"150\" height=\"150\" src=\"https:\/\/www2.comunitaria.com.br\/wp-content\/uploads\/2016\/07\/DSC_0150-150x150.jpg\" class=\"attachment-thumbnail size-thumbnail\" alt=\"\" aria-describedby=\"gallery-1-20575\" srcset=\"https:\/\/www2.comunitaria.com.br\/wp-content\/uploads\/2016\/07\/DSC_0150-150x150.jpg 150w, https:\/\/www2.comunitaria.com.br\/wp-content\/uploads\/2016\/07\/DSC_0150-65x65.jpg 65w\" sizes=\"auto, (max-width: 150px) 100vw, 150px\" \/><\/a>\n\t\t\t<\/dt>\n\t\t\t\t<dd class='wp-caption-text gallery-caption' id='gallery-1-20575'>\n\t\t\t\tFoto: Sabrina Ritter\n\t\t\t\t<\/dd><\/dl><dl class='gallery-item'>\n\t\t\t<dt class='gallery-icon landscape'>\n\t\t\t\t<a href='https:\/\/www2.comunitaria.com.br\/en\/rui-wolkweis-e-eleito-empresario-do-ano-2015\/dsc_0153-13\/'><img loading=\"lazy\" decoding=\"async\" width=\"150\" height=\"150\" src=\"https:\/\/www2.comunitaria.com.br\/wp-content\/uploads\/2016\/07\/DSC_0153-150x150.jpg\" class=\"attachment-thumbnail size-thumbnail\" alt=\"\" aria-describedby=\"gallery-1-20576\" srcset=\"https:\/\/www2.comunitaria.com.br\/wp-content\/uploads\/2016\/07\/DSC_0153-150x150.jpg 150w, https:\/\/www2.comunitaria.com.br\/wp-content\/uploads\/2016\/07\/DSC_0153-65x65.jpg 65w\" sizes=\"auto, (max-width: 150px) 100vw, 150px\" \/><\/a>\n\t\t\t<\/dt>\n\t\t\t\t<dd class='wp-caption-text gallery-caption' id='gallery-1-20576'>\n\t\t\t\tFoto: Sabrina Ritter\n\t\t\t\t<\/dd><\/dl><br style=\"clear: both\" \/>\n\t\t<\/div>\n\n<p style=\"text-align: justify;\">","protected":false},"excerpt":{"rendered":"<p>Na noite deste s\u00e1bado, 30, foi realizada a cerim\u00f4nia de premia\u00e7\u00e3o do Empres\u00e1rio do Ano 2015. O evento promovido pela Associa\u00e7\u00e3o Comercial e Industrial de Frederico Westphalen (ACI\/FW), contou com a presen\u00e7a de aproximadamente 500\u00a0pessoas no Clube Recreativo Cultural Harmonia. 10 finalistas concorreram a 7\u00aa edi\u00e7\u00e3o do Pr\u00eamio e, neste ano, o empres\u00e1rio mais lembrado<\/p>\n<div class=\"read-more-wrapper\"><a class=\"read-more\" href=\"https:\/\/www2.comunitaria.com.br\/en\/rui-wolkweis-e-eleito-empresario-do-ano-2015\/\" title=\"Read More\"> <span class=\"button\">Read More<\/span><\/a><\/div>","protected":false},"author":2,"featured_media":20558,"comment_status":"open","ping_status":"closed","sticky":false,"template":"","format":"standard","meta":{"ngg_post_thumbnail":0,"footnotes":""},"categories":[42,28,33,35],"tags":[1347,82,107,1165,851],"class_list":["post-20557","post","type-post","status-publish","format-standard","has-post-thumbnail","hentry","category-fred-west","category-destaque","category-noticias","category-variedades","tag-empresario-do-ano","tag-frederico-westphalen","tag-premio","tag-variedades","tag-votacao"],"amp_enabled":true,"_links":{"self":[{"href":"https:\/\/www2.comunitaria.com.br\/en\/wp-json\/wp\/v2\/posts\/20557","targetHints":{"allow":["GET"]}}],"collection":[{"href":"https:\/\/www2.comunitaria.com.br\/en\/wp-json\/wp\/v2\/posts"}],"about":[{"href":"https:\/\/www2.comunitaria.com.br\/en\/wp-json\/wp\/v2\/types\/post"}],"author":[{"embeddable":true,"href":"https:\/\/www2.comunitaria.com.br\/en\/wp-json\/wp\/v2\/users\/2"}],"replies":[{"embeddable":true,"href":"https:\/\/www2.comunitaria.com.br\/en\/wp-json\/wp\/v2\/comments?post=20557"}],"version-history":[{"count":0,"href":"https:\/\/www2.comunitaria.com.br\/en\/wp-json\/wp\/v2\/posts\/20557\/revisions"}],"wp:featuredmedia":[{"embeddable":true,"href":"https:\/\/www2.comunitaria.com.br\/en\/wp-json\/wp\/v2\/media\/20558"}],"wp:attachment":[{"href":"https:\/\/www2.comunitaria.com.br\/en\/wp-json\/wp\/v2\/media?parent=20557"}],"wp:term":[{"taxonomy":"category","embeddable":true,"href":"https:\/\/www2.comunitaria.com.br\/en\/wp-json\/wp\/v2\/categories?post=20557"},{"taxonomy":"post_tag","embeddable":true,"href":"https:\/\/www2.comunitaria.com.br\/en\/wp-json\/wp\/v2\/tags?post=20557"}],"curies":[{"name":"wp","href":"https:\/\/api.w.org\/{rel}","templated":true}]}}