{"id":20513,"date":"2016-07-29T10:09:38","date_gmt":"2016-07-29T12:09:38","guid":{"rendered":"http:\/\/www2.comunitaria.com.br\/?p=20513"},"modified":"2016-07-29T10:11:37","modified_gmt":"2016-07-29T12:11:37","slug":"familia-de-planalto-sofre-acidente-na-br-470-e-crianca-de-2-anos-nao-resiste-aos-ferimentos","status":"publish","type":"post","link":"https:\/\/www2.comunitaria.com.br\/en\/familia-de-planalto-sofre-acidente-na-br-470-e-crianca-de-2-anos-nao-resiste-aos-ferimentos\/","title":{"rendered":"Fam\u00edlia de Planalto sofre acidente na BR 470 e crian\u00e7a de 2 anos n\u00e3o resiste aos ferimentos"},"content":{"rendered":"<p style=\"text-align: justify;\">Um acidente de tr\u00e2nsito envolvendo uma fam\u00edlia de Planalto foi registrado na madrugada desta sexta-feira, 29, por volta das 3h15min. Uma crian\u00e7a de dois anos n\u00e3o resistiu aos ferimentos e morreu no local, j\u00e1 o casal, sofreu ferimentos leves.<\/p>\n<div id=\"attachment_20518\" style=\"width: 250px\" class=\"wp-caption alignright\"><a href=\"http:\/\/www2.comunitaria.com.br\/en\/familia-de-planalto-sofre-acidente-na-br-470-e-crianca-de-2-anos-nao-resiste-aos-ferimentos\/13844191_1754393368144385_1276328869_o\/\" rel=\"attachment wp-att-20518\"><img loading=\"lazy\" decoding=\"async\" aria-describedby=\"caption-attachment-20518\" class=\"wp-image-20518\" src=\"http:\/\/www2.comunitaria.com.br\/wp-content\/uploads\/2016\/07\/13844191_1754393368144385_1276328869_o-300x180.jpg\" alt=\"13844191_1754393368144385_1276328869_o\" width=\"240\" height=\"144\" srcset=\"https:\/\/www2.comunitaria.com.br\/wp-content\/uploads\/2016\/07\/13844191_1754393368144385_1276328869_o-300x180.jpg 300w, https:\/\/www2.comunitaria.com.br\/wp-content\/uploads\/2016\/07\/13844191_1754393368144385_1276328869_o-768x460.jpg 768w, https:\/\/www2.comunitaria.com.br\/wp-content\/uploads\/2016\/07\/13844191_1754393368144385_1276328869_o-1024x614.jpg 1024w, https:\/\/www2.comunitaria.com.br\/wp-content\/uploads\/2016\/07\/13844191_1754393368144385_1276328869_o.jpg 1136w\" sizes=\"auto, (max-width: 240px) 100vw, 240px\" \/><\/a><p id=\"caption-attachment-20518\" class=\"wp-caption-text\">Foto: Arquivo pessoal<\/p><\/div>\n<p style=\"text-align: justify;\">O fato ocorreu no quil\u00f4metro 211 da BR-470, quando a carreta c\u00e2mara fria, placas de Planalto, com carga de latic\u00ednios, trafegava no sentido Veran\u00f3polis \u00e0 Bento Gon\u00e7alves. O condutor perdeu o controle do ve\u00edculo em uma curva e tombou a direita nas margens da rodovia.<\/p>\n<p style=\"text-align: justify;\">Uma equipe de socorristas do Servi\u00e7o de Atendimento M\u00f3vel de Urg\u00eancia (SAMU) compareceu no local, atestou o \u00f3bito do menino Jo\u00e3o Pedro Sottili, 2 anos, e ferimentos\u00a0leves em\u00a0Tatiana Faligurski, de 30 anos, e\u00a0Paulo Sotilli, de 33. O casal foi encaminhado para a UPA 24 horas.<\/p>\n<p style=\"text-align: justify;\">Os Bombeiros prestaram apoio no atendimento, fazendo a retirada da v\u00edtima fatal que ficou embaixo da cabine.\u00a0A Pol\u00edcia Rodovi\u00e1ria Federal (PRF) realizou o registro da ocorr\u00eancia de tr\u00e2nsito.<\/p>\n\n\t\t<style>\n\t\t\t#gallery-1 {\n\t\t\t\tmargin: auto;\n\t\t\t}\n\t\t\t#gallery-1 .gallery-item {\n\t\t\t\tfloat: left;\n\t\t\t\tmargin-top: 10px;\n\t\t\t\ttext-align: center;\n\t\t\t\twidth: 33%;\n\t\t\t}\n\t\t\t#gallery-1 img {\n\t\t\t\tborder: 2px solid #cfcfcf;\n\t\t\t}\n\t\t\t#gallery-1 .gallery-caption {\n\t\t\t\tmargin-left: 0;\n\t\t\t}\n\t\t\t\/* see gallery_shortcode() in wp-includes\/media.php *\/\n\t\t<\/style>\n\t\t<div id='gallery-1' class='gallery galleryid-20513 gallery-columns-3 gallery-size-thumbnail'><dl class='gallery-item'>\n\t\t\t<dt class='gallery-icon landscape'>\n\t\t\t\t<a href='https:\/\/www2.comunitaria.com.br\/en\/familia-de-planalto-sofre-acidente-na-br-470-e-crianca-de-2-anos-nao-resiste-aos-ferimentos\/ac\/'><img loading=\"lazy\" decoding=\"async\" width=\"150\" height=\"150\" src=\"https:\/\/www2.comunitaria.com.br\/wp-content\/uploads\/2016\/07\/ac-150x150.jpg\" class=\"attachment-thumbnail size-thumbnail\" alt=\"\" aria-describedby=\"gallery-1-20514\" srcset=\"https:\/\/www2.comunitaria.com.br\/wp-content\/uploads\/2016\/07\/ac-150x150.jpg 150w, https:\/\/www2.comunitaria.com.br\/wp-content\/uploads\/2016\/07\/ac-65x65.jpg 65w\" sizes=\"auto, (max-width: 150px) 100vw, 150px\" \/><\/a>\n\t\t\t<\/dt>\n\t\t\t\t<dd class='wp-caption-text gallery-caption' id='gallery-1-20514'>\n\t\t\t\tFoto: Divulga\u00e7\u00e3o\n\t\t\t\t<\/dd><\/dl><dl class='gallery-item'>\n\t\t\t<dt class='gallery-icon landscape'>\n\t\t\t\t<a href='https:\/\/www2.comunitaria.com.br\/en\/familia-de-planalto-sofre-acidente-na-br-470-e-crianca-de-2-anos-nao-resiste-aos-ferimentos\/ac7\/'><img loading=\"lazy\" decoding=\"async\" width=\"150\" height=\"150\" src=\"https:\/\/www2.comunitaria.com.br\/wp-content\/uploads\/2016\/07\/ac7-150x150.jpg\" class=\"attachment-thumbnail size-thumbnail\" alt=\"\" aria-describedby=\"gallery-1-20515\" srcset=\"https:\/\/www2.comunitaria.com.br\/wp-content\/uploads\/2016\/07\/ac7-150x150.jpg 150w, https:\/\/www2.comunitaria.com.br\/wp-content\/uploads\/2016\/07\/ac7-65x65.jpg 65w\" sizes=\"auto, (max-width: 150px) 100vw, 150px\" \/><\/a>\n\t\t\t<\/dt>\n\t\t\t\t<dd class='wp-caption-text gallery-caption' id='gallery-1-20515'>\n\t\t\t\tFoto: Divulga\u00e7\u00e3o\n\t\t\t\t<\/dd><\/dl><dl class='gallery-item'>\n\t\t\t<dt class='gallery-icon landscape'>\n\t\t\t\t<a href='https:\/\/www2.comunitaria.com.br\/en\/familia-de-planalto-sofre-acidente-na-br-470-e-crianca-de-2-anos-nao-resiste-aos-ferimentos\/ac9\/'><img loading=\"lazy\" decoding=\"async\" width=\"150\" height=\"150\" src=\"https:\/\/www2.comunitaria.com.br\/wp-content\/uploads\/2016\/07\/ac9-150x150.jpg\" class=\"attachment-thumbnail size-thumbnail\" alt=\"\" aria-describedby=\"gallery-1-20516\" srcset=\"https:\/\/www2.comunitaria.com.br\/wp-content\/uploads\/2016\/07\/ac9-150x150.jpg 150w, https:\/\/www2.comunitaria.com.br\/wp-content\/uploads\/2016\/07\/ac9-65x65.jpg 65w\" sizes=\"auto, (max-width: 150px) 100vw, 150px\" \/><\/a>\n\t\t\t<\/dt>\n\t\t\t\t<dd class='wp-caption-text gallery-caption' id='gallery-1-20516'>\n\t\t\t\tFoto: Divulga\u00e7\u00e3o\n\t\t\t\t<\/dd><\/dl><br style=\"clear: both\" \/><dl class='gallery-item'>\n\t\t\t<dt class='gallery-icon landscape'>\n\t\t\t\t<a href='https:\/\/www2.comunitaria.com.br\/en\/familia-de-planalto-sofre-acidente-na-br-470-e-crianca-de-2-anos-nao-resiste-aos-ferimentos\/ac11\/'><img loading=\"lazy\" decoding=\"async\" width=\"150\" height=\"150\" src=\"https:\/\/www2.comunitaria.com.br\/wp-content\/uploads\/2016\/07\/ac11-150x150.jpg\" class=\"attachment-thumbnail size-thumbnail\" alt=\"\" aria-describedby=\"gallery-1-20517\" srcset=\"https:\/\/www2.comunitaria.com.br\/wp-content\/uploads\/2016\/07\/ac11-150x150.jpg 150w, https:\/\/www2.comunitaria.com.br\/wp-content\/uploads\/2016\/07\/ac11-65x65.jpg 65w\" sizes=\"auto, (max-width: 150px) 100vw, 150px\" \/><\/a>\n\t\t\t<\/dt>\n\t\t\t\t<dd class='wp-caption-text gallery-caption' id='gallery-1-20517'>\n\t\t\t\tFoto: Divulga\u00e7\u00e3o\n\t\t\t\t<\/dd><\/dl>\n\t\t\t<br style='clear: both' \/>\n\t\t<\/div>","protected":false},"excerpt":{"rendered":"<p>Um acidente de tr\u00e2nsito envolvendo uma fam\u00edlia de Planalto foi registrado na madrugada desta sexta-feira, 29, por volta das 3h15min. Uma crian\u00e7a de dois anos n\u00e3o resistiu aos ferimentos e&#8230;<\/p>","protected":false},"author":2,"featured_media":20517,"comment_status":"open","ping_status":"closed","sticky":false,"template":"","format":"standard","meta":{"ngg_post_thumbnail":0,"footnotes":""},"categories":[28,33,36,43],"tags":[96,778,177,86,426],"class_list":["post-20513","post","type-post","status-publish","format-standard","has-post-thumbnail","hentry","category-destaque","category-noticias","category-policia","category-regiao","tag-acidente","tag-planalto","tag-policia-2","tag-regiao-2","tag-transito"],"amp_enabled":true,"_links":{"self":[{"href":"https:\/\/www2.comunitaria.com.br\/en\/wp-json\/wp\/v2\/posts\/20513","targetHints":{"allow":["GET"]}}],"collection":[{"href":"https:\/\/www2.comunitaria.com.br\/en\/wp-json\/wp\/v2\/posts"}],"about":[{"href":"https:\/\/www2.comunitaria.com.br\/en\/wp-json\/wp\/v2\/types\/post"}],"author":[{"embeddable":true,"href":"https:\/\/www2.comunitaria.com.br\/en\/wp-json\/wp\/v2\/users\/2"}],"replies":[{"embeddable":true,"href":"https:\/\/www2.comunitaria.com.br\/en\/wp-json\/wp\/v2\/comments?post=20513"}],"version-history":[{"count":0,"href":"https:\/\/www2.comunitaria.com.br\/en\/wp-json\/wp\/v2\/posts\/20513\/revisions"}],"wp:featuredmedia":[{"embeddable":true,"href":"https:\/\/www2.comunitaria.com.br\/en\/wp-json\/wp\/v2\/media\/20517"}],"wp:attachment":[{"href":"https:\/\/www2.comunitaria.com.br\/en\/wp-json\/wp\/v2\/media?parent=20513"}],"wp:term":[{"taxonomy":"category","embeddable":true,"href":"https:\/\/www2.comunitaria.com.br\/en\/wp-json\/wp\/v2\/categories?post=20513"},{"taxonomy":"post_tag","embeddable":true,"href":"https:\/\/www2.comunitaria.com.br\/en\/wp-json\/wp\/v2\/tags?post=20513"}],"curies":[{"name":"wp","href":"https:\/\/api.w.org\/{rel}","templated":true}]}}