{"id":20482,"date":"2016-07-28T11:29:09","date_gmt":"2016-07-28T13:29:09","guid":{"rendered":"http:\/\/www2.comunitaria.com.br\/?p=20482"},"modified":"2016-07-28T11:29:09","modified_gmt":"2016-07-28T13:29:09","slug":"sorteio-mensal-do-nota-fiscal-gaucha-contempla-seis-frederiquenses","status":"publish","type":"post","link":"https:\/\/www2.comunitaria.com.br\/en\/sorteio-mensal-do-nota-fiscal-gaucha-contempla-seis-frederiquenses\/","title":{"rendered":"Sorteio mensal do Nota Fiscal Ga\u00facha contempla seis frederiquenses"},"content":{"rendered":"<p style=\"text-align: justify;\">Nesta quinta-feira, 28, ocorreu\u00a0o s\u00e9timo\u00a0sorteio\u00a0do Programa Nota Fiscal Ga\u00facha (NFG) de 2016. Cerca de 9 milh\u00f5es de bilhetes concorreram ao pr\u00eamio m\u00e1ximo de R$ 50 mil. Outros 28 pr\u00eamios de R$ 1.000 cada, al\u00e9m de mil de R$ 200,00 tamb\u00e9m foram sorteados. Nesta extra\u00e7\u00e3o, mais de 180 cidades ga\u00fachas utilizaram a plataforma da NFG para efetuar seus sorteios municipais.<\/p>\n<p style=\"text-align: justify;\">Em Frederico Westphalen seis\u00a0pessoas foram contempladas nesta edi\u00e7\u00e3o do sorteio:<\/p>\n<p style=\"text-align: justify;\">\u2013 Angelica Terezinha Balestrin<\/p>\n<p style=\"text-align: justify;\">\u2013 Antonio Reginaldo Baldin<\/p>\n<p style=\"text-align: justify;\">\u2013 Cassius Dos Santos Castro<\/p>\n<p style=\"text-align: justify;\">\u2013 Dari Scherer<\/p>\n<p style=\"text-align: justify;\">\u2013\u00a0Franciele Debastiani<\/p>\n<p style=\"text-align: justify;\">\u2013\u00a0Samba Sane<\/p>\n<p style=\"text-align: justify;\">Ao mesmo tempo em que concorre a pr\u00eamios em dinheiro, o cidad\u00e3o tamb\u00e9m colabora com entidades sociais de sua escolha, que receber\u00e3o recursos do Estado a partir da pontua\u00e7\u00e3o gerada pelas compras do consumidor.\u00a0O Nota Fiscal Ga\u00facha conta com mais de um milh\u00e3o de cidad\u00e3os cadastrados no programa e mais de 250 mil estabelecimentos credenciados. A lista completa de vencedores pode ser conferida <a href=\"https:\/\/nfg.sefaz.rs.gov.br\/arquivos\/sorteio_63\/EXTRACAO_0\/NFG_Relacao_Publica_Vencedores_0_preliminar.pdf\" target=\"_blank\">no site da NFG.\u00a0<\/a><\/p>","protected":false},"excerpt":{"rendered":"<p>Nesta quinta-feira, 28, ocorreu\u00a0o s\u00e9timo\u00a0sorteio\u00a0do Programa Nota Fiscal Ga\u00facha (NFG) de 2016. Cerca de 9 milh\u00f5es de bilhetes concorreram ao pr\u00eamio m\u00e1ximo de R$ 50 mil. Outros 28 pr\u00eamios de&#8230;<\/p>","protected":false},"author":2,"featured_media":20483,"comment_status":"open","ping_status":"closed","sticky":false,"template":"","format":"standard","meta":{"ngg_post_thumbnail":0,"footnotes":""},"categories":[46,42,28,33],"tags":[82,1091,258,3121],"class_list":["post-20482","post","type-post","status-publish","format-standard","has-post-thumbnail","hentry","category-estado","category-fred-west","category-destaque","category-noticias","tag-frederico-westphalen","tag-nota-fiscal-gaucha","tag-sorteio","tag-sorteio-mensal"],"amp_enabled":true,"_links":{"self":[{"href":"https:\/\/www2.comunitaria.com.br\/en\/wp-json\/wp\/v2\/posts\/20482","targetHints":{"allow":["GET"]}}],"collection":[{"href":"https:\/\/www2.comunitaria.com.br\/en\/wp-json\/wp\/v2\/posts"}],"about":[{"href":"https:\/\/www2.comunitaria.com.br\/en\/wp-json\/wp\/v2\/types\/post"}],"author":[{"embeddable":true,"href":"https:\/\/www2.comunitaria.com.br\/en\/wp-json\/wp\/v2\/users\/2"}],"replies":[{"embeddable":true,"href":"https:\/\/www2.comunitaria.com.br\/en\/wp-json\/wp\/v2\/comments?post=20482"}],"version-history":[{"count":0,"href":"https:\/\/www2.comunitaria.com.br\/en\/wp-json\/wp\/v2\/posts\/20482\/revisions"}],"wp:featuredmedia":[{"embeddable":true,"href":"https:\/\/www2.comunitaria.com.br\/en\/wp-json\/wp\/v2\/media\/20483"}],"wp:attachment":[{"href":"https:\/\/www2.comunitaria.com.br\/en\/wp-json\/wp\/v2\/media?parent=20482"}],"wp:term":[{"taxonomy":"category","embeddable":true,"href":"https:\/\/www2.comunitaria.com.br\/en\/wp-json\/wp\/v2\/categories?post=20482"},{"taxonomy":"post_tag","embeddable":true,"href":"https:\/\/www2.comunitaria.com.br\/en\/wp-json\/wp\/v2\/tags?post=20482"}],"curies":[{"name":"wp","href":"https:\/\/api.w.org\/{rel}","templated":true}]}}