{"id":20236,"date":"2016-07-19T16:50:31","date_gmt":"2016-07-19T18:50:31","guid":{"rendered":"http:\/\/www2.comunitaria.com.br\/?p=20236"},"modified":"2016-07-19T16:50:31","modified_gmt":"2016-07-19T18:50:31","slug":"comeca-primeira-operacao-da-forca-tarefa-dos-hospitais-gauchos","status":"publish","type":"post","link":"https:\/\/www2.comunitaria.com.br\/en\/comeca-primeira-operacao-da-forca-tarefa-dos-hospitais-gauchos\/","title":{"rendered":"Come\u00e7a primeira opera\u00e7\u00e3o da for\u00e7a-tarefa dos hospitais ga\u00fachos"},"content":{"rendered":"<p style=\"text-align: justify;\">Come\u00e7ou, \u00e0s 8h desta ter\u00e7a-feira (19\/7), a primeira opera\u00e7\u00e3o da &#8220;For\u00e7a-Tarefa de Adequa\u00e7\u00e3o das Condi\u00e7\u00f5es de Sa\u00fade e Seguran\u00e7a no Trabalho em Hospitais&#8221;. O alvo \u00e9 o Hospital M\u00e3e de Deus (HMD), que tem como entidade mantenedora a Associa\u00e7\u00e3o Educadora S\u00e3o Carlos (AESC). O HMD est\u00e1 localizado na rua Jos\u00e9 de Alencar, 286, bairro Menino Deus, em Porto Alegre. O grupamento operacional \u00e9 coordenado pelo Minist\u00e9rio P\u00fablico do Trabalho no Rio Grande do Sul (MPT-RS). O objetivo \u00e9 investigar as condi\u00e7\u00f5es de sa\u00fade e de seguran\u00e7a dos trabalhadores, em todos os postos de trabalho, \u00e0 semelhan\u00e7a do que \u00e9 feito nos frigor\u00edficos, desde janeiro de 2014. Os principais problemas enfrentados no setor s\u00e3o doen\u00e7as de coluna pelo esfor\u00e7o de movimentar pacientes, acidentes com perfurocortantes e contamina\u00e7\u00e3o biol\u00f3gica. A inspe\u00e7\u00e3o dever\u00e1 se estender at\u00e9 a pr\u00f3xima sexta-feira (22\/7). A partir de agora, outras opera\u00e7\u00f5es ser\u00e3o realizadas em outros hospitais no Rio Grande do Sul.<\/p>\n<p style=\"text-align: justify;\">O site da empresa informa que o Sistema de Sa\u00fade M\u00e3e de Deus foi fundado em 1979. Atualmente, possui duas unidades hospitalares na Capital: o Hospital M\u00e3e de Deus e o Hospital Giovanni Battista. O SSMD congrega outras sete unidades hospitalares no Interior. O HMD conta com \u00e1rea de aproximadamente <strong>40 mil m\u00b2<\/strong> constru\u00eddos e equipe m\u00e9dica e assistencial formada por mais de <strong>4 mil<\/strong> m\u00e9dicos credenciados. Possui Emerg\u00eancia, Hospital Dia (preparado para procedimentos ambulatoriais), Centro de Terapia Intensiva CTI), Centro de Di\u00e1lise, Maternidade, CTI Neonatal, Centro Obst\u00e9trico, Bloco Cir\u00fargico, Banco de Sangue e mais de 370 leitos de interna\u00e7\u00e3o. Os registros do HMD apontam <strong>2.500<\/strong> funcion\u00e1rios.<\/p>","protected":false},"excerpt":{"rendered":"<p>Come\u00e7ou, \u00e0s 8h desta ter\u00e7a-feira (19\/7), a primeira opera\u00e7\u00e3o da &#8220;For\u00e7a-Tarefa de Adequa\u00e7\u00e3o das Condi\u00e7\u00f5es de Sa\u00fade e Seguran\u00e7a no Trabalho em Hospitais&#8221;. O alvo \u00e9 o Hospital M\u00e3e de Deus (HMD), que tem como entidade mantenedora a Associa\u00e7\u00e3o Educadora S\u00e3o Carlos (AESC). O HMD est\u00e1 localizado na rua Jos\u00e9 de Alencar, 286, bairro Menino<\/p>\n<div class=\"read-more-wrapper\"><a class=\"read-more\" href=\"https:\/\/www2.comunitaria.com.br\/en\/comeca-primeira-operacao-da-forca-tarefa-dos-hospitais-gauchos\/\" title=\"Read More\"> <span class=\"button\">Read More<\/span><\/a><\/div>","protected":false},"author":2,"featured_media":20239,"comment_status":"open","ping_status":"closed","sticky":false,"template":"","format":"standard","meta":{"ngg_post_thumbnail":0,"footnotes":""},"categories":[46,33],"tags":[1472],"class_list":["post-20236","post","type-post","status-publish","format-standard","has-post-thumbnail","hentry","category-estado","category-noticias","tag-mpt"],"amp_enabled":true,"_links":{"self":[{"href":"https:\/\/www2.comunitaria.com.br\/en\/wp-json\/wp\/v2\/posts\/20236","targetHints":{"allow":["GET"]}}],"collection":[{"href":"https:\/\/www2.comunitaria.com.br\/en\/wp-json\/wp\/v2\/posts"}],"about":[{"href":"https:\/\/www2.comunitaria.com.br\/en\/wp-json\/wp\/v2\/types\/post"}],"author":[{"embeddable":true,"href":"https:\/\/www2.comunitaria.com.br\/en\/wp-json\/wp\/v2\/users\/2"}],"replies":[{"embeddable":true,"href":"https:\/\/www2.comunitaria.com.br\/en\/wp-json\/wp\/v2\/comments?post=20236"}],"version-history":[{"count":0,"href":"https:\/\/www2.comunitaria.com.br\/en\/wp-json\/wp\/v2\/posts\/20236\/revisions"}],"wp:featuredmedia":[{"embeddable":true,"href":"https:\/\/www2.comunitaria.com.br\/en\/wp-json\/wp\/v2\/media\/20239"}],"wp:attachment":[{"href":"https:\/\/www2.comunitaria.com.br\/en\/wp-json\/wp\/v2\/media?parent=20236"}],"wp:term":[{"taxonomy":"category","embeddable":true,"href":"https:\/\/www2.comunitaria.com.br\/en\/wp-json\/wp\/v2\/categories?post=20236"},{"taxonomy":"post_tag","embeddable":true,"href":"https:\/\/www2.comunitaria.com.br\/en\/wp-json\/wp\/v2\/tags?post=20236"}],"curies":[{"name":"wp","href":"https:\/\/api.w.org\/{rel}","templated":true}]}}