{"id":19987,"date":"2016-07-12T09:17:50","date_gmt":"2016-07-12T11:17:50","guid":{"rendered":"http:\/\/www2.comunitaria.com.br\/?p=19987"},"modified":"2016-07-12T09:17:50","modified_gmt":"2016-07-12T11:17:50","slug":"ctg-rodeio-da-querencia-e-arrombado","status":"publish","type":"post","link":"https:\/\/www2.comunitaria.com.br\/en\/ctg-rodeio-da-querencia-e-arrombado\/","title":{"rendered":"CTG Rodeio da Quer\u00eancia \u00e9 arrombado"},"content":{"rendered":"<p style=\"text-align: justify;\">O CTG Rodeio da Quer\u00eancia, de Frederico Westphalen, teve sua sede arrombada na segunda-feira, 11. De acordo com o patr\u00e3o da entidade, S\u00e9rgio da Luz, a suspeita \u00e9 de que os ladr\u00f5es tenham entrado no local durante a madrugada. No in\u00edcio da tarde, por volta das 13h30min, integrantes do CTG encontraram uma janela totalmente quebrada e uma das portas abertas. Al\u00e9m disso, portas internas, da secretaria e de uma sala onde s\u00e3o guardadas vestimentas tamb\u00e9m foram arrombados. Um machado \u2013 que provavelmente tenha sido utilizado para abrir as portas \u2013 foi deixado no local.<\/p>\n<p style=\"text-align: justify;\">At\u00e9 o momento ainda n\u00e3o foi feito o levantamento total de todos os itens que est\u00e3o faltando na sede do CTG, entretanto, segundo o patr\u00e3o, caixas de som e microfones foram levados. \u201cMexeram por tudo, abriram todas as gavetas, entraram na cozinha e nas salas, ainda n\u00e3o conseguimos identificar se algo mais foi levado\u201d, declara Da Luz. Um boletim de ocorr\u00eancia foi registrado junto \u00e0 Delegacia de Pol\u00edcia Civil do munic\u00edpio e uma equipe de per\u00edcia esteve trabalhando durante a tarde no local, a fim de identificar impress\u00f5es digitais deixadas pelos meliantes.<br \/>\nEm fun\u00e7\u00e3o da falta de equipamentos, os ensaios das invernadas art\u00edsticas do CTG Rodeio da Quer\u00eancia est\u00e3o suspensos.<\/p>\n<p style=\"text-align: justify;\"><strong>O Alto Uruguai<\/strong><\/p>","protected":false},"excerpt":{"rendered":"<p>O CTG Rodeio da Quer\u00eancia, de Frederico Westphalen, teve sua sede arrombada na segunda-feira, 11. De acordo com o patr\u00e3o da entidade, S\u00e9rgio da Luz, a suspeita \u00e9 de que os ladr\u00f5es tenham entrado no local durante a madrugada. No in\u00edcio da tarde, por volta das 13h30min, integrantes do CTG encontraram uma janela totalmente quebrada<\/p>\n<div class=\"read-more-wrapper\"><a class=\"read-more\" href=\"https:\/\/www2.comunitaria.com.br\/en\/ctg-rodeio-da-querencia-e-arrombado\/\" title=\"Read More\"> <span class=\"button\">Read More<\/span><\/a><\/div>","protected":false},"author":2,"featured_media":19988,"comment_status":"open","ping_status":"closed","sticky":false,"template":"","format":"standard","meta":{"ngg_post_thumbnail":0,"footnotes":""},"categories":[42,28,33,36],"tags":[165,1318,82,177,85],"class_list":["post-19987","post","type-post","status-publish","format-standard","has-post-thumbnail","hentry","category-fred-west","category-destaque","category-noticias","category-policia","tag-ctg","tag-ctg-rodeio-da-querencia","tag-frederico-westphalen","tag-policia-2","tag-roubo"],"amp_enabled":true,"_links":{"self":[{"href":"https:\/\/www2.comunitaria.com.br\/en\/wp-json\/wp\/v2\/posts\/19987","targetHints":{"allow":["GET"]}}],"collection":[{"href":"https:\/\/www2.comunitaria.com.br\/en\/wp-json\/wp\/v2\/posts"}],"about":[{"href":"https:\/\/www2.comunitaria.com.br\/en\/wp-json\/wp\/v2\/types\/post"}],"author":[{"embeddable":true,"href":"https:\/\/www2.comunitaria.com.br\/en\/wp-json\/wp\/v2\/users\/2"}],"replies":[{"embeddable":true,"href":"https:\/\/www2.comunitaria.com.br\/en\/wp-json\/wp\/v2\/comments?post=19987"}],"version-history":[{"count":0,"href":"https:\/\/www2.comunitaria.com.br\/en\/wp-json\/wp\/v2\/posts\/19987\/revisions"}],"wp:featuredmedia":[{"embeddable":true,"href":"https:\/\/www2.comunitaria.com.br\/en\/wp-json\/wp\/v2\/media\/19988"}],"wp:attachment":[{"href":"https:\/\/www2.comunitaria.com.br\/en\/wp-json\/wp\/v2\/media?parent=19987"}],"wp:term":[{"taxonomy":"category","embeddable":true,"href":"https:\/\/www2.comunitaria.com.br\/en\/wp-json\/wp\/v2\/categories?post=19987"},{"taxonomy":"post_tag","embeddable":true,"href":"https:\/\/www2.comunitaria.com.br\/en\/wp-json\/wp\/v2\/tags?post=19987"}],"curies":[{"name":"wp","href":"https:\/\/api.w.org\/{rel}","templated":true}]}}