{"id":19960,"date":"2016-07-08T17:52:06","date_gmt":"2016-07-08T19:52:06","guid":{"rendered":"http:\/\/www2.comunitaria.com.br\/?p=19960"},"modified":"2016-07-08T17:52:06","modified_gmt":"2016-07-08T19:52:06","slug":"sescfw-promove-campanha-prato-cheio","status":"publish","type":"post","link":"https:\/\/www2.comunitaria.com.br\/en\/sescfw-promove-campanha-prato-cheio\/","title":{"rendered":"Sesc\/FW promove campanha Prato Cheio"},"content":{"rendered":"<p style=\"text-align: justify;\">Com o intuito de arrecadar alimentos n\u00e3o-perec\u00edveis para entidades de Frederico Westphalen, o Sesc est\u00e1 promovendo a campanha Prato Cheio. Durante todos os s\u00e1bados do m\u00eas de Julho, equipes representantes das entidades estar\u00e3o nos principais mercados do munic\u00edpios recolhendo doa\u00e7\u00f5es para a campanha.<\/p>\n<p style=\"text-align: justify;\">Interessados podem contribuir nos supermercados\u00a0Bertoletti, Riboli, Cotrifred, Barril, Sorriso, Razia e Peretto. \u00a0As doa\u00e7\u00f5es ser\u00e3o destinadas\u00a0para o\u00a0Lar dos Idosos S\u00e3o Vicente de Paulo, Lar dos Deficientes F\u00edsicos, Fazenda Senhor Jesus Cristo Rei, Lar S\u00e3o Francisco, Promenor, Funda\u00e7\u00e3o Barbara Maix, Liga Feminina de Combate ao C\u00e2ncer e Apae.<\/p>","protected":false},"excerpt":{"rendered":"<p>Com o intuito de arrecadar alimentos n\u00e3o-perec\u00edveis para entidades de Frederico Westphalen, o Sesc est\u00e1 promovendo a campanha Prato Cheio. Durante todos os s\u00e1bados do m\u00eas de Julho, equipes representantes das entidades estar\u00e3o nos principais mercados do munic\u00edpios recolhendo doa\u00e7\u00f5es para a campanha. Interessados podem contribuir nos supermercados\u00a0Bertoletti, Riboli, Cotrifred, Barril, Sorriso, Razia e Peretto.<\/p>\n<div class=\"read-more-wrapper\"><a class=\"read-more\" href=\"https:\/\/www2.comunitaria.com.br\/en\/sescfw-promove-campanha-prato-cheio\/\" title=\"Read More\"> <span class=\"button\">Read More<\/span><\/a><\/div>","protected":false},"author":2,"featured_media":19961,"comment_status":"open","ping_status":"closed","sticky":false,"template":"","format":"standard","meta":{"ngg_post_thumbnail":0,"footnotes":""},"categories":[42,33,35],"tags":[60,969,82,3076,83],"class_list":["post-19960","post","type-post","status-publish","format-standard","has-post-thumbnail","hentry","category-fred-west","category-noticias","category-variedades","tag-campanha","tag-doacao","tag-frederico-westphalen","tag-prato-cheio","tag-sesc"],"amp_enabled":true,"_links":{"self":[{"href":"https:\/\/www2.comunitaria.com.br\/en\/wp-json\/wp\/v2\/posts\/19960","targetHints":{"allow":["GET"]}}],"collection":[{"href":"https:\/\/www2.comunitaria.com.br\/en\/wp-json\/wp\/v2\/posts"}],"about":[{"href":"https:\/\/www2.comunitaria.com.br\/en\/wp-json\/wp\/v2\/types\/post"}],"author":[{"embeddable":true,"href":"https:\/\/www2.comunitaria.com.br\/en\/wp-json\/wp\/v2\/users\/2"}],"replies":[{"embeddable":true,"href":"https:\/\/www2.comunitaria.com.br\/en\/wp-json\/wp\/v2\/comments?post=19960"}],"version-history":[{"count":0,"href":"https:\/\/www2.comunitaria.com.br\/en\/wp-json\/wp\/v2\/posts\/19960\/revisions"}],"wp:featuredmedia":[{"embeddable":true,"href":"https:\/\/www2.comunitaria.com.br\/en\/wp-json\/wp\/v2\/media\/19961"}],"wp:attachment":[{"href":"https:\/\/www2.comunitaria.com.br\/en\/wp-json\/wp\/v2\/media?parent=19960"}],"wp:term":[{"taxonomy":"category","embeddable":true,"href":"https:\/\/www2.comunitaria.com.br\/en\/wp-json\/wp\/v2\/categories?post=19960"},{"taxonomy":"post_tag","embeddable":true,"href":"https:\/\/www2.comunitaria.com.br\/en\/wp-json\/wp\/v2\/tags?post=19960"}],"curies":[{"name":"wp","href":"https:\/\/api.w.org\/{rel}","templated":true}]}}