{"id":1988,"date":"2015-01-16T09:44:11","date_gmt":"2015-01-16T11:44:11","guid":{"rendered":"http:\/\/www2.comunitaria.com.br\/?p=1988"},"modified":"2015-01-16T09:44:11","modified_gmt":"2015-01-16T11:44:11","slug":"melhorias-nas-estradas-do-interior","status":"publish","type":"post","link":"https:\/\/www2.comunitaria.com.br\/en\/melhorias-nas-estradas-do-interior\/","title":{"rendered":"Melhorias nas estradas do interior"},"content":{"rendered":"<p style=\"text-align: justify;\">Devido \u00e0s constantes chuvas os moradores do interior do munic\u00edpio enfrentam dificuldades com as estradas. Pensando nisso, os funcion\u00e1rios da Secretaria Municipal de Obras, Via\u00e7\u00e3o e Servi\u00e7os Urbanos realizaram a manuten\u00e7\u00e3o da estrada da Linha Boa Esperan\u00e7a at\u00e9 a Linha Pardinho. J\u00e1 a Linha Pedras Brancas recebeu tubula\u00e7\u00e3o de um metro de di\u00e2metro.<\/p>\n<p style=\"text-align: justify;\">Na tarde de quarta-feira, 14, no trecho da Linha Boa Esperan\u00e7a at\u00e9 a Linha Pardinho, foram utilizadas duas patrolas motoniveladoras e um rolo compressor, para o melhoramento da estrada. J\u00e1 na Linha Pedras Brancas, foram colocados seis tubos de concreto armado, para o melhor escoamento da \u00e1gua das chuvas.<\/p>\n<p style=\"text-align: justify;\">Na semana passada a estrada da Barra do Braga foi patrolada e a estrada da Linha S\u00e3o Luiz foi cascalhada.<\/p>\n\n\t\t<style type=\"text\/css\">\n\t\t\t#gallery-1 {\n\t\t\t\tmargin: auto;\n\t\t\t}\n\t\t\t#gallery-1 .gallery-item {\n\t\t\t\tfloat: left;\n\t\t\t\tmargin-top: 10px;\n\t\t\t\ttext-align: center;\n\t\t\t\twidth: 33%;\n\t\t\t}\n\t\t\t#gallery-1 img {\n\t\t\t\tborder: 2px solid #cfcfcf;\n\t\t\t}\n\t\t\t#gallery-1 .gallery-caption {\n\t\t\t\tmargin-left: 0;\n\t\t\t}\n\t\t\t\/* see gallery_shortcode() in wp-includes\/media.php *\/\n\t\t<\/style>\n\t\t<div id='gallery-1' class='gallery galleryid-1988 gallery-columns-3 gallery-size-thumbnail'><dl class='gallery-item'>\n\t\t\t<dt class='gallery-icon landscape'>\n\t\t\t\t<a href='https:\/\/www2.comunitaria.com.br\/en\/melhorias-nas-estradas-do-interior\/estrada-07\/'><img loading=\"lazy\" decoding=\"async\" width=\"150\" height=\"150\" src=\"https:\/\/www2.comunitaria.com.br\/wp-content\/uploads\/2015\/01\/estrada-07-150x150.jpg\" class=\"attachment-thumbnail size-thumbnail\" alt=\"\" srcset=\"https:\/\/www2.comunitaria.com.br\/wp-content\/uploads\/2015\/01\/estrada-07-150x150.jpg 150w, https:\/\/www2.comunitaria.com.br\/wp-content\/uploads\/2015\/01\/estrada-07-65x65.jpg 65w\" sizes=\"auto, (max-width: 150px) 100vw, 150px\" \/><\/a>\n\t\t\t<\/dt><\/dl><dl class='gallery-item'>\n\t\t\t<dt class='gallery-icon landscape'>\n\t\t\t\t<a href='https:\/\/www2.comunitaria.com.br\/en\/melhorias-nas-estradas-do-interior\/estrada-01\/'><img loading=\"lazy\" decoding=\"async\" width=\"150\" height=\"150\" src=\"https:\/\/www2.comunitaria.com.br\/wp-content\/uploads\/2015\/01\/estrada-01-150x150.jpg\" class=\"attachment-thumbnail size-thumbnail\" alt=\"\" srcset=\"https:\/\/www2.comunitaria.com.br\/wp-content\/uploads\/2015\/01\/estrada-01-150x150.jpg 150w, https:\/\/www2.comunitaria.com.br\/wp-content\/uploads\/2015\/01\/estrada-01-65x65.jpg 65w\" sizes=\"auto, (max-width: 150px) 100vw, 150px\" \/><\/a>\n\t\t\t<\/dt><\/dl><dl class='gallery-item'>\n\t\t\t<dt class='gallery-icon landscape'>\n\t\t\t\t<a href='https:\/\/www2.comunitaria.com.br\/en\/melhorias-nas-estradas-do-interior\/estrada-02\/'><img loading=\"lazy\" decoding=\"async\" width=\"150\" height=\"150\" src=\"https:\/\/www2.comunitaria.com.br\/wp-content\/uploads\/2015\/01\/estrada-02-150x150.jpg\" class=\"attachment-thumbnail size-thumbnail\" alt=\"\" srcset=\"https:\/\/www2.comunitaria.com.br\/wp-content\/uploads\/2015\/01\/estrada-02-150x150.jpg 150w, https:\/\/www2.comunitaria.com.br\/wp-content\/uploads\/2015\/01\/estrada-02-65x65.jpg 65w\" sizes=\"auto, (max-width: 150px) 100vw, 150px\" \/><\/a>\n\t\t\t<\/dt><\/dl><br style=\"clear: both\" \/><dl class='gallery-item'>\n\t\t\t<dt class='gallery-icon landscape'>\n\t\t\t\t<a href='https:\/\/www2.comunitaria.com.br\/en\/melhorias-nas-estradas-do-interior\/estrada-03\/'><img loading=\"lazy\" decoding=\"async\" width=\"150\" height=\"150\" src=\"https:\/\/www2.comunitaria.com.br\/wp-content\/uploads\/2015\/01\/estrada-03-150x150.jpg\" class=\"attachment-thumbnail size-thumbnail\" alt=\"\" srcset=\"https:\/\/www2.comunitaria.com.br\/wp-content\/uploads\/2015\/01\/estrada-03-150x150.jpg 150w, https:\/\/www2.comunitaria.com.br\/wp-content\/uploads\/2015\/01\/estrada-03-65x65.jpg 65w\" sizes=\"auto, (max-width: 150px) 100vw, 150px\" \/><\/a>\n\t\t\t<\/dt><\/dl><dl class='gallery-item'>\n\t\t\t<dt class='gallery-icon landscape'>\n\t\t\t\t<a href='https:\/\/www2.comunitaria.com.br\/en\/melhorias-nas-estradas-do-interior\/estrada-04\/'><img loading=\"lazy\" decoding=\"async\" width=\"150\" height=\"150\" src=\"https:\/\/www2.comunitaria.com.br\/wp-content\/uploads\/2015\/01\/estrada-04-150x150.jpg\" class=\"attachment-thumbnail size-thumbnail\" alt=\"\" srcset=\"https:\/\/www2.comunitaria.com.br\/wp-content\/uploads\/2015\/01\/estrada-04-150x150.jpg 150w, https:\/\/www2.comunitaria.com.br\/wp-content\/uploads\/2015\/01\/estrada-04-65x65.jpg 65w\" sizes=\"auto, (max-width: 150px) 100vw, 150px\" \/><\/a>\n\t\t\t<\/dt><\/dl><dl class='gallery-item'>\n\t\t\t<dt class='gallery-icon landscape'>\n\t\t\t\t<a href='https:\/\/www2.comunitaria.com.br\/en\/melhorias-nas-estradas-do-interior\/estrada-05\/'><img loading=\"lazy\" decoding=\"async\" width=\"150\" height=\"150\" src=\"https:\/\/www2.comunitaria.com.br\/wp-content\/uploads\/2015\/01\/estrada-05-150x150.jpg\" class=\"attachment-thumbnail size-thumbnail\" alt=\"\" srcset=\"https:\/\/www2.comunitaria.com.br\/wp-content\/uploads\/2015\/01\/estrada-05-150x150.jpg 150w, https:\/\/www2.comunitaria.com.br\/wp-content\/uploads\/2015\/01\/estrada-05-65x65.jpg 65w\" sizes=\"auto, (max-width: 150px) 100vw, 150px\" \/><\/a>\n\t\t\t<\/dt><\/dl><br style=\"clear: both\" \/><dl class='gallery-item'>\n\t\t\t<dt class='gallery-icon landscape'>\n\t\t\t\t<a href='https:\/\/www2.comunitaria.com.br\/en\/melhorias-nas-estradas-do-interior\/estrada-06\/'><img loading=\"lazy\" decoding=\"async\" width=\"150\" height=\"150\" src=\"https:\/\/www2.comunitaria.com.br\/wp-content\/uploads\/2015\/01\/estrada-06-150x150.jpg\" class=\"attachment-thumbnail size-thumbnail\" alt=\"\" srcset=\"https:\/\/www2.comunitaria.com.br\/wp-content\/uploads\/2015\/01\/estrada-06-150x150.jpg 150w, https:\/\/www2.comunitaria.com.br\/wp-content\/uploads\/2015\/01\/estrada-06-65x65.jpg 65w\" sizes=\"auto, (max-width: 150px) 100vw, 150px\" \/><\/a>\n\t\t\t<\/dt><\/dl>\n\t\t\t<br style='clear: both' \/>\n\t\t<\/div>\n\n<p><em>A.I\/Prefeitura<\/em><\/p>","protected":false},"excerpt":{"rendered":"<p>Devido \u00e0s constantes chuvas os moradores do interior do munic\u00edpio enfrentam dificuldades com as estradas. Pensando nisso, os funcion\u00e1rios da Secretaria Municipal de Obras, Via\u00e7\u00e3o e Servi\u00e7os Urbanos realizaram a manuten\u00e7\u00e3o da estrada da Linha Boa Esperan\u00e7a at\u00e9 a Linha Pardinho. J\u00e1 a Linha Pedras Brancas recebeu tubula\u00e7\u00e3o de um metro de di\u00e2metro. Na tarde<\/p>\n<div class=\"read-more-wrapper\"><a class=\"read-more\" href=\"https:\/\/www2.comunitaria.com.br\/en\/melhorias-nas-estradas-do-interior\/\" title=\"Read More\"> <span class=\"button\">Read More<\/span><\/a><\/div>","protected":false},"author":2,"featured_media":1990,"comment_status":"open","ping_status":"closed","sticky":false,"template":"","format":"standard","meta":{"ngg_post_thumbnail":0,"footnotes":""},"categories":[42,33,45],"tags":[601,82,602,226],"class_list":["post-1988","post","type-post","status-publish","format-standard","has-post-thumbnail","hentry","category-fred-west","category-noticias","category-rural","tag-estradas","tag-frederico-westphalen","tag-interior","tag-prefeitura"],"amp_enabled":true,"_links":{"self":[{"href":"https:\/\/www2.comunitaria.com.br\/en\/wp-json\/wp\/v2\/posts\/1988","targetHints":{"allow":["GET"]}}],"collection":[{"href":"https:\/\/www2.comunitaria.com.br\/en\/wp-json\/wp\/v2\/posts"}],"about":[{"href":"https:\/\/www2.comunitaria.com.br\/en\/wp-json\/wp\/v2\/types\/post"}],"author":[{"embeddable":true,"href":"https:\/\/www2.comunitaria.com.br\/en\/wp-json\/wp\/v2\/users\/2"}],"replies":[{"embeddable":true,"href":"https:\/\/www2.comunitaria.com.br\/en\/wp-json\/wp\/v2\/comments?post=1988"}],"version-history":[{"count":0,"href":"https:\/\/www2.comunitaria.com.br\/en\/wp-json\/wp\/v2\/posts\/1988\/revisions"}],"wp:featuredmedia":[{"embeddable":true,"href":"https:\/\/www2.comunitaria.com.br\/en\/wp-json\/wp\/v2\/media\/1990"}],"wp:attachment":[{"href":"https:\/\/www2.comunitaria.com.br\/en\/wp-json\/wp\/v2\/media?parent=1988"}],"wp:term":[{"taxonomy":"category","embeddable":true,"href":"https:\/\/www2.comunitaria.com.br\/en\/wp-json\/wp\/v2\/categories?post=1988"},{"taxonomy":"post_tag","embeddable":true,"href":"https:\/\/www2.comunitaria.com.br\/en\/wp-json\/wp\/v2\/tags?post=1988"}],"curies":[{"name":"wp","href":"https:\/\/api.w.org\/{rel}","templated":true}]}}