{"id":19849,"date":"2016-07-04T10:31:23","date_gmt":"2016-07-04T12:31:23","guid":{"rendered":"http:\/\/www2.comunitaria.com.br\/?p=19849"},"modified":"2016-07-04T10:31:56","modified_gmt":"2016-07-04T12:31:56","slug":"rotary-barril-empossa-nova-diretoria","status":"publish","type":"post","link":"https:\/\/www2.comunitaria.com.br\/en\/rotary-barril-empossa-nova-diretoria\/","title":{"rendered":"Rotary Barril empossa nova diretoria"},"content":{"rendered":"<p style=\"text-align: justify;\">O Rotary Clube Barril de Frederico Westphalen, empossou na noite desta sexta-feira, 1\u00ba de julho, o novo quadro diretivo do clube de servi\u00e7o. O evento aconteceu no Bistr\u00f4 Eventos e reuniu mais de 60 pessoas. Durante a noite, tamb\u00e9m foram empossados os novos diretores do Interact Club, clube de servi\u00e7o destinado aos rotarianos mais jovens.<\/p>\n<p style=\"text-align: justify;\"><strong>Confira a diretoria empossada nos clubes de servi\u00e7o:<\/strong><\/p>\n<p style=\"text-align: justify;\"><strong>Interact Club<br \/>\n<\/strong><strong>Presidente \u2013 <\/strong>Anne Pivetta Dalmolin<br \/>\n<strong>Vice-presidente \u2013 <\/strong>Marco Binotto<br \/>\n<strong>Protocolo \u2013 <\/strong>Nath\u00e1lia Riboli<br \/>\n<strong>Secret\u00e1rio \u2013 <\/strong>Lucas Luzza<br \/>\n<strong>Tesoureiro \u2013 <\/strong>Douglas Vanzin<br \/>\n<strong>Servi\u00e7os da comunidade \u2013<\/strong> Vict\u00f3ria Sponchiado<br \/>\n<strong>Servi\u00e7os internos \u2013 <\/strong>Rafael Para\u00edso<\/p>\n<p style=\"text-align: justify;\"><strong>Rotary Barril<br \/>\n<\/strong><strong>Presidente \u2013 <\/strong>Jaime Vitalli<br \/>\n<strong>1\u00ba Vice-presidente \u2013 <\/strong>Luiz Bastian Junior<br \/>\n<strong>2\u00ba Vice-presidente \u2013 <\/strong>Marcio da Rosa<br \/>\n<strong>Secret\u00e1ria \u2013 <\/strong>Elisangela Binotto<br \/>\n<strong>Tesoureiro \u2013 <\/strong>Denise Dal Piva<br \/>\n<strong>Comiss\u00e3o de Administra\u00e7\u00e3o \u2013 <\/strong>Lilian Niederauer<br \/>\n<strong>Comiss\u00e3o do Quadro Associativo \u2013 <\/strong>Evandro Dallagnol<br \/>\n<strong>Comiss\u00e3o de Imagem P\u00fablica \u2013 <\/strong>Julia Batistella<br \/>\n<strong>Comiss\u00e3o de Projetos Sociais \u2013 <\/strong>H\u00e9lio Bolsi<br \/>\n<strong>Comiss\u00e3o da Funda\u00e7\u00e3o Rot\u00e1ria \u2013 <\/strong>Claudir Basso<br \/>\n<strong>Protocolo \u2013 <\/strong>Elisabete Vera de Moura<br \/>\n<strong>Coordena\u00e7\u00e3o de Patrim\u00f4nio \u2013 <\/strong>Janete Marchi<\/p>\n<p style=\"text-align: justify;\"><em>O Alto Uruguai<\/em><\/p>","protected":false},"excerpt":{"rendered":"<p>O Rotary Clube Barril de Frederico Westphalen, empossou na noite desta sexta-feira, 1\u00ba de julho, o novo quadro diretivo do clube de servi\u00e7o. O evento aconteceu no Bistr\u00f4 Eventos e reuniu mais de 60 pessoas. Durante a noite, tamb\u00e9m foram empossados os novos diretores do Interact Club, clube de servi\u00e7o destinado aos rotarianos mais jovens.<\/p>\n<div class=\"read-more-wrapper\"><a class=\"read-more\" href=\"https:\/\/www2.comunitaria.com.br\/en\/rotary-barril-empossa-nova-diretoria\/\" title=\"Read More\"> <span class=\"button\">Read More<\/span><\/a><\/div>","protected":false},"author":2,"featured_media":19850,"comment_status":"open","ping_status":"closed","sticky":false,"template":"","format":"standard","meta":{"ngg_post_thumbnail":0,"footnotes":""},"categories":[42,33,35],"tags":[400,82,3067,2706],"class_list":["post-19849","post","type-post","status-publish","format-standard","has-post-thumbnail","hentry","category-fred-west","category-noticias","category-variedades","tag-diretoria","tag-frederico-westphalen","tag-rotary-barril","tag-solenidade"],"amp_enabled":true,"_links":{"self":[{"href":"https:\/\/www2.comunitaria.com.br\/en\/wp-json\/wp\/v2\/posts\/19849","targetHints":{"allow":["GET"]}}],"collection":[{"href":"https:\/\/www2.comunitaria.com.br\/en\/wp-json\/wp\/v2\/posts"}],"about":[{"href":"https:\/\/www2.comunitaria.com.br\/en\/wp-json\/wp\/v2\/types\/post"}],"author":[{"embeddable":true,"href":"https:\/\/www2.comunitaria.com.br\/en\/wp-json\/wp\/v2\/users\/2"}],"replies":[{"embeddable":true,"href":"https:\/\/www2.comunitaria.com.br\/en\/wp-json\/wp\/v2\/comments?post=19849"}],"version-history":[{"count":0,"href":"https:\/\/www2.comunitaria.com.br\/en\/wp-json\/wp\/v2\/posts\/19849\/revisions"}],"wp:featuredmedia":[{"embeddable":true,"href":"https:\/\/www2.comunitaria.com.br\/en\/wp-json\/wp\/v2\/media\/19850"}],"wp:attachment":[{"href":"https:\/\/www2.comunitaria.com.br\/en\/wp-json\/wp\/v2\/media?parent=19849"}],"wp:term":[{"taxonomy":"category","embeddable":true,"href":"https:\/\/www2.comunitaria.com.br\/en\/wp-json\/wp\/v2\/categories?post=19849"},{"taxonomy":"post_tag","embeddable":true,"href":"https:\/\/www2.comunitaria.com.br\/en\/wp-json\/wp\/v2\/tags?post=19849"}],"curies":[{"name":"wp","href":"https:\/\/api.w.org\/{rel}","templated":true}]}}