{"id":19806,"date":"2016-07-01T16:40:49","date_gmt":"2016-07-01T18:40:49","guid":{"rendered":"http:\/\/www2.comunitaria.com.br\/?p=19806"},"modified":"2016-07-01T16:40:49","modified_gmt":"2016-07-01T18:40:49","slug":"prf-flagra-carro-utilizando-galao-como-tanque-de-combustivel-em-palmeira-das-missoes","status":"publish","type":"post","link":"https:\/\/www2.comunitaria.com.br\/en\/prf-flagra-carro-utilizando-galao-como-tanque-de-combustivel-em-palmeira-das-missoes\/","title":{"rendered":"PRF flagra carro utilizando gal\u00e3o como tanque de combust\u00edvel em Palmeira das Miss\u00f5es"},"content":{"rendered":"<p style=\"text-align: justify;\">A Pol\u00edcia Rodovi\u00e1ria Federal flagrou durante fiscaliza\u00e7\u00e3o na tarde de ontem, quinta-feira, 30, na BR 468 em Palmeira das Miss\u00f5es, um ve\u00edculo em p\u00e9ssimas condi\u00e7\u00f5es de circula\u00e7\u00e3o. O fato inusitado e perigoso foi a utiliza\u00e7\u00e3o de um gal\u00e3o de gasolina como tanque junto ao motor, gerando alto risco de inc\u00eandio.<\/p>\n<p style=\"text-align: justify;\">O ve\u00edculo Fiat Uno, foi removido ao p\u00e1tio, pois, al\u00e9m de possuir licenciamento atrasado, continha pneus desgastados, defeito no sistema de ilumina\u00e7\u00e3o e sinaliza\u00e7\u00e3o e falta de equipamentos obrigat\u00f3rios.<\/p>\n<p style=\"text-align: justify;\">O propriet\u00e1rio, diante de problemas mec\u00e2nicos, fez uma adapta\u00e7\u00e3o do tanque de combust\u00edvel, substituindo por um gal\u00e3o pl\u00e1stico e colocou no mesmo compartimento do motor. A gasolina junto ao motor pode incendiar o ve\u00edculo a qualquer momento, gerando perigo de dano aos ocupantes e a terceiros.<\/p>\n<p style=\"text-align: justify;\"><em>PRF<\/em><\/p>","protected":false},"excerpt":{"rendered":"<p>A Pol\u00edcia Rodovi\u00e1ria Federal flagrou durante fiscaliza\u00e7\u00e3o na tarde de ontem, quinta-feira, 30, na BR 468 em Palmeira das Miss\u00f5es, um ve\u00edculo em p\u00e9ssimas condi\u00e7\u00f5es de circula\u00e7\u00e3o. O fato inusitado e perigoso foi a utiliza\u00e7\u00e3o de um gal\u00e3o de gasolina como tanque junto ao motor, gerando alto risco de inc\u00eandio. O ve\u00edculo Fiat Uno, foi<\/p>\n<div class=\"read-more-wrapper\"><a class=\"read-more\" href=\"https:\/\/www2.comunitaria.com.br\/en\/prf-flagra-carro-utilizando-galao-como-tanque-de-combustivel-em-palmeira-das-missoes\/\" title=\"Read More\"> <span class=\"button\">Read More<\/span><\/a><\/div>","protected":false},"author":2,"featured_media":19808,"comment_status":"open","ping_status":"closed","sticky":false,"template":"","format":"standard","meta":{"ngg_post_thumbnail":0,"footnotes":""},"categories":[42,33,36,43],"tags":[938,177,86,426,1081],"class_list":["post-19806","post","type-post","status-publish","format-standard","has-post-thumbnail","hentry","category-fred-west","category-noticias","category-policia","category-regiao","tag-flagrante","tag-policia-2","tag-regiao-2","tag-transito","tag-veiculo"],"amp_enabled":true,"_links":{"self":[{"href":"https:\/\/www2.comunitaria.com.br\/en\/wp-json\/wp\/v2\/posts\/19806","targetHints":{"allow":["GET"]}}],"collection":[{"href":"https:\/\/www2.comunitaria.com.br\/en\/wp-json\/wp\/v2\/posts"}],"about":[{"href":"https:\/\/www2.comunitaria.com.br\/en\/wp-json\/wp\/v2\/types\/post"}],"author":[{"embeddable":true,"href":"https:\/\/www2.comunitaria.com.br\/en\/wp-json\/wp\/v2\/users\/2"}],"replies":[{"embeddable":true,"href":"https:\/\/www2.comunitaria.com.br\/en\/wp-json\/wp\/v2\/comments?post=19806"}],"version-history":[{"count":0,"href":"https:\/\/www2.comunitaria.com.br\/en\/wp-json\/wp\/v2\/posts\/19806\/revisions"}],"wp:featuredmedia":[{"embeddable":true,"href":"https:\/\/www2.comunitaria.com.br\/en\/wp-json\/wp\/v2\/media\/19808"}],"wp:attachment":[{"href":"https:\/\/www2.comunitaria.com.br\/en\/wp-json\/wp\/v2\/media?parent=19806"}],"wp:term":[{"taxonomy":"category","embeddable":true,"href":"https:\/\/www2.comunitaria.com.br\/en\/wp-json\/wp\/v2\/categories?post=19806"},{"taxonomy":"post_tag","embeddable":true,"href":"https:\/\/www2.comunitaria.com.br\/en\/wp-json\/wp\/v2\/tags?post=19806"}],"curies":[{"name":"wp","href":"https:\/\/api.w.org\/{rel}","templated":true}]}}