{"id":19660,"date":"2016-06-23T15:58:33","date_gmt":"2016-06-23T17:58:33","guid":{"rendered":"http:\/\/www2.comunitaria.com.br\/?p=19660"},"modified":"2016-06-23T16:03:23","modified_gmt":"2016-06-23T18:03:23","slug":"creluz-esclarece-queda-de-energia-que-afetou-7-municipios-da-regiao","status":"publish","type":"post","link":"https:\/\/www2.comunitaria.com.br\/en\/creluz-esclarece-queda-de-energia-que-afetou-7-municipios-da-regiao\/","title":{"rendered":"Obra particular causa queda de energia em 7 munic\u00edpios da regi\u00e3o"},"content":{"rendered":"<p style=\"text-align: justify;\">A Creluz emitiu uma nota nesta quinta-feira, dia 23, esclarecendo o motivo das quedas de energia el\u00e9trica que ocorreram na \u00faltima ter\u00e7a e quarta-feira, 22. A falta de energia afetou consumidores da Creluz de Frederico Westphalen, Taquaru\u00e7u do Sul, Vista Alegre, Palmitinho, Pinheirinho do Vale, Cai\u00e7ara e Vicente Dutra.<\/p>\n<p style=\"text-align: justify;\">Segundo a Cooperativa, o problema foi causado por uma equipe de constru\u00e7\u00e3o de redes n\u00e3o tendo v\u00ednculo com a Creluz, e que estava realizando um projeto particular de loteamento na Linha Faguense, em Frederico Westphalen.<\/p>\n<p style=\"text-align: justify;\">Ainda conforme a nota, a cooperativa pede desculpas a seus consumidores e informa que tomar\u00e1 as medidas cab\u00edveis.<\/p>\n<p style=\"text-align: justify;\"><strong>Segue a nota:<\/strong><\/p>\n<p style=\"text-align: justify;\"><em>A CRELUZ \u2010 COOPERATIVA DE DISTRIBUI\u00c7\u00c3O DE ENERGIA COMUNICA aos associados e consumidores que as faltas de energia que ocorreram nos dias 21 (turno da tarde) e 22 de junho de 2016 (turno da noite) nos munic\u00edpios de Frederico Westphalen, Taquaru\u00e7u do Sul, Vista Alegre, Palmitinho, Pinheirinho do Vale, Cai\u00e7ara e Vicente Dutra, foram ocasionadas por uma equipe de constru\u00e7\u00e3o de redes que N\u00c3O PERTENCE \u00c0S EQUIPES DA CRELUZ, equipe esta, que estava realizando um PROJETO PARTICULAR de um loteamento localizado na comunidade da Linha<\/em><\/p>\n<p style=\"text-align: justify;\"><em>Faguense, munic\u00edpio de Frederico Westphalen.<\/em><\/p>\n<p style=\"text-align: justify;\"><em>A referida equipe gerou um curto circuito no sistema de distribui\u00e7\u00e3o que afetou todos os consumidores associados pertencentes ao mesmo. Embora, o problema n\u00e3o foi gerado pela CRELUZ, pedimos desculpas aos nossos associados pelo ocorrido. Informamos ainda, que a CRELUZ est\u00e1 apurando os fatos para tomar as medidas necess\u00e1rias e cab\u00edveis para que o problema n\u00e3o se repita. Agradecemos a compreens\u00e3o dos associados.<\/em><\/p>\n<p style=\"text-align: justify;\"><em>Pinhal \/ RS, quinta\u2010feira, 23 de junho de 2016.<\/em><\/p>","protected":false},"excerpt":{"rendered":"<p>A Creluz emitiu uma nota nesta quinta-feira, dia 23, esclarecendo o motivo das quedas de energia el\u00e9trica que ocorreram na \u00faltima ter\u00e7a e quarta-feira, 22. A falta de energia afetou&#8230;<\/p>","protected":false},"author":2,"featured_media":19662,"comment_status":"open","ping_status":"closed","sticky":false,"template":"","format":"standard","meta":{"ngg_post_thumbnail":0,"footnotes":""},"categories":[33,43],"tags":[203,3034],"class_list":["post-19660","post","type-post","status-publish","format-standard","has-post-thumbnail","hentry","category-noticias","category-regiao","tag-creluz","tag-queda-de-energia"],"amp_enabled":true,"_links":{"self":[{"href":"https:\/\/www2.comunitaria.com.br\/en\/wp-json\/wp\/v2\/posts\/19660","targetHints":{"allow":["GET"]}}],"collection":[{"href":"https:\/\/www2.comunitaria.com.br\/en\/wp-json\/wp\/v2\/posts"}],"about":[{"href":"https:\/\/www2.comunitaria.com.br\/en\/wp-json\/wp\/v2\/types\/post"}],"author":[{"embeddable":true,"href":"https:\/\/www2.comunitaria.com.br\/en\/wp-json\/wp\/v2\/users\/2"}],"replies":[{"embeddable":true,"href":"https:\/\/www2.comunitaria.com.br\/en\/wp-json\/wp\/v2\/comments?post=19660"}],"version-history":[{"count":0,"href":"https:\/\/www2.comunitaria.com.br\/en\/wp-json\/wp\/v2\/posts\/19660\/revisions"}],"wp:featuredmedia":[{"embeddable":true,"href":"https:\/\/www2.comunitaria.com.br\/en\/wp-json\/wp\/v2\/media\/19662"}],"wp:attachment":[{"href":"https:\/\/www2.comunitaria.com.br\/en\/wp-json\/wp\/v2\/media?parent=19660"}],"wp:term":[{"taxonomy":"category","embeddable":true,"href":"https:\/\/www2.comunitaria.com.br\/en\/wp-json\/wp\/v2\/categories?post=19660"},{"taxonomy":"post_tag","embeddable":true,"href":"https:\/\/www2.comunitaria.com.br\/en\/wp-json\/wp\/v2\/tags?post=19660"}],"curies":[{"name":"wp","href":"https:\/\/api.w.org\/{rel}","templated":true}]}}