{"id":19573,"date":"2016-06-20T09:29:06","date_gmt":"2016-06-20T11:29:06","guid":{"rendered":"http:\/\/www2.comunitaria.com.br\/?p=19573"},"modified":"2016-06-20T09:33:23","modified_gmt":"2016-06-20T11:33:23","slug":"policiais-militares-do-37-bpm-sao-habilitados-para-utilizar-arma-eletrica","status":"publish","type":"post","link":"https:\/\/www2.comunitaria.com.br\/en\/policiais-militares-do-37-bpm-sao-habilitados-para-utilizar-arma-eletrica\/","title":{"rendered":"Policiais Militares do 37\u00b0 BPM s\u00e3o habilitados para utilizar Arma El\u00e9trica"},"content":{"rendered":"<p style=\"text-align: justify;\">Ap\u00f3s uma semana de treinamento em Frederico Westphalen, trinta Policiais Militares dos munic\u00edpios que integram o efetivo do 37\u00b0 BPM foram habilitados para operarem arma de condu\u00e7\u00e3o el\u00e9trica em ocorr\u00eancias atendidas pela Brigada Militar.<\/p>\n<p style=\"text-align: justify;\">Instru\u00e7\u00e3o antes centralizadas em Porto Alegre foi realizada na sede do 37\u00b0 BPM com objetivo de qualificar e otimizar a presta\u00e7\u00e3o do servi\u00e7o realizado\u00a0pelos Policiais Militares \u00e0<span class=\"text_exposed_show\">\u00a0popula\u00e7\u00e3o.<\/span><\/p>\n<div class=\"text_exposed_show\">\n<p style=\"text-align: justify;\">Com essa qualifica\u00e7\u00e3o os profissionais est\u00e3o autorizados a fazer uso da Arma El\u00e9trica em ocorr\u00eancias que demandem a necessidade do emprego dessa arma, como forma eficaz e eficiente de interven\u00e7\u00e3o policial.<\/p>\n<p style=\"text-align: justify;\"><em><strong>37\u00b0 BPM<\/strong><\/em><\/p>\n<\/div>","protected":false},"excerpt":{"rendered":"<p>Ap\u00f3s uma semana de treinamento em Frederico Westphalen, trinta Policiais Militares dos munic\u00edpios que integram o efetivo do 37\u00b0 BPM foram habilitados para operarem arma de condu\u00e7\u00e3o el\u00e9trica em ocorr\u00eancias atendidas pela Brigada Militar. Instru\u00e7\u00e3o antes centralizadas em Porto Alegre foi realizada na sede do 37\u00b0 BPM com objetivo de qualificar e otimizar a presta\u00e7\u00e3o<\/p>\n<div class=\"read-more-wrapper\"><a class=\"read-more\" href=\"https:\/\/www2.comunitaria.com.br\/en\/policiais-militares-do-37-bpm-sao-habilitados-para-utilizar-arma-eletrica\/\" title=\"Read More\"> <span class=\"button\">Read More<\/span><\/a><\/div>","protected":false},"author":2,"featured_media":19574,"comment_status":"open","ping_status":"closed","sticky":false,"template":"","format":"standard","meta":{"ngg_post_thumbnail":0,"footnotes":""},"categories":[46,42,28,33,36],"tags":[3023,911,177,78,3022],"class_list":["post-19573","post","type-post","status-publish","format-standard","has-post-thumbnail","hentry","category-estado","category-fred-west","category-destaque","category-noticias","category-policia","tag-arma-eletrica","tag-brigada-militar","tag-policia-2","tag-seguranca","tag-treinamento"],"amp_enabled":true,"_links":{"self":[{"href":"https:\/\/www2.comunitaria.com.br\/en\/wp-json\/wp\/v2\/posts\/19573","targetHints":{"allow":["GET"]}}],"collection":[{"href":"https:\/\/www2.comunitaria.com.br\/en\/wp-json\/wp\/v2\/posts"}],"about":[{"href":"https:\/\/www2.comunitaria.com.br\/en\/wp-json\/wp\/v2\/types\/post"}],"author":[{"embeddable":true,"href":"https:\/\/www2.comunitaria.com.br\/en\/wp-json\/wp\/v2\/users\/2"}],"replies":[{"embeddable":true,"href":"https:\/\/www2.comunitaria.com.br\/en\/wp-json\/wp\/v2\/comments?post=19573"}],"version-history":[{"count":0,"href":"https:\/\/www2.comunitaria.com.br\/en\/wp-json\/wp\/v2\/posts\/19573\/revisions"}],"wp:featuredmedia":[{"embeddable":true,"href":"https:\/\/www2.comunitaria.com.br\/en\/wp-json\/wp\/v2\/media\/19574"}],"wp:attachment":[{"href":"https:\/\/www2.comunitaria.com.br\/en\/wp-json\/wp\/v2\/media?parent=19573"}],"wp:term":[{"taxonomy":"category","embeddable":true,"href":"https:\/\/www2.comunitaria.com.br\/en\/wp-json\/wp\/v2\/categories?post=19573"},{"taxonomy":"post_tag","embeddable":true,"href":"https:\/\/www2.comunitaria.com.br\/en\/wp-json\/wp\/v2\/tags?post=19573"}],"curies":[{"name":"wp","href":"https:\/\/api.w.org\/{rel}","templated":true}]}}