{"id":19419,"date":"2016-06-16T16:15:23","date_gmt":"2016-06-16T18:15:23","guid":{"rendered":"http:\/\/www2.comunitaria.com.br\/?p=19419"},"modified":"2016-06-17T11:42:18","modified_gmt":"2016-06-17T13:42:18","slug":"empregarrs-acontece-nesta-sexta-feira-em-fw","status":"publish","type":"post","link":"https:\/\/www2.comunitaria.com.br\/en\/empregarrs-acontece-nesta-sexta-feira-em-fw\/","title":{"rendered":"Empregar\/RS acontece nesta sexta-feira em FW"},"content":{"rendered":"<p style=\"text-align: justify;\">Durante a manh\u00e3 desta sexta-feira, 17, a Ag\u00eancia FGTAS\/Sine de Frederico Westphalen participar\u00e1 do Empregar\/RS. O mutir\u00e3o que visa promover a empregabilidade\u00a0\u00e9 aberto ao p\u00fablico e ocorre durante todo o dia das 9h \u00e0s 16h. S\u00e3o 27 vagas de trabalho para Frederico Westphalen. \u00a0Durante a parte da manh\u00e3 tamb\u00e9m ser\u00e3o realizadas palestras que visam qualificar e orientar os interessados em vagas de emprego.<\/p>\n<p style=\"text-align: justify;\">O Empregar\/RS ser\u00e1 realizado em 77 munic\u00edpios do Rio Grande do Sul. O\u00a0Secret\u00e1rio do Trabalho e do Desenvolvimento Social do RS, Catarina Paladini, fala sobre a a\u00e7\u00e3o e convida a popula\u00e7\u00e3o que procura uma oportunidade a participar do Empregar\/RS:<\/p>\n<!--[if lt IE 9]><script>document.createElement('audio');<\/script><![endif]-->\n<audio class=\"wp-audio-shortcode\" id=\"audio-19419-1\" preload=\"none\" style=\"width: 100%;\" controls=\"controls\"><source type=\"audio\/mpeg\" src=\"http:\/\/www2.comunitaria.com.br\/wp-content\/uploads\/2016\/06\/Catarina.mp3?_=1\" \/><a href=\"http:\/\/www2.comunitaria.com.br\/wp-content\/uploads\/2016\/06\/Catarina.mp3\">http:\/\/www2.comunitaria.com.br\/wp-content\/uploads\/2016\/06\/Catarina.mp3<\/a><\/audio>","protected":false},"excerpt":{"rendered":"<p>Durante a manh\u00e3 desta sexta-feira, 17, a Ag\u00eancia FGTAS\/Sine de Frederico Westphalen participar\u00e1 do Empregar\/RS. O mutir\u00e3o que visa promover a empregabilidade\u00a0\u00e9 aberto ao p\u00fablico e ocorre durante todo o dia das 9h \u00e0s 16h. S\u00e3o 27 vagas de trabalho para Frederico Westphalen. \u00a0Durante a parte da manh\u00e3 tamb\u00e9m ser\u00e3o realizadas palestras que visam qualificar<\/p>\n<div class=\"read-more-wrapper\"><a class=\"read-more\" href=\"https:\/\/www2.comunitaria.com.br\/en\/empregarrs-acontece-nesta-sexta-feira-em-fw\/\" title=\"Read More\"> <span class=\"button\">Read More<\/span><\/a><\/div>","protected":false},"author":2,"featured_media":17087,"comment_status":"open","ping_status":"closed","sticky":false,"template":"","format":"standard","meta":{"ngg_post_thumbnail":0,"footnotes":""},"categories":[42,33,35],"tags":[3021,1103,1711,2558,1619,1165],"class_list":["post-19419","post","type-post","status-publish","format-standard","has-post-thumbnail","hentry","category-fred-west","category-noticias","category-variedades","tag-empregarrs","tag-emprego","tag-fgtas","tag-mutirao","tag-sine","tag-variedades"],"amp_enabled":true,"_links":{"self":[{"href":"https:\/\/www2.comunitaria.com.br\/en\/wp-json\/wp\/v2\/posts\/19419","targetHints":{"allow":["GET"]}}],"collection":[{"href":"https:\/\/www2.comunitaria.com.br\/en\/wp-json\/wp\/v2\/posts"}],"about":[{"href":"https:\/\/www2.comunitaria.com.br\/en\/wp-json\/wp\/v2\/types\/post"}],"author":[{"embeddable":true,"href":"https:\/\/www2.comunitaria.com.br\/en\/wp-json\/wp\/v2\/users\/2"}],"replies":[{"embeddable":true,"href":"https:\/\/www2.comunitaria.com.br\/en\/wp-json\/wp\/v2\/comments?post=19419"}],"version-history":[{"count":0,"href":"https:\/\/www2.comunitaria.com.br\/en\/wp-json\/wp\/v2\/posts\/19419\/revisions"}],"wp:featuredmedia":[{"embeddable":true,"href":"https:\/\/www2.comunitaria.com.br\/en\/wp-json\/wp\/v2\/media\/17087"}],"wp:attachment":[{"href":"https:\/\/www2.comunitaria.com.br\/en\/wp-json\/wp\/v2\/media?parent=19419"}],"wp:term":[{"taxonomy":"category","embeddable":true,"href":"https:\/\/www2.comunitaria.com.br\/en\/wp-json\/wp\/v2\/categories?post=19419"},{"taxonomy":"post_tag","embeddable":true,"href":"https:\/\/www2.comunitaria.com.br\/en\/wp-json\/wp\/v2\/tags?post=19419"}],"curies":[{"name":"wp","href":"https:\/\/api.w.org\/{rel}","templated":true}]}}