{"id":19248,"date":"2016-06-08T18:21:37","date_gmt":"2016-06-08T20:21:37","guid":{"rendered":"http:\/\/www2.comunitaria.com.br\/?p=19248"},"modified":"2016-06-08T18:21:37","modified_gmt":"2016-06-08T20:21:37","slug":"em-parceria-com-escola-de-idiomas-cufafw-oferece-novas-vagas-gratuitas-para-curso-de-ingles","status":"publish","type":"post","link":"https:\/\/www2.comunitaria.com.br\/en\/em-parceria-com-escola-de-idiomas-cufafw-oferece-novas-vagas-gratuitas-para-curso-de-ingles\/","title":{"rendered":"Em parceria com escola de idiomas, CUFA\/FW oferece novas vagas gratuitas para curso de ingl\u00eas"},"content":{"rendered":"<p style=\"text-align: justify;\">O Centro de Idiomas Ren\u00e9 Descartes disponibilizar\u00e1 mais 3 vagas para curso ingl\u00eas juntamente \u00e0 Central \u00danica das Favelas de Frederico Westphalen. A parceria foi firmada em janeiro deste ano, em reuni\u00e3o o coordenador da ONG, Junior Torres, e Prof\u00ba Mamadou Aliou, propriet\u00e1rio da escola de idiomas.<\/p>\n<p style=\"text-align: justify;\">As vagas s\u00e3o destinadas aos moradores dos bairros S\u00e3o Jos\u00e9, S\u00e3o Francisco de Paula, Pedreira, Primavera, Linha 21 de Abril e bairro F\u00e1tima, com idades entre 12 e 17 anos.<\/p>\n<p style=\"text-align: justify;\">As aulas tem in\u00edcio imediato, ser\u00e3o presenciais em um dia da semana ainda a definir, al\u00e9m de atendimento 24hs via Facebook ou Skype. O curso tem um total de 18 meses, totalizando 3 semestres.<\/p>\n<p style=\"text-align: justify;\">Interessados em participar da sele\u00e7\u00e3o devem enviar nome completo, CPF, RG e endere\u00e7o para <a href=\"mailto:cufafwrs@gmail.com\">cufafwrs@gmail.com<\/a> ou com Junior Torres pelo telefone (055) 9909-3759 para listagem dos candidatos. As inscri\u00e7\u00f5es ser\u00e3o realizadas de 7 \u00e0 14 de junho. As aulas ser\u00e3o inteiramente gr\u00e1tis e incluem materiais did\u00e1ticos<\/p>","protected":false},"excerpt":{"rendered":"<p>O Centro de Idiomas Ren\u00e9 Descartes disponibilizar\u00e1 mais 3 vagas para curso ingl\u00eas juntamente \u00e0 Central \u00danica das Favelas de Frederico Westphalen. A parceria foi firmada em janeiro deste ano,&#8230;<\/p>","protected":false},"author":2,"featured_media":19249,"comment_status":"open","ping_status":"closed","sticky":false,"template":"","format":"standard","meta":{"ngg_post_thumbnail":0,"footnotes":""},"categories":[44,42,33],"tags":[3003,2360,413,82],"class_list":["post-19248","post","type-post","status-publish","format-standard","has-post-thumbnail","hentry","category-educacao","category-fred-west","category-noticias","tag-curso-de-idiomas","tag-curso-de-ingles","tag-educacao-2","tag-frederico-westphalen"],"amp_enabled":true,"_links":{"self":[{"href":"https:\/\/www2.comunitaria.com.br\/en\/wp-json\/wp\/v2\/posts\/19248","targetHints":{"allow":["GET"]}}],"collection":[{"href":"https:\/\/www2.comunitaria.com.br\/en\/wp-json\/wp\/v2\/posts"}],"about":[{"href":"https:\/\/www2.comunitaria.com.br\/en\/wp-json\/wp\/v2\/types\/post"}],"author":[{"embeddable":true,"href":"https:\/\/www2.comunitaria.com.br\/en\/wp-json\/wp\/v2\/users\/2"}],"replies":[{"embeddable":true,"href":"https:\/\/www2.comunitaria.com.br\/en\/wp-json\/wp\/v2\/comments?post=19248"}],"version-history":[{"count":0,"href":"https:\/\/www2.comunitaria.com.br\/en\/wp-json\/wp\/v2\/posts\/19248\/revisions"}],"wp:featuredmedia":[{"embeddable":true,"href":"https:\/\/www2.comunitaria.com.br\/en\/wp-json\/wp\/v2\/media\/19249"}],"wp:attachment":[{"href":"https:\/\/www2.comunitaria.com.br\/en\/wp-json\/wp\/v2\/media?parent=19248"}],"wp:term":[{"taxonomy":"category","embeddable":true,"href":"https:\/\/www2.comunitaria.com.br\/en\/wp-json\/wp\/v2\/categories?post=19248"},{"taxonomy":"post_tag","embeddable":true,"href":"https:\/\/www2.comunitaria.com.br\/en\/wp-json\/wp\/v2\/tags?post=19248"}],"curies":[{"name":"wp","href":"https:\/\/api.w.org\/{rel}","templated":true}]}}