{"id":19199,"date":"2016-06-06T12:19:00","date_gmt":"2016-06-06T14:19:00","guid":{"rendered":"http:\/\/www2.comunitaria.com.br\/?p=19199"},"modified":"2016-06-06T12:27:56","modified_gmt":"2016-06-06T14:27:56","slug":"repasses-para-os-hospitais-devem-ser-feitos-ate-dia-13-de-junho","status":"publish","type":"post","link":"https:\/\/www2.comunitaria.com.br\/en\/repasses-para-os-hospitais-devem-ser-feitos-ate-dia-13-de-junho\/","title":{"rendered":"Repasses para os hospitais devem ser feitos at\u00e9 dia 13 de junho"},"content":{"rendered":"<p style=\"text-align: justify;\">Em reuni\u00e3o realizada na \u00faltima quinta-feira, 2, no Pal\u00e1cio Piratini com \u00a0lideran\u00e7as ligadas \u00e0 gest\u00e3o da sa\u00fade de 63 munic\u00edpios &#8211; da Associa\u00e7\u00e3o dos Munic\u00edpios da Zona de Produ\u00e7\u00e3o (Amzop) e a Associa\u00e7\u00e3o dos Munic\u00edpios da Regi\u00e3o Celeiro (Amuceleiro), o Secret\u00e1rio Estadual da Sa\u00fade, Jo\u00e3o Gabbardo dos Reis declarou que \u201cA crise dos hospitais continua\u201d.<\/p>\n<p style=\"text-align: justify;\">Sem repasses do Governo Estadual, o Hospital Divina Provid\u00eancia de Frederico Westphalen encontra-se atualmente sem plant\u00e3o. Decis\u00e3o por paralisar o atendimento, foi determinada pela categoria m\u00e9dica atrav\u00e9s de um of\u00edcio do Sindicato M\u00e9dico do Rio Grande do Sul encaminhado \u00e0 dire\u00e7\u00e3o do Hospital na sexta-feira, 3.<\/p>\n<p style=\"text-align: justify;\">De acordo com a dire\u00e7\u00e3o do HDP, os profissionais plantonistas est\u00e3o com os sal\u00e1rios atrasados desde mar\u00e7o e, no pr\u00f3ximo dia 10, sexta-feira, vence a parcela equivalente ao m\u00eas de maio, totalizando tr\u00eas meses sem pagamento. Por\u00e9m, durante a reuni\u00e3o no Piratini, o Secret\u00e1rio Estadual da Sa\u00fade anunciou que parte dos d\u00e9bitos atrasados ser\u00e3o repassados at\u00e9 o dia 13 de junho. Com este repasse, o HDP tentar\u00e1 realizar um acordo com os m\u00e9dicos para que o plant\u00e3o retorne as atividades.<\/p>\n<p style=\"text-align: justify;\">O vice-presidente do Hospital Divina Provid\u00eancia, Milton da Rocha, fala que a crise nacional vem se refletindo em Frederico Westphalen e que a administra\u00e7\u00e3o da casa de sa\u00fade busca alternativas para ultrapassar este per\u00edodo:<\/p>\n<!--[if lt IE 9]><script>document.createElement('audio');<\/script><![endif]-->\n<audio class=\"wp-audio-shortcode\" id=\"audio-19199-1\" preload=\"none\" style=\"width: 100%;\" controls=\"controls\"><source type=\"audio\/mpeg\" src=\"http:\/\/www2.comunitaria.com.br\/wp-content\/uploads\/2016\/06\/Milton.mp3?_=1\" \/><a href=\"http:\/\/www2.comunitaria.com.br\/wp-content\/uploads\/2016\/06\/Milton.mp3\">http:\/\/www2.comunitaria.com.br\/wp-content\/uploads\/2016\/06\/Milton.mp3<\/a><\/audio>\n<p style=\"text-align: justify;\">\u00a0A dire\u00e7\u00e3o do HDP\u00a0pede que a comunidade procure o servi\u00e7o do plant\u00e3o quando realmente se tratar de casos de urg\u00eancia e emerg\u00eancia, visto que o sobreaviso n\u00e3o est\u00e1 paralisado.<\/p>\n\n\t\t<style type=\"text\/css\">\n\t\t\t#gallery-1 {\n\t\t\t\tmargin: auto;\n\t\t\t}\n\t\t\t#gallery-1 .gallery-item {\n\t\t\t\tfloat: left;\n\t\t\t\tmargin-top: 10px;\n\t\t\t\ttext-align: center;\n\t\t\t\twidth: 33%;\n\t\t\t}\n\t\t\t#gallery-1 img {\n\t\t\t\tborder: 2px solid #cfcfcf;\n\t\t\t}\n\t\t\t#gallery-1 .gallery-caption {\n\t\t\t\tmargin-left: 0;\n\t\t\t}\n\t\t\t\/* see gallery_shortcode() in wp-includes\/media.php *\/\n\t\t<\/style>\n\t\t<div id='gallery-1' class='gallery galleryid-19199 gallery-columns-3 gallery-size-thumbnail'><dl class='gallery-item'>\n\t\t\t<dt class='gallery-icon landscape'>\n\t\t\t\t<a href='https:\/\/www2.comunitaria.com.br\/en\/repasses-para-os-hospitais-devem-ser-feitos-ate-dia-13-de-junho\/attachment\/509\/'><img loading=\"lazy\" decoding=\"async\" width=\"150\" height=\"150\" src=\"https:\/\/www2.comunitaria.com.br\/wp-content\/uploads\/2016\/06\/509-150x150.jpg\" class=\"attachment-thumbnail size-thumbnail\" alt=\"\" aria-describedby=\"gallery-1-19202\" srcset=\"https:\/\/www2.comunitaria.com.br\/wp-content\/uploads\/2016\/06\/509-150x150.jpg 150w, https:\/\/www2.comunitaria.com.br\/wp-content\/uploads\/2016\/06\/509-65x65.jpg 65w\" sizes=\"auto, (max-width: 150px) 100vw, 150px\" \/><\/a>\n\t\t\t<\/dt>\n\t\t\t\t<dd class='wp-caption-text gallery-caption' id='gallery-1-19202'>\n\t\t\t\tReuni\u00e3o com os representantes dos munic\u00edpios do Norte do RS foi realizada na \u00faltima quinta-feira, 2 (Foto: AI\/Pal\u00e1cio Piratini)\n\t\t\t\t<\/dd><\/dl><dl class='gallery-item'>\n\t\t\t<dt class='gallery-icon landscape'>\n\t\t\t\t<a href='https:\/\/www2.comunitaria.com.br\/en\/repasses-para-os-hospitais-devem-ser-feitos-ate-dia-13-de-junho\/reuniao-casa-civil\/'><img loading=\"lazy\" decoding=\"async\" width=\"150\" height=\"150\" src=\"https:\/\/www2.comunitaria.com.br\/wp-content\/uploads\/2016\/06\/513-150x150.jpg\" class=\"attachment-thumbnail size-thumbnail\" alt=\"\" aria-describedby=\"gallery-1-19203\" srcset=\"https:\/\/www2.comunitaria.com.br\/wp-content\/uploads\/2016\/06\/513-150x150.jpg 150w, https:\/\/www2.comunitaria.com.br\/wp-content\/uploads\/2016\/06\/513-65x65.jpg 65w\" sizes=\"auto, (max-width: 150px) 100vw, 150px\" \/><\/a>\n\t\t\t<\/dt>\n\t\t\t\t<dd class='wp-caption-text gallery-caption' id='gallery-1-19203'>\n\t\t\t\tO encontro tratou, entre outros assuntos, os repasses aos munic\u00edpios e hospitais filantr\u00f3picos (Foto: AI\/Pal\u00e1cio Piratini)\n\t\t\t\t<\/dd><\/dl>\n\t\t\t<br style='clear: both' \/>\n\t\t<\/div>","protected":false},"excerpt":{"rendered":"<p>Em reuni\u00e3o realizada na \u00faltima quinta-feira, 2, no Pal\u00e1cio Piratini com \u00a0lideran\u00e7as ligadas \u00e0 gest\u00e3o da sa\u00fade de 63 munic\u00edpios &#8211; da Associa\u00e7\u00e3o dos Munic\u00edpios da Zona de Produ\u00e7\u00e3o (Amzop) e a Associa\u00e7\u00e3o dos Munic\u00edpios da Regi\u00e3o Celeiro (Amuceleiro), o Secret\u00e1rio Estadual da Sa\u00fade, Jo\u00e3o Gabbardo dos Reis declarou que \u201cA crise dos hospitais continua\u201d.<\/p>\n<div class=\"read-more-wrapper\"><a class=\"read-more\" href=\"https:\/\/www2.comunitaria.com.br\/en\/repasses-para-os-hospitais-devem-ser-feitos-ate-dia-13-de-junho\/\" title=\"Read More\"> <span class=\"button\">Read More<\/span><\/a><\/div>","protected":false},"author":2,"featured_media":19170,"comment_status":"open","ping_status":"closed","sticky":false,"template":"","format":"standard","meta":{"ngg_post_thumbnail":0,"footnotes":""},"categories":[46,42,28,33,38,37],"tags":[2994,609,1076,1207,1079,1195,175],"class_list":["post-19199","post","type-post","status-publish","format-standard","has-post-thumbnail","hentry","category-estado","category-fred-west","category-destaque","category-noticias","category-politica","category-saude","tag-governo-estado","tag-hdp","tag-paralisacao","tag-plantao","tag-politica","tag-repasse","tag-saude-2"],"amp_enabled":true,"_links":{"self":[{"href":"https:\/\/www2.comunitaria.com.br\/en\/wp-json\/wp\/v2\/posts\/19199","targetHints":{"allow":["GET"]}}],"collection":[{"href":"https:\/\/www2.comunitaria.com.br\/en\/wp-json\/wp\/v2\/posts"}],"about":[{"href":"https:\/\/www2.comunitaria.com.br\/en\/wp-json\/wp\/v2\/types\/post"}],"author":[{"embeddable":true,"href":"https:\/\/www2.comunitaria.com.br\/en\/wp-json\/wp\/v2\/users\/2"}],"replies":[{"embeddable":true,"href":"https:\/\/www2.comunitaria.com.br\/en\/wp-json\/wp\/v2\/comments?post=19199"}],"version-history":[{"count":0,"href":"https:\/\/www2.comunitaria.com.br\/en\/wp-json\/wp\/v2\/posts\/19199\/revisions"}],"wp:featuredmedia":[{"embeddable":true,"href":"https:\/\/www2.comunitaria.com.br\/en\/wp-json\/wp\/v2\/media\/19170"}],"wp:attachment":[{"href":"https:\/\/www2.comunitaria.com.br\/en\/wp-json\/wp\/v2\/media?parent=19199"}],"wp:term":[{"taxonomy":"category","embeddable":true,"href":"https:\/\/www2.comunitaria.com.br\/en\/wp-json\/wp\/v2\/categories?post=19199"},{"taxonomy":"post_tag","embeddable":true,"href":"https:\/\/www2.comunitaria.com.br\/en\/wp-json\/wp\/v2\/tags?post=19199"}],"curies":[{"name":"wp","href":"https:\/\/api.w.org\/{rel}","templated":true}]}}