{"id":19193,"date":"2016-06-06T10:24:06","date_gmt":"2016-06-06T12:24:06","guid":{"rendered":"http:\/\/www2.comunitaria.com.br\/?p=19193"},"modified":"2016-06-06T10:24:06","modified_gmt":"2016-06-06T12:24:06","slug":"presidente-da-creluz-recebe-homenagem-em-liberato-salzano","status":"publish","type":"post","link":"https:\/\/www2.comunitaria.com.br\/en\/presidente-da-creluz-recebe-homenagem-em-liberato-salzano\/","title":{"rendered":"Presidente da Creluz recebe homenagem em Liberato Salzano"},"content":{"rendered":"<p style=\"text-align: justify;\">No dia em que Liberato Salzano completou 52 anos de emancipa\u00e7\u00e3o pol\u00edtico administrativa, 1\u00b0 de junho, a C\u00e2mara Municipal de Vereadores concedeu ao presidente da Creluz, professor Elemar Battisti, o t\u00edtulo de Cidad\u00e3o Honor\u00e1rio.<\/p>\n<p style=\"text-align: justify;\">A homenagem foi proposta pelo vereador Adir Marcolan, com aprova\u00e7\u00e3o un\u00e2nime dos colegas e deve-se a contribui\u00e7\u00e3o significativa de Battisti ao tomar a iniciativa de idealizar e lutar por projetos que influenciam diretamente no desenvolvimento do Munic\u00edpio e regi\u00e3o, como a constru\u00e7\u00e3o da ponte sobre o Rio da V\u00e1rzea e dos complexos de gera\u00e7\u00e3o de energia.<\/p>\n<p style=\"text-align: justify;\">Este \u00e9 o nono t\u00edtulo de cidad\u00e3o que o presidente da Creluz recebe em munic\u00edpios da regi\u00e3o. Battisti agradeceu a homenagem e disse que mais esta homenagem deve ser dividida com todo o quadro social da Cooperativa e colaboradores.<\/p>\n<p style=\"text-align: justify;\">Todos os vereadores l\u00edderes de bancada do parlamento salzanense enfatizaram em seus pronunciamentos a atua\u00e7\u00e3o de Battisti como cooperativista e empreendedor, sempre buscando novas alternativas para alavancar o desenvolvimento regional.<\/p>\n<p style=\"text-align: justify;\">O prefeito de Liberato Salzano, Gilson De Carli, destacou que a ced\u00eancia do projeto da Ponte aos prefeitos ainda em 2014, foi important\u00edssimo para que hoje a obra esteja acontecendo e demonstra a humildade e a simplicidade do presidente da Creluz, sempre tentando contribuir de todas as formas para que as coisas aconte\u00e7am.<\/p>\n<p style=\"text-align: justify;\"><strong>Ascom\/Creluz<\/strong><\/p>","protected":false},"excerpt":{"rendered":"<p>No dia em que Liberato Salzano completou 52 anos de emancipa\u00e7\u00e3o pol\u00edtico administrativa, 1\u00b0 de junho, a C\u00e2mara Municipal de Vereadores concedeu ao presidente da Creluz, professor Elemar Battisti, o&#8230;<\/p>","protected":false},"author":2,"featured_media":19194,"comment_status":"open","ping_status":"closed","sticky":false,"template":"","format":"standard","meta":{"ngg_post_thumbnail":0,"footnotes":""},"categories":[33,38,43,35],"tags":[203,1999,1079,86,1165],"class_list":["post-19193","post","type-post","status-publish","format-standard","has-post-thumbnail","hentry","category-noticias","category-politica","category-regiao","category-variedades","tag-creluz","tag-homenagem","tag-politica","tag-regiao-2","tag-variedades"],"amp_enabled":true,"_links":{"self":[{"href":"https:\/\/www2.comunitaria.com.br\/en\/wp-json\/wp\/v2\/posts\/19193","targetHints":{"allow":["GET"]}}],"collection":[{"href":"https:\/\/www2.comunitaria.com.br\/en\/wp-json\/wp\/v2\/posts"}],"about":[{"href":"https:\/\/www2.comunitaria.com.br\/en\/wp-json\/wp\/v2\/types\/post"}],"author":[{"embeddable":true,"href":"https:\/\/www2.comunitaria.com.br\/en\/wp-json\/wp\/v2\/users\/2"}],"replies":[{"embeddable":true,"href":"https:\/\/www2.comunitaria.com.br\/en\/wp-json\/wp\/v2\/comments?post=19193"}],"version-history":[{"count":0,"href":"https:\/\/www2.comunitaria.com.br\/en\/wp-json\/wp\/v2\/posts\/19193\/revisions"}],"wp:featuredmedia":[{"embeddable":true,"href":"https:\/\/www2.comunitaria.com.br\/en\/wp-json\/wp\/v2\/media\/19194"}],"wp:attachment":[{"href":"https:\/\/www2.comunitaria.com.br\/en\/wp-json\/wp\/v2\/media?parent=19193"}],"wp:term":[{"taxonomy":"category","embeddable":true,"href":"https:\/\/www2.comunitaria.com.br\/en\/wp-json\/wp\/v2\/categories?post=19193"},{"taxonomy":"post_tag","embeddable":true,"href":"https:\/\/www2.comunitaria.com.br\/en\/wp-json\/wp\/v2\/tags?post=19193"}],"curies":[{"name":"wp","href":"https:\/\/api.w.org\/{rel}","templated":true}]}}