{"id":19074,"date":"2016-05-30T17:34:11","date_gmt":"2016-05-30T19:34:11","guid":{"rendered":"http:\/\/www2.comunitaria.com.br\/?p=19074"},"modified":"2016-05-30T17:35:13","modified_gmt":"2016-05-30T19:35:13","slug":"prf-divulga-resultado-da-operacao-expofred","status":"publish","type":"post","link":"https:\/\/www2.comunitaria.com.br\/en\/prf-divulga-resultado-da-operacao-expofred\/","title":{"rendered":"PRF divulga resultado da Opera\u00e7\u00e3o Expofred"},"content":{"rendered":"<p style=\"text-align: justify;\">A Pol\u00edcia Rodovi\u00e1ria Federal intensificou a fiscaliza\u00e7\u00e3o durante a 19\u00aa edi\u00e7\u00e3o da Expofred que ocorreu entre os dias 25 e 29 de maio em Frederico Westphalen. O Parque de Exposi\u00e7\u00f5es Monsenhor Vitor Batistella fica \u00e0s margens da BR-386 e a fiscaliza\u00e7\u00e3o visou aumentar a seguran\u00e7a na rodovia evitando acidentes e combatendo a criminalidade.<\/p>\n<p style=\"text-align: justify;\">Foram fiscalizados 508 ve\u00edculos e 526 pessoas. 175 receberam orienta\u00e7\u00f5es sobre educa\u00e7\u00e3o no tr\u00e2nsito. Foram lavrados 218 autos de infra\u00e7\u00e3o, destes, 2 por dirigir sob influ\u00eancia de \u00e1lcool e 11 por se recusar a fazer o teste do baf\u00f4metro. Ao todo foram realizados 168 testes de alcoolemia. 17 condutores foram autuados por n\u00e3o usar o cinto de seguran\u00e7a e 11 por ultrapassar em local proibido pela sinaliza\u00e7\u00e3o.<\/p>\n<p style=\"text-align: justify;\"><strong>PRF<\/strong><\/p>","protected":false},"excerpt":{"rendered":"<p>A Pol\u00edcia Rodovi\u00e1ria Federal intensificou a fiscaliza\u00e7\u00e3o durante a 19\u00aa edi\u00e7\u00e3o da Expofred que ocorreu entre os dias 25 e 29 de maio em Frederico Westphalen. O Parque de Exposi\u00e7\u00f5es Monsenhor Vitor Batistella fica \u00e0s margens da BR-386 e a fiscaliza\u00e7\u00e3o visou aumentar a seguran\u00e7a na rodovia evitando acidentes e combatendo a criminalidade. Foram fiscalizados<\/p>\n<div class=\"read-more-wrapper\"><a class=\"read-more\" href=\"https:\/\/www2.comunitaria.com.br\/en\/prf-divulga-resultado-da-operacao-expofred\/\" title=\"Read More\"> <span class=\"button\">Read More<\/span><\/a><\/div>","protected":false},"author":2,"featured_media":19075,"comment_status":"open","ping_status":"closed","sticky":false,"template":"","format":"standard","meta":{"ngg_post_thumbnail":0,"footnotes":""},"categories":[42,33,36],"tags":[1482,901,177,394,426],"class_list":["post-19074","post","type-post","status-publish","format-standard","has-post-thumbnail","hentry","category-fred-west","category-noticias","category-policia","tag-expofred","tag-fiscalizacao","tag-policia-2","tag-prf","tag-transito"],"amp_enabled":true,"_links":{"self":[{"href":"https:\/\/www2.comunitaria.com.br\/en\/wp-json\/wp\/v2\/posts\/19074","targetHints":{"allow":["GET"]}}],"collection":[{"href":"https:\/\/www2.comunitaria.com.br\/en\/wp-json\/wp\/v2\/posts"}],"about":[{"href":"https:\/\/www2.comunitaria.com.br\/en\/wp-json\/wp\/v2\/types\/post"}],"author":[{"embeddable":true,"href":"https:\/\/www2.comunitaria.com.br\/en\/wp-json\/wp\/v2\/users\/2"}],"replies":[{"embeddable":true,"href":"https:\/\/www2.comunitaria.com.br\/en\/wp-json\/wp\/v2\/comments?post=19074"}],"version-history":[{"count":0,"href":"https:\/\/www2.comunitaria.com.br\/en\/wp-json\/wp\/v2\/posts\/19074\/revisions"}],"wp:featuredmedia":[{"embeddable":true,"href":"https:\/\/www2.comunitaria.com.br\/en\/wp-json\/wp\/v2\/media\/19075"}],"wp:attachment":[{"href":"https:\/\/www2.comunitaria.com.br\/en\/wp-json\/wp\/v2\/media?parent=19074"}],"wp:term":[{"taxonomy":"category","embeddable":true,"href":"https:\/\/www2.comunitaria.com.br\/en\/wp-json\/wp\/v2\/categories?post=19074"},{"taxonomy":"post_tag","embeddable":true,"href":"https:\/\/www2.comunitaria.com.br\/en\/wp-json\/wp\/v2\/tags?post=19074"}],"curies":[{"name":"wp","href":"https:\/\/api.w.org\/{rel}","templated":true}]}}