{"id":18894,"date":"2016-05-27T14:02:27","date_gmt":"2016-05-27T16:02:27","guid":{"rendered":"http:\/\/www2.comunitaria.com.br\/?p=18894"},"modified":"2016-05-27T14:02:28","modified_gmt":"2016-05-27T16:02:28","slug":"comissao-central-divulga-balanco-oficial-do-segundo-dia-de-feira","status":"publish","type":"post","link":"https:\/\/www2.comunitaria.com.br\/en\/comissao-central-divulga-balanco-oficial-do-segundo-dia-de-feira\/","title":{"rendered":"Comiss\u00e3o Central divulga balan\u00e7o oficial do segundo dia de feira"},"content":{"rendered":"<p style=\"text-align: justify;\">Ontem, feriado de Corpus Christi, o Parque de Exposi\u00e7\u00f5es ficou lotado de visitantes durante todo o dia. Pela parte da tarde, confirmando a expectativa da organiza\u00e7\u00e3o, o fluxo de pessoas aumentou consideravelmente. A estimativa \u00e9 de que cerca de 45 mil pessoas visitaram a Expofred nessa quinta-feira. Parte deste p\u00fablico, aproximadamente 17 mil, prestigiaram o show de Jads e Jadson, que animaram os presentes com o melhor do sertanejo de raiz.<\/p>\n<p style=\"text-align: justify;\">\u00a0 A feira acontece at\u00e9 o pr\u00f3ximo domingo, 29, e conta com a participa\u00e7\u00e3o de aproximadamente 400 expositores distribu\u00eddos em sete pavilh\u00f5es e \u00e1rea externa. Hoje, durante o dia todo, ser\u00e3o realizadas programa\u00e7\u00f5es paralelas. As mais esperadas s\u00e3o o \u201cDia da Suinocultura\u201d, que acontece \u00e0s 14h e tratar\u00e1 do bem estar animal, e o F\u00f3rum das ACIs, \u00e0s 18h, com palestra da presidente da Federasul, Simone Leite.<\/p>\n<p style=\"text-align: justify;\">Nesta sexta-feira, pela parte da noite, dois grandes shows animar\u00e3o o p\u00fablico. \u00c0s 21h, o palco principal recebe o show gauchesco da dupla C\u00e9sar Oliveira e Rog\u00e9rio Melo e \u00e0s 23h Rionegro e Solim\u00f5es. A entrada ao parque \u00e9 gratuita, assim como os shows, mas quem quiser garantir um lugar especial poder\u00e1 ainda adquirir ingresso para a \u00e1rea Vip por R$ 35,00 ou a Mesa Bistr\u00f4 por R$ 300,00 para seis pessoas.<\/p>\n<p style=\"text-align: justify;\">Hor\u00e1rio de abertura dos pavilh\u00f5es: 10hs at\u00e9 \u00e0s 22hs;<\/p>\n<p style=\"text-align: justify;\">Estacionamento: at\u00e9 \u00e0s 18hs R$ 10,00. Ap\u00f3s 18hs o valor passa para R$ 20,00.<\/p>\n<p style=\"text-align: justify;\"><strong>Jads e Jadson animam segunda noite de Expofred<\/strong><\/p>\n<p style=\"text-align: justify;\"><em>Em show de aproximadamente 1h30min, Jads e Jadson animaram cerca de 17 mil pessoas<\/em><\/p>\n<p style=\"text-align: justify;\">Famosa por cultivar a tradi\u00e7\u00e3o do sertanejo de raiz, a dupla Jads e Jadson animou cerca de 17 mil pessoas na noite de ontem, 26. Em um show rom\u00e2ntico e recheado de sucessos nacionais interpretados pela dupla, o p\u00fablico cantou em un\u00edssono o show inteiro.<\/p>\n<p style=\"text-align: justify;\">Jads e Jadson parabenizaram o p\u00fablico ga\u00facho pela calorosa recep\u00e7\u00e3o e, em homenagem, cantaram Herdeiro da Pampa Pobre da banda ga\u00facha Engenheiros do Hawaii. A dupla, que se apresentou na cidade pela primeira vez, agradeceu o convite da feira para participar da Epofred 2016.<\/p>\n<p style=\"text-align: justify;\"><a href=\"http:\/\/www2.comunitaria.com.br\/en\/comissao-central-divulga-balanco-oficial-do-segundo-dia-de-feira\/01-270\/\" rel=\"attachment wp-att-18895\"><img loading=\"lazy\" decoding=\"async\" class=\"alignleft size-medium wp-image-18895\" src=\"http:\/\/www2.comunitaria.com.br\/wp-content\/uploads\/2016\/05\/01-12-300x168.jpg\" alt=\"01\" width=\"300\" height=\"168\" srcset=\"https:\/\/www2.comunitaria.com.br\/wp-content\/uploads\/2016\/05\/01-12-300x168.jpg 300w, https:\/\/www2.comunitaria.com.br\/wp-content\/uploads\/2016\/05\/01-12-768x431.jpg 768w, https:\/\/www2.comunitaria.com.br\/wp-content\/uploads\/2016\/05\/01-12-1024x575.jpg 1024w, https:\/\/www2.comunitaria.com.br\/wp-content\/uploads\/2016\/05\/01-12-260x145.jpg 260w, https:\/\/www2.comunitaria.com.br\/wp-content\/uploads\/2016\/05\/01-12-450x250.jpg 450w, https:\/\/www2.comunitaria.com.br\/wp-content\/uploads\/2016\/05\/01-12.jpg 1680w\" sizes=\"auto, (max-width: 300px) 100vw, 300px\" \/><\/a> <a href=\"http:\/\/www2.comunitaria.com.br\/en\/comissao-central-divulga-balanco-oficial-do-segundo-dia-de-feira\/02-97\/\" rel=\"attachment wp-att-18896\"><img loading=\"lazy\" decoding=\"async\" class=\"alignleft size-medium wp-image-18896\" src=\"http:\/\/www2.comunitaria.com.br\/wp-content\/uploads\/2016\/05\/02-7-300x200.jpg\" alt=\"02\" width=\"300\" height=\"200\" srcset=\"https:\/\/www2.comunitaria.com.br\/wp-content\/uploads\/2016\/05\/02-7-300x200.jpg 300w, https:\/\/www2.comunitaria.com.br\/wp-content\/uploads\/2016\/05\/02-7-768x512.jpg 768w, https:\/\/www2.comunitaria.com.br\/wp-content\/uploads\/2016\/05\/02-7-1024x683.jpg 1024w, https:\/\/www2.comunitaria.com.br\/wp-content\/uploads\/2016\/05\/02-7.jpg 1680w\" sizes=\"auto, (max-width: 300px) 100vw, 300px\" \/><\/a><\/p>\n<p style=\"text-align: justify;\"><em>FOTOS: JARDEL DA COSTA<\/em><\/p>","protected":false},"excerpt":{"rendered":"<p>Ontem, feriado de Corpus Christi, o Parque de Exposi\u00e7\u00f5es ficou lotado de visitantes durante todo o dia. Pela parte da tarde, confirmando a expectativa da organiza\u00e7\u00e3o, o fluxo de pessoas aumentou consideravelmente. A estimativa \u00e9 de que cerca de 45 mil pessoas visitaram a Expofred nessa quinta-feira. Parte deste p\u00fablico, aproximadamente 17 mil, prestigiaram o<\/p>\n<div class=\"read-more-wrapper\"><a class=\"read-more\" href=\"https:\/\/www2.comunitaria.com.br\/en\/comissao-central-divulga-balanco-oficial-do-segundo-dia-de-feira\/\" title=\"Read More\"> <span class=\"button\">Read More<\/span><\/a><\/div>","protected":false},"author":2,"featured_media":18895,"comment_status":"open","ping_status":"closed","sticky":false,"template":"","format":"standard","meta":{"ngg_post_thumbnail":0,"footnotes":""},"categories":[28,33,35],"tags":[2054],"class_list":["post-18894","post","type-post","status-publish","format-standard","has-post-thumbnail","hentry","category-destaque","category-noticias","category-variedades","tag-expofred-2016"],"amp_enabled":true,"_links":{"self":[{"href":"https:\/\/www2.comunitaria.com.br\/en\/wp-json\/wp\/v2\/posts\/18894","targetHints":{"allow":["GET"]}}],"collection":[{"href":"https:\/\/www2.comunitaria.com.br\/en\/wp-json\/wp\/v2\/posts"}],"about":[{"href":"https:\/\/www2.comunitaria.com.br\/en\/wp-json\/wp\/v2\/types\/post"}],"author":[{"embeddable":true,"href":"https:\/\/www2.comunitaria.com.br\/en\/wp-json\/wp\/v2\/users\/2"}],"replies":[{"embeddable":true,"href":"https:\/\/www2.comunitaria.com.br\/en\/wp-json\/wp\/v2\/comments?post=18894"}],"version-history":[{"count":0,"href":"https:\/\/www2.comunitaria.com.br\/en\/wp-json\/wp\/v2\/posts\/18894\/revisions"}],"wp:featuredmedia":[{"embeddable":true,"href":"https:\/\/www2.comunitaria.com.br\/en\/wp-json\/wp\/v2\/media\/18895"}],"wp:attachment":[{"href":"https:\/\/www2.comunitaria.com.br\/en\/wp-json\/wp\/v2\/media?parent=18894"}],"wp:term":[{"taxonomy":"category","embeddable":true,"href":"https:\/\/www2.comunitaria.com.br\/en\/wp-json\/wp\/v2\/categories?post=18894"},{"taxonomy":"post_tag","embeddable":true,"href":"https:\/\/www2.comunitaria.com.br\/en\/wp-json\/wp\/v2\/tags?post=18894"}],"curies":[{"name":"wp","href":"https:\/\/api.w.org\/{rel}","templated":true}]}}