{"id":18851,"date":"2016-05-26T16:28:22","date_gmt":"2016-05-26T18:28:22","guid":{"rendered":"http:\/\/www2.comunitaria.com.br\/?p=18851"},"modified":"2016-05-26T16:28:22","modified_gmt":"2016-05-26T18:28:22","slug":"curso-de-panificacao-e-atracao-no-pavilhao-da-agricultura-familiar","status":"publish","type":"post","link":"https:\/\/www2.comunitaria.com.br\/en\/curso-de-panificacao-e-atracao-no-pavilhao-da-agricultura-familiar\/","title":{"rendered":"Curso de panifica\u00e7\u00e3o \u00e9 atra\u00e7\u00e3o no Pavilh\u00e3o da Agricultura Familiar"},"content":{"rendered":"<p style=\"text-align: justify;\">Em meio a diversas oficinas e atividades que acontecem durante a Expofred, o curso de pr\u00e1ticas de panifica\u00e7\u00e3o\u00a0ministrado pelo padeiro Francisco Bergatini de Caxias do Sul chamou a aten\u00e7\u00e3o do p\u00fablico que circulou pelo pavilh\u00e3o da Agricultura Familiar na manh\u00e3 e tarde desta quinta-feira, 26.<\/p>\n<p style=\"text-align: justify;\">Promovido pela empresa de Roseflor com parceria da Emater\/FW, o curso trouxe diversas maneiras para preparar p\u00e3es. A chefe do escrit\u00f3rio\u00a0municipal\u00a0da Emater, Vera Cancian, comenta sobre o evento:<\/p>\n<!--[if lt IE 9]><script>document.createElement('audio');<\/script><![endif]-->\n<audio class=\"wp-audio-shortcode\" id=\"audio-18851-1\" preload=\"none\" style=\"width: 100%;\" controls=\"controls\"><source type=\"audio\/mpeg\" src=\"http:\/\/www2.comunitaria.com.br\/wp-content\/uploads\/2016\/05\/Vera-01.mp3?_=1\" \/><a href=\"http:\/\/www2.comunitaria.com.br\/wp-content\/uploads\/2016\/05\/Vera-01.mp3\">http:\/\/www2.comunitaria.com.br\/wp-content\/uploads\/2016\/05\/Vera-01.mp3<\/a><\/audio>\n<p>O representante da empresa Roseflor Airton Bonadiman, fala sobre a parceria com a emater:<\/p>\n<audio class=\"wp-audio-shortcode\" id=\"audio-18851-2\" preload=\"none\" style=\"width: 100%;\" controls=\"controls\"><source type=\"audio\/mpeg\" src=\"http:\/\/www2.comunitaria.com.br\/wp-content\/uploads\/2016\/05\/airton.mp3?_=2\" \/><a href=\"http:\/\/www2.comunitaria.com.br\/wp-content\/uploads\/2016\/05\/airton.mp3\">http:\/\/www2.comunitaria.com.br\/wp-content\/uploads\/2016\/05\/airton.mp3<\/a><\/audio>\n<p style=\"text-align: justify;\">Interessados ainda podem participar do curso. Na manh\u00e3 desta sexta-feira, 27, a partir das 9h, o encontro ser\u00e1 realizado novamente no Pavilh\u00e3o da Agricultura Familiar.<\/p>\n\n\t\t<style type=\"text\/css\">\n\t\t\t#gallery-1 {\n\t\t\t\tmargin: auto;\n\t\t\t}\n\t\t\t#gallery-1 .gallery-item {\n\t\t\t\tfloat: left;\n\t\t\t\tmargin-top: 10px;\n\t\t\t\ttext-align: center;\n\t\t\t\twidth: 33%;\n\t\t\t}\n\t\t\t#gallery-1 img {\n\t\t\t\tborder: 2px solid #cfcfcf;\n\t\t\t}\n\t\t\t#gallery-1 .gallery-caption {\n\t\t\t\tmargin-left: 0;\n\t\t\t}\n\t\t\t\/* see gallery_shortcode() in wp-includes\/media.php *\/\n\t\t<\/style>\n\t\t<div id='gallery-1' class='gallery galleryid-18851 gallery-columns-3 gallery-size-thumbnail'><dl class='gallery-item'>\n\t\t\t<dt class='gallery-icon landscape'>\n\t\t\t\t<a href='https:\/\/www2.comunitaria.com.br\/en\/curso-de-panificacao-e-atracao-no-pavilhao-da-agricultura-familiar\/dsc_0087-14\/'><img loading=\"lazy\" decoding=\"async\" width=\"150\" height=\"150\" src=\"https:\/\/www2.comunitaria.com.br\/wp-content\/uploads\/2016\/05\/DSC_0087-150x150.jpg\" class=\"attachment-thumbnail size-thumbnail\" alt=\"\" aria-describedby=\"gallery-1-18863\" srcset=\"https:\/\/www2.comunitaria.com.br\/wp-content\/uploads\/2016\/05\/DSC_0087-150x150.jpg 150w, https:\/\/www2.comunitaria.com.br\/wp-content\/uploads\/2016\/05\/DSC_0087-65x65.jpg 65w\" sizes=\"auto, (max-width: 150px) 100vw, 150px\" \/><\/a>\n\t\t\t<\/dt>\n\t\t\t\t<dd class='wp-caption-text gallery-caption' id='gallery-1-18863'>\n\t\t\t\tFoto: Kelly Rodrigues\n\t\t\t\t<\/dd><\/dl><dl class='gallery-item'>\n\t\t\t<dt class='gallery-icon landscape'>\n\t\t\t\t<a href='https:\/\/www2.comunitaria.com.br\/en\/curso-de-panificacao-e-atracao-no-pavilhao-da-agricultura-familiar\/dsc_0089-16\/'><img loading=\"lazy\" decoding=\"async\" width=\"150\" height=\"150\" src=\"https:\/\/www2.comunitaria.com.br\/wp-content\/uploads\/2016\/05\/DSC_0089-1-150x150.jpg\" class=\"attachment-thumbnail size-thumbnail\" alt=\"\" aria-describedby=\"gallery-1-18864\" srcset=\"https:\/\/www2.comunitaria.com.br\/wp-content\/uploads\/2016\/05\/DSC_0089-1-150x150.jpg 150w, https:\/\/www2.comunitaria.com.br\/wp-content\/uploads\/2016\/05\/DSC_0089-1-65x65.jpg 65w\" sizes=\"auto, (max-width: 150px) 100vw, 150px\" \/><\/a>\n\t\t\t<\/dt>\n\t\t\t\t<dd class='wp-caption-text gallery-caption' id='gallery-1-18864'>\n\t\t\t\tFoto: Kelly Rodrigues\n\t\t\t\t<\/dd><\/dl><dl class='gallery-item'>\n\t\t\t<dt class='gallery-icon landscape'>\n\t\t\t\t<a href='https:\/\/www2.comunitaria.com.br\/en\/curso-de-panificacao-e-atracao-no-pavilhao-da-agricultura-familiar\/dsc_0091-20\/'><img loading=\"lazy\" decoding=\"async\" width=\"150\" height=\"150\" src=\"https:\/\/www2.comunitaria.com.br\/wp-content\/uploads\/2016\/05\/DSC_0091-1-150x150.jpg\" class=\"attachment-thumbnail size-thumbnail\" alt=\"\" aria-describedby=\"gallery-1-18865\" srcset=\"https:\/\/www2.comunitaria.com.br\/wp-content\/uploads\/2016\/05\/DSC_0091-1-150x150.jpg 150w, https:\/\/www2.comunitaria.com.br\/wp-content\/uploads\/2016\/05\/DSC_0091-1-65x65.jpg 65w\" sizes=\"auto, (max-width: 150px) 100vw, 150px\" \/><\/a>\n\t\t\t<\/dt>\n\t\t\t\t<dd class='wp-caption-text gallery-caption' id='gallery-1-18865'>\n\t\t\t\tFoto: Kelly Rodrigues\n\t\t\t\t<\/dd><\/dl><br style=\"clear: both\" \/><dl class='gallery-item'>\n\t\t\t<dt class='gallery-icon landscape'>\n\t\t\t\t<a href='https:\/\/www2.comunitaria.com.br\/en\/curso-de-panificacao-e-atracao-no-pavilhao-da-agricultura-familiar\/dsc_0092-17\/'><img loading=\"lazy\" decoding=\"async\" width=\"150\" height=\"150\" src=\"https:\/\/www2.comunitaria.com.br\/wp-content\/uploads\/2016\/05\/DSC_0092-1-150x150.jpg\" class=\"attachment-thumbnail size-thumbnail\" alt=\"\" aria-describedby=\"gallery-1-18866\" srcset=\"https:\/\/www2.comunitaria.com.br\/wp-content\/uploads\/2016\/05\/DSC_0092-1-150x150.jpg 150w, https:\/\/www2.comunitaria.com.br\/wp-content\/uploads\/2016\/05\/DSC_0092-1-65x65.jpg 65w\" sizes=\"auto, (max-width: 150px) 100vw, 150px\" \/><\/a>\n\t\t\t<\/dt>\n\t\t\t\t<dd class='wp-caption-text gallery-caption' id='gallery-1-18866'>\n\t\t\t\tFoto: Kelly Rodrigues\n\t\t\t\t<\/dd><\/dl><dl class='gallery-item'>\n\t\t\t<dt class='gallery-icon landscape'>\n\t\t\t\t<a href='https:\/\/www2.comunitaria.com.br\/en\/curso-de-panificacao-e-atracao-no-pavilhao-da-agricultura-familiar\/dsc_0094-10\/'><img loading=\"lazy\" decoding=\"async\" width=\"150\" height=\"150\" src=\"https:\/\/www2.comunitaria.com.br\/wp-content\/uploads\/2016\/05\/DSC_0094-150x150.jpg\" class=\"attachment-thumbnail size-thumbnail\" alt=\"\" aria-describedby=\"gallery-1-18867\" srcset=\"https:\/\/www2.comunitaria.com.br\/wp-content\/uploads\/2016\/05\/DSC_0094-150x150.jpg 150w, https:\/\/www2.comunitaria.com.br\/wp-content\/uploads\/2016\/05\/DSC_0094-65x65.jpg 65w\" sizes=\"auto, (max-width: 150px) 100vw, 150px\" \/><\/a>\n\t\t\t<\/dt>\n\t\t\t\t<dd class='wp-caption-text gallery-caption' id='gallery-1-18867'>\n\t\t\t\tFoto: Kelly Rodrigues\n\t\t\t\t<\/dd><\/dl><dl class='gallery-item'>\n\t\t\t<dt class='gallery-icon landscape'>\n\t\t\t\t<a href='https:\/\/www2.comunitaria.com.br\/en\/curso-de-panificacao-e-atracao-no-pavilhao-da-agricultura-familiar\/dsc_0095-16\/'><img loading=\"lazy\" decoding=\"async\" width=\"150\" height=\"150\" src=\"https:\/\/www2.comunitaria.com.br\/wp-content\/uploads\/2016\/05\/DSC_0095-150x150.jpg\" class=\"attachment-thumbnail size-thumbnail\" alt=\"\" aria-describedby=\"gallery-1-18868\" srcset=\"https:\/\/www2.comunitaria.com.br\/wp-content\/uploads\/2016\/05\/DSC_0095-150x150.jpg 150w, https:\/\/www2.comunitaria.com.br\/wp-content\/uploads\/2016\/05\/DSC_0095-65x65.jpg 65w\" sizes=\"auto, (max-width: 150px) 100vw, 150px\" \/><\/a>\n\t\t\t<\/dt>\n\t\t\t\t<dd class='wp-caption-text gallery-caption' id='gallery-1-18868'>\n\t\t\t\tFoto: Kelly Rodrigues\n\t\t\t\t<\/dd><\/dl><br style=\"clear: both\" \/>\n\t\t<\/div>","protected":false},"excerpt":{"rendered":"<p>Em meio a diversas oficinas e atividades que acontecem durante a Expofred, o curso de pr\u00e1ticas de panifica\u00e7\u00e3o\u00a0ministrado pelo padeiro Francisco Bergatini de Caxias do Sul chamou a aten\u00e7\u00e3o do p\u00fablico que circulou pelo pavilh\u00e3o da Agricultura Familiar na manh\u00e3 e tarde desta quinta-feira, 26. Promovido pela empresa de Roseflor com parceria da Emater\/FW, o<\/p>\n<div class=\"read-more-wrapper\"><a class=\"read-more\" href=\"https:\/\/www2.comunitaria.com.br\/en\/curso-de-panificacao-e-atracao-no-pavilhao-da-agricultura-familiar\/\" title=\"Read More\"> <span class=\"button\">Read More<\/span><\/a><\/div>","protected":false},"author":2,"featured_media":18865,"comment_status":"open","ping_status":"closed","sticky":false,"template":"","format":"standard","meta":{"ngg_post_thumbnail":0,"footnotes":""},"categories":[28,33,45],"tags":[1007,1020,1482,2054,479],"class_list":["post-18851","post","type-post","status-publish","format-standard","has-post-thumbnail","hentry","category-destaque","category-noticias","category-rural","tag-agricultura-familiar","tag-curso","tag-expofred","tag-expofred-2016","tag-rural-2"],"amp_enabled":true,"_links":{"self":[{"href":"https:\/\/www2.comunitaria.com.br\/en\/wp-json\/wp\/v2\/posts\/18851","targetHints":{"allow":["GET"]}}],"collection":[{"href":"https:\/\/www2.comunitaria.com.br\/en\/wp-json\/wp\/v2\/posts"}],"about":[{"href":"https:\/\/www2.comunitaria.com.br\/en\/wp-json\/wp\/v2\/types\/post"}],"author":[{"embeddable":true,"href":"https:\/\/www2.comunitaria.com.br\/en\/wp-json\/wp\/v2\/users\/2"}],"replies":[{"embeddable":true,"href":"https:\/\/www2.comunitaria.com.br\/en\/wp-json\/wp\/v2\/comments?post=18851"}],"version-history":[{"count":0,"href":"https:\/\/www2.comunitaria.com.br\/en\/wp-json\/wp\/v2\/posts\/18851\/revisions"}],"wp:featuredmedia":[{"embeddable":true,"href":"https:\/\/www2.comunitaria.com.br\/en\/wp-json\/wp\/v2\/media\/18865"}],"wp:attachment":[{"href":"https:\/\/www2.comunitaria.com.br\/en\/wp-json\/wp\/v2\/media?parent=18851"}],"wp:term":[{"taxonomy":"category","embeddable":true,"href":"https:\/\/www2.comunitaria.com.br\/en\/wp-json\/wp\/v2\/categories?post=18851"},{"taxonomy":"post_tag","embeddable":true,"href":"https:\/\/www2.comunitaria.com.br\/en\/wp-json\/wp\/v2\/tags?post=18851"}],"curies":[{"name":"wp","href":"https:\/\/api.w.org\/{rel}","templated":true}]}}