{"id":18669,"date":"2016-05-22T11:56:39","date_gmt":"2016-05-22T13:56:39","guid":{"rendered":"http:\/\/www2.comunitaria.com.br\/?p=18669"},"modified":"2016-05-22T17:32:41","modified_gmt":"2016-05-22T19:32:41","slug":"nova-prenda-juvenil-do-rs-e-representante-do-ctg-rodeio-da-querencia","status":"publish","type":"post","link":"https:\/\/www2.comunitaria.com.br\/en\/nova-prenda-juvenil-do-rs-e-representante-do-ctg-rodeio-da-querencia\/","title":{"rendered":"Nova Prenda Juvenil do RS \u00e9 representante do CTG Rodeio da Quer\u00eancia"},"content":{"rendered":"<p style=\"text-align: justify;\">Ap\u00f3s\u00a0tr\u00eas\u00a0dias de provas, envolvendo escrita, orat\u00f3ria, habilidades art\u00edsticas e mostra folcl\u00f3rica, Giovana Pertuzzatti Rossatto, integrante do CTG Rodeio da Quer\u00eancia de Frederico Westphalen e representante da\u00a028\u00aa Regi\u00e3o Tradicionalista (28\u00aa RT), conquistou a faixa de 1\u00aa Prenda Juvenil do Rio Grande do Sul.<\/p>\n<p style=\"text-align: justify;\">Na categoria Mirim, a primeira colocada foi Nicoly Chimento, do CTG Sentinelas do Pago, de Marau, pela 7\u00aa RT. Na categoria Adulta, a prenda escolhida foi Roberta Barbosa Rodrigues Jacinto, do CTG Prenda Minha, de Bag\u00e9, pela 18\u00aa RT.<\/p>\n<p style=\"text-align: justify;\">Ainda concorreu pela 28\u00aa RT, Maria Eduarda Zim, do CTG Sentinela da Coxilha, de Cai\u00e7ara, pelo t\u00edtulo de Prenda Mirim; e Edilene Martins Magalh\u00e3es, do CTG Galp\u00e3o da Boa Vontade, de Palmeira das Miss\u00f5es, da 17\u00aa RT, \u00e0 faixa de Prenda Adulta.<\/p>\n<p style=\"text-align: justify;\">A 46\u00aa Ciranda Cultural de Prendas ocorreu no CTG Lalau Miranda de Passo Fundo e contou com\u00a090 concorrentes em todas as categorias. As vencedoras ir\u00e3o representar o RS at\u00e9 maio de 2017.<\/p>\n\n\t\t<style type=\"text\/css\">\n\t\t\t#gallery-1 {\n\t\t\t\tmargin: auto;\n\t\t\t}\n\t\t\t#gallery-1 .gallery-item {\n\t\t\t\tfloat: left;\n\t\t\t\tmargin-top: 10px;\n\t\t\t\ttext-align: center;\n\t\t\t\twidth: 33%;\n\t\t\t}\n\t\t\t#gallery-1 img {\n\t\t\t\tborder: 2px solid #cfcfcf;\n\t\t\t}\n\t\t\t#gallery-1 .gallery-caption {\n\t\t\t\tmargin-left: 0;\n\t\t\t}\n\t\t\t\/* see gallery_shortcode() in wp-includes\/media.php *\/\n\t\t<\/style>\n\t\t<div id='gallery-1' class='gallery galleryid-18669 gallery-columns-3 gallery-size-thumbnail'><dl class='gallery-item'>\n\t\t\t<dt class='gallery-icon landscape'>\n\t\t\t\t<a href='https:\/\/www2.comunitaria.com.br\/en\/nova-prenda-juvenil-do-rs-e-representante-do-ctg-rodeio-da-querencia\/13230338_10204608046080516_4133270230300292374_n\/'><img loading=\"lazy\" decoding=\"async\" width=\"150\" height=\"150\" src=\"https:\/\/www2.comunitaria.com.br\/wp-content\/uploads\/2016\/05\/13230338_10204608046080516_4133270230300292374_n-150x150.jpg\" class=\"attachment-thumbnail size-thumbnail\" alt=\"\" aria-describedby=\"gallery-1-18671\" srcset=\"https:\/\/www2.comunitaria.com.br\/wp-content\/uploads\/2016\/05\/13230338_10204608046080516_4133270230300292374_n-150x150.jpg 150w, https:\/\/www2.comunitaria.com.br\/wp-content\/uploads\/2016\/05\/13230338_10204608046080516_4133270230300292374_n-65x65.jpg 65w\" sizes=\"auto, (max-width: 150px) 100vw, 150px\" \/><\/a>\n\t\t\t<\/dt>\n\t\t\t\t<dd class='wp-caption-text gallery-caption' id='gallery-1-18671'>\n\t\t\t\tFoto: Divulga\u00e7\u00e3o\n\t\t\t\t<\/dd><\/dl><dl class='gallery-item'>\n\t\t\t<dt class='gallery-icon landscape'>\n\t\t\t\t<a href='https:\/\/www2.comunitaria.com.br\/en\/nova-prenda-juvenil-do-rs-e-representante-do-ctg-rodeio-da-querencia\/13244692_514373135417672_5006517407099459747_n\/'><img loading=\"lazy\" decoding=\"async\" width=\"150\" height=\"150\" src=\"https:\/\/www2.comunitaria.com.br\/wp-content\/uploads\/2016\/05\/13244692_514373135417672_5006517407099459747_n-150x150.jpg\" class=\"attachment-thumbnail size-thumbnail\" alt=\"\" aria-describedby=\"gallery-1-18672\" srcset=\"https:\/\/www2.comunitaria.com.br\/wp-content\/uploads\/2016\/05\/13244692_514373135417672_5006517407099459747_n-150x150.jpg 150w, https:\/\/www2.comunitaria.com.br\/wp-content\/uploads\/2016\/05\/13244692_514373135417672_5006517407099459747_n-65x65.jpg 65w\" sizes=\"auto, (max-width: 150px) 100vw, 150px\" \/><\/a>\n\t\t\t<\/dt>\n\t\t\t\t<dd class='wp-caption-text gallery-caption' id='gallery-1-18672'>\n\t\t\t\tFoto: Divulga\u00e7\u00e3o\n\t\t\t\t<\/dd><\/dl>\n\t\t\t<br style='clear: both' \/>\n\t\t<\/div>\n\n<p style=\"text-align: justify;\"><strong>Foto: Divulga\u00e7\u00e3o<\/strong><\/p>\n<p style=\"text-align: justify;\">","protected":false},"excerpt":{"rendered":"<p>Ap\u00f3s\u00a0tr\u00eas\u00a0dias de provas, envolvendo escrita, orat\u00f3ria, habilidades art\u00edsticas e mostra folcl\u00f3rica, Giovana Pertuzzatti Rossatto, integrante do CTG Rodeio da Quer\u00eancia de Frederico Westphalen e representante da\u00a028\u00aa Regi\u00e3o Tradicionalista (28\u00aa RT), conquistou a faixa de 1\u00aa Prenda Juvenil do Rio Grande do Sul. Na categoria Mirim, a primeira colocada foi Nicoly Chimento, do CTG Sentinelas do<\/p>\n<div class=\"read-more-wrapper\"><a class=\"read-more\" href=\"https:\/\/www2.comunitaria.com.br\/en\/nova-prenda-juvenil-do-rs-e-representante-do-ctg-rodeio-da-querencia\/\" title=\"Read More\"> <span class=\"button\">Read More<\/span><\/a><\/div>","protected":false},"author":2,"featured_media":18670,"comment_status":"open","ping_status":"closed","sticky":false,"template":"","format":"standard","meta":{"ngg_post_thumbnail":0,"footnotes":""},"categories":[42,28,33,35],"tags":[2946,165,1318,2947],"class_list":["post-18669","post","type-post","status-publish","format-standard","has-post-thumbnail","hentry","category-fred-west","category-destaque","category-noticias","category-variedades","tag-conquista","tag-ctg","tag-ctg-rodeio-da-querencia","tag-prenda-juvenil"],"amp_enabled":true,"_links":{"self":[{"href":"https:\/\/www2.comunitaria.com.br\/en\/wp-json\/wp\/v2\/posts\/18669","targetHints":{"allow":["GET"]}}],"collection":[{"href":"https:\/\/www2.comunitaria.com.br\/en\/wp-json\/wp\/v2\/posts"}],"about":[{"href":"https:\/\/www2.comunitaria.com.br\/en\/wp-json\/wp\/v2\/types\/post"}],"author":[{"embeddable":true,"href":"https:\/\/www2.comunitaria.com.br\/en\/wp-json\/wp\/v2\/users\/2"}],"replies":[{"embeddable":true,"href":"https:\/\/www2.comunitaria.com.br\/en\/wp-json\/wp\/v2\/comments?post=18669"}],"version-history":[{"count":0,"href":"https:\/\/www2.comunitaria.com.br\/en\/wp-json\/wp\/v2\/posts\/18669\/revisions"}],"wp:featuredmedia":[{"embeddable":true,"href":"https:\/\/www2.comunitaria.com.br\/en\/wp-json\/wp\/v2\/media\/18670"}],"wp:attachment":[{"href":"https:\/\/www2.comunitaria.com.br\/en\/wp-json\/wp\/v2\/media?parent=18669"}],"wp:term":[{"taxonomy":"category","embeddable":true,"href":"https:\/\/www2.comunitaria.com.br\/en\/wp-json\/wp\/v2\/categories?post=18669"},{"taxonomy":"post_tag","embeddable":true,"href":"https:\/\/www2.comunitaria.com.br\/en\/wp-json\/wp\/v2\/tags?post=18669"}],"curies":[{"name":"wp","href":"https:\/\/api.w.org\/{rel}","templated":true}]}}