{"id":18560,"date":"2016-05-17T10:45:14","date_gmt":"2016-05-17T12:45:14","guid":{"rendered":"http:\/\/www2.comunitaria.com.br\/?p=18560"},"modified":"2016-05-17T10:45:14","modified_gmt":"2016-05-17T12:45:14","slug":"terca-feira-de-sol-e-frio","status":"publish","type":"post","link":"https:\/\/www2.comunitaria.com.br\/en\/terca-feira-de-sol-e-frio\/","title":{"rendered":"Ter\u00e7a-feira de sol e frio"},"content":{"rendered":"<p>A nebulosidade entra em gradativa diminui\u00e7\u00e3o no Rio Grande do Sul nesta ter\u00e7a e o sol deve aparecer com nuvens na maior parte do Estado, entretanto ainda haver\u00e1 per\u00edodos de nublado em diversos pontos, conforme a MetSul Meteorologia.<\/p>\n<p>A massa de ar frio sobre o territ\u00f3rio ga\u00facho deve se intensificar e a temperatura estar\u00e1 baixa ao longo de todo o dia.<\/p>\n<p>Mesmo nas localidades com sol faz frio durante a tarde. O vento diminui o que melhora o conforto t\u00e9rmico. As m\u00ednimas desta ter\u00e7a-feira, em muitas localidades, novamente tendem a ser registradas no final do dia, antecedendo uma madrugada de quarta-feira, que ser\u00e1 gelada no Estado.<\/p>\n<p>Em Frederico Westphalen a m\u00ednima desta madrugada foi de 5,4C\u00b0, de acordo com os dados do INMET.<\/p>\n<p>Para esta ter\u00e7a-feira a previs\u00e3o \u00e9 de predom\u00ednio de sol com varia\u00e7\u00e3o de nuvens. A temperatura m\u00e1xima n\u00e3o deve passar dos 15 graus.<\/p>\n<p>Para amanh\u00e3, quarta-feira, da mesma forma, tempo bom, predom\u00ednio de sol e temperaturas baixas. A m\u00ednima pode chegar a 4C\u00b0.<\/p>\n<p>Predom\u00ednio de sol tamb\u00e9m na quinta-feira, com m\u00ednimas baixas. No entanto na sexta a instabilidade volta e deve chover.<\/p>","protected":false},"excerpt":{"rendered":"<p>A nebulosidade entra em gradativa diminui\u00e7\u00e3o no Rio Grande do Sul nesta ter\u00e7a e o sol deve aparecer com nuvens na maior parte do Estado, entretanto ainda haver\u00e1 per\u00edodos de nublado em diversos pontos, conforme a MetSul Meteorologia. A massa de ar frio sobre o territ\u00f3rio ga\u00facho deve se intensificar e a temperatura estar\u00e1 baixa<\/p>\n<div class=\"read-more-wrapper\"><a class=\"read-more\" href=\"https:\/\/www2.comunitaria.com.br\/en\/terca-feira-de-sol-e-frio\/\" title=\"Read More\"> <span class=\"button\">Read More<\/span><\/a><\/div>","protected":false},"author":2,"featured_media":18561,"comment_status":"open","ping_status":"closed","sticky":false,"template":"","format":"standard","meta":{"ngg_post_thumbnail":0,"footnotes":""},"categories":[42,33,145],"tags":[179],"class_list":["post-18560","post","type-post","status-publish","format-standard","has-post-thumbnail","hentry","category-fred-west","category-noticias","category-previsao-do-tempo","tag-previsao-do-tempo-2"],"amp_enabled":true,"_links":{"self":[{"href":"https:\/\/www2.comunitaria.com.br\/en\/wp-json\/wp\/v2\/posts\/18560","targetHints":{"allow":["GET"]}}],"collection":[{"href":"https:\/\/www2.comunitaria.com.br\/en\/wp-json\/wp\/v2\/posts"}],"about":[{"href":"https:\/\/www2.comunitaria.com.br\/en\/wp-json\/wp\/v2\/types\/post"}],"author":[{"embeddable":true,"href":"https:\/\/www2.comunitaria.com.br\/en\/wp-json\/wp\/v2\/users\/2"}],"replies":[{"embeddable":true,"href":"https:\/\/www2.comunitaria.com.br\/en\/wp-json\/wp\/v2\/comments?post=18560"}],"version-history":[{"count":0,"href":"https:\/\/www2.comunitaria.com.br\/en\/wp-json\/wp\/v2\/posts\/18560\/revisions"}],"wp:featuredmedia":[{"embeddable":true,"href":"https:\/\/www2.comunitaria.com.br\/en\/wp-json\/wp\/v2\/media\/18561"}],"wp:attachment":[{"href":"https:\/\/www2.comunitaria.com.br\/en\/wp-json\/wp\/v2\/media?parent=18560"}],"wp:term":[{"taxonomy":"category","embeddable":true,"href":"https:\/\/www2.comunitaria.com.br\/en\/wp-json\/wp\/v2\/categories?post=18560"},{"taxonomy":"post_tag","embeddable":true,"href":"https:\/\/www2.comunitaria.com.br\/en\/wp-json\/wp\/v2\/tags?post=18560"}],"curies":[{"name":"wp","href":"https:\/\/api.w.org\/{rel}","templated":true}]}}