{"id":18375,"date":"2016-05-11T12:33:57","date_gmt":"2016-05-11T14:33:57","guid":{"rendered":"http:\/\/www2.comunitaria.com.br\/?p=18375"},"modified":"2016-05-11T12:33:57","modified_gmt":"2016-05-11T14:33:57","slug":"prf-de-sarandi-realiza-simulacao-de-acidente-de-transito-para-o-movimento-maio-amarelo","status":"publish","type":"post","link":"https:\/\/www2.comunitaria.com.br\/en\/prf-de-sarandi-realiza-simulacao-de-acidente-de-transito-para-o-movimento-maio-amarelo\/","title":{"rendered":"PRF de Sarandi realiza simula\u00e7\u00e3o de acidente de tr\u00e2nsito para o movimento Maio Amarelo"},"content":{"rendered":"<p style=\"text-align: justify;\">A Pol\u00edcia Rodovi\u00e1ria Federal de Sarandi realizou uma simula\u00e7\u00e3o de acidente de tr\u00e2nsito nesta manh\u00e3, com o apoio do Corpo de Bombeiros, SAMU e alunos do <span class=\"st\">Festival Estudantil Tem\u00e1tico de Tr\u00e2nsito (FETRAN). A a\u00e7\u00e3o faz parte do movimento mundial Maio Amarelo, que busca chamar a aten\u00e7\u00e3o da popula\u00e7\u00e3o para o alto n\u00famero de mortes no tr\u00e2nsito.<\/span><\/p>\n<p style=\"text-align: justify;\">A PRF buscou mostrar aos jovens de escolas municipais e sociedade em geral as consequ\u00eancias de um acidente e orientar sobre como evit\u00e1-lo, estimulando a seguran\u00e7a no tr\u00e2nsito. Cerca de 1500 pessoas participaram da a\u00e7\u00e3o.<\/p>\n<p>A simula\u00e7\u00e3o consistiu de um motorista sob o efeito de \u00e1lcool, que invadiu a faixa contr\u00e1ria e realizou uma ultrapassagem proibida. Ele colidiu frontalmente com outro ve\u00edculo, no qual os ocupantes estavam sem cinto de seguran\u00e7a.<\/p>\n\n\t\t<style type=\"text\/css\">\n\t\t\t#gallery-1 {\n\t\t\t\tmargin: auto;\n\t\t\t}\n\t\t\t#gallery-1 .gallery-item {\n\t\t\t\tfloat: left;\n\t\t\t\tmargin-top: 10px;\n\t\t\t\ttext-align: center;\n\t\t\t\twidth: 25%;\n\t\t\t}\n\t\t\t#gallery-1 img {\n\t\t\t\tborder: 2px solid #cfcfcf;\n\t\t\t}\n\t\t\t#gallery-1 .gallery-caption {\n\t\t\t\tmargin-left: 0;\n\t\t\t}\n\t\t\t\/* see gallery_shortcode() in wp-includes\/media.php *\/\n\t\t<\/style>\n\t\t<div id='gallery-1' class='gallery galleryid-18375 gallery-columns-4 gallery-size-thumbnail'><dl class='gallery-item'>\n\t\t\t<dt class='gallery-icon landscape'>\n\t\t\t\t<a href='https:\/\/www2.comunitaria.com.br\/en\/prf-de-sarandi-realiza-simulacao-de-acidente-de-transito-para-o-movimento-maio-amarelo\/5a_ixyph\/'><img loading=\"lazy\" decoding=\"async\" width=\"150\" height=\"150\" src=\"https:\/\/www2.comunitaria.com.br\/wp-content\/uploads\/2016\/05\/5a_IxYph-150x150.jpg\" class=\"attachment-thumbnail size-thumbnail\" alt=\"\" srcset=\"https:\/\/www2.comunitaria.com.br\/wp-content\/uploads\/2016\/05\/5a_IxYph-150x150.jpg 150w, https:\/\/www2.comunitaria.com.br\/wp-content\/uploads\/2016\/05\/5a_IxYph-65x65.jpg 65w\" sizes=\"auto, (max-width: 150px) 100vw, 150px\" \/><\/a>\n\t\t\t<\/dt><\/dl><dl class='gallery-item'>\n\t\t\t<dt class='gallery-icon landscape'>\n\t\t\t\t<a href='https:\/\/www2.comunitaria.com.br\/en\/prf-de-sarandi-realiza-simulacao-de-acidente-de-transito-para-o-movimento-maio-amarelo\/gdl9za8g\/'><img loading=\"lazy\" decoding=\"async\" width=\"150\" height=\"150\" src=\"https:\/\/www2.comunitaria.com.br\/wp-content\/uploads\/2016\/05\/gdl9Za8G-150x150.jpg\" class=\"attachment-thumbnail size-thumbnail\" alt=\"\" srcset=\"https:\/\/www2.comunitaria.com.br\/wp-content\/uploads\/2016\/05\/gdl9Za8G-150x150.jpg 150w, https:\/\/www2.comunitaria.com.br\/wp-content\/uploads\/2016\/05\/gdl9Za8G-65x65.jpg 65w\" sizes=\"auto, (max-width: 150px) 100vw, 150px\" \/><\/a>\n\t\t\t<\/dt><\/dl><dl class='gallery-item'>\n\t\t\t<dt class='gallery-icon landscape'>\n\t\t\t\t<a href='https:\/\/www2.comunitaria.com.br\/en\/prf-de-sarandi-realiza-simulacao-de-acidente-de-transito-para-o-movimento-maio-amarelo\/kjxhuixf\/'><img loading=\"lazy\" decoding=\"async\" width=\"150\" height=\"150\" src=\"https:\/\/www2.comunitaria.com.br\/wp-content\/uploads\/2016\/05\/KJXhuiXF-150x150.jpg\" class=\"attachment-thumbnail size-thumbnail\" alt=\"\" srcset=\"https:\/\/www2.comunitaria.com.br\/wp-content\/uploads\/2016\/05\/KJXhuiXF-150x150.jpg 150w, https:\/\/www2.comunitaria.com.br\/wp-content\/uploads\/2016\/05\/KJXhuiXF-65x65.jpg 65w\" sizes=\"auto, (max-width: 150px) 100vw, 150px\" \/><\/a>\n\t\t\t<\/dt><\/dl><dl class='gallery-item'>\n\t\t\t<dt class='gallery-icon landscape'>\n\t\t\t\t<a href='https:\/\/www2.comunitaria.com.br\/en\/prf-de-sarandi-realiza-simulacao-de-acidente-de-transito-para-o-movimento-maio-amarelo\/m7xesrnv\/'><img loading=\"lazy\" decoding=\"async\" width=\"150\" height=\"150\" src=\"https:\/\/www2.comunitaria.com.br\/wp-content\/uploads\/2016\/05\/M7xeSRnv-150x150.jpg\" class=\"attachment-thumbnail size-thumbnail\" alt=\"\" srcset=\"https:\/\/www2.comunitaria.com.br\/wp-content\/uploads\/2016\/05\/M7xeSRnv-150x150.jpg 150w, https:\/\/www2.comunitaria.com.br\/wp-content\/uploads\/2016\/05\/M7xeSRnv-65x65.jpg 65w\" sizes=\"auto, (max-width: 150px) 100vw, 150px\" \/><\/a>\n\t\t\t<\/dt><\/dl><br style=\"clear: both\" \/>\n\t\t<\/div>\n\n<p style=\"text-align: justify;\"><strong>Fotos:<\/strong> Divulga\u00e7\u00e3o PRF<\/p>","protected":false},"excerpt":{"rendered":"<p>A Pol\u00edcia Rodovi\u00e1ria Federal de Sarandi realizou uma simula\u00e7\u00e3o de acidente de tr\u00e2nsito nesta manh\u00e3, com o apoio do Corpo de Bombeiros, SAMU e alunos do Festival Estudantil Tem\u00e1tico de Tr\u00e2nsito (FETRAN). A a\u00e7\u00e3o faz parte do movimento mundial Maio Amarelo, que busca chamar a aten\u00e7\u00e3o da popula\u00e7\u00e3o para o alto n\u00famero de mortes no<\/p>\n<div class=\"read-more-wrapper\"><a class=\"read-more\" href=\"https:\/\/www2.comunitaria.com.br\/en\/prf-de-sarandi-realiza-simulacao-de-acidente-de-transito-para-o-movimento-maio-amarelo\/\" title=\"Read More\"> <span class=\"button\">Read More<\/span><\/a><\/div>","protected":false},"author":2,"featured_media":18376,"comment_status":"open","ping_status":"closed","sticky":false,"template":"","format":"standard","meta":{"ngg_post_thumbnail":0,"footnotes":""},"categories":[33,36,43],"tags":[2905,394,756,2904,426],"class_list":["post-18375","post","type-post","status-publish","format-standard","has-post-thumbnail","hentry","category-noticias","category-policia","category-regiao","tag-maio-amarelo","tag-prf","tag-sarandi","tag-simulacao","tag-transito"],"amp_enabled":true,"_links":{"self":[{"href":"https:\/\/www2.comunitaria.com.br\/en\/wp-json\/wp\/v2\/posts\/18375","targetHints":{"allow":["GET"]}}],"collection":[{"href":"https:\/\/www2.comunitaria.com.br\/en\/wp-json\/wp\/v2\/posts"}],"about":[{"href":"https:\/\/www2.comunitaria.com.br\/en\/wp-json\/wp\/v2\/types\/post"}],"author":[{"embeddable":true,"href":"https:\/\/www2.comunitaria.com.br\/en\/wp-json\/wp\/v2\/users\/2"}],"replies":[{"embeddable":true,"href":"https:\/\/www2.comunitaria.com.br\/en\/wp-json\/wp\/v2\/comments?post=18375"}],"version-history":[{"count":0,"href":"https:\/\/www2.comunitaria.com.br\/en\/wp-json\/wp\/v2\/posts\/18375\/revisions"}],"wp:featuredmedia":[{"embeddable":true,"href":"https:\/\/www2.comunitaria.com.br\/en\/wp-json\/wp\/v2\/media\/18376"}],"wp:attachment":[{"href":"https:\/\/www2.comunitaria.com.br\/en\/wp-json\/wp\/v2\/media?parent=18375"}],"wp:term":[{"taxonomy":"category","embeddable":true,"href":"https:\/\/www2.comunitaria.com.br\/en\/wp-json\/wp\/v2\/categories?post=18375"},{"taxonomy":"post_tag","embeddable":true,"href":"https:\/\/www2.comunitaria.com.br\/en\/wp-json\/wp\/v2\/tags?post=18375"}],"curies":[{"name":"wp","href":"https:\/\/api.w.org\/{rel}","templated":true}]}}