{"id":18371,"date":"2016-05-11T11:51:33","date_gmt":"2016-05-11T13:51:33","guid":{"rendered":"http:\/\/www2.comunitaria.com.br\/?p=18371"},"modified":"2016-05-11T11:51:34","modified_gmt":"2016-05-11T13:51:34","slug":"projeto-da-cufafw-realiza-reformas-em-casas-de-familias-em-vulnerabilidade-social","status":"publish","type":"post","link":"https:\/\/www2.comunitaria.com.br\/en\/projeto-da-cufafw-realiza-reformas-em-casas-de-familias-em-vulnerabilidade-social\/","title":{"rendered":"Projeto da CUFA\/FW realiza reformas em casas de fam\u00edlias em vulnerabilidade social"},"content":{"rendered":"<p style=\"text-align: justify;\">A qualidade de vida de uma popula\u00e7\u00e3o, sem d\u00favidas, depende tamb\u00e9m do conforto e boas condi\u00e7\u00f5es de sua resid\u00eancia. Ter uma casa aconchegante, que resista aos ventos do inverno, as chuvas e outros fatores \u00e9 essencial. O ideal seria que todos tivessem condi\u00e7\u00f5es financeiras de se manter em um ambiente salubre, que atenda a necessidades b\u00e1sicas dos moradores, entretanto, a reforma ou manuten\u00e7\u00e3o de um im\u00f3vel torna-se distante quando fala-se de mat\u00e9ria prima e m\u00e3o de o<span class=\"text_exposed_show\">bra capacitada.<\/span><\/p>\n<div class=\"text_exposed_show\">\n<p style=\"text-align: justify;\"><a href=\"http:\/\/www2.comunitaria.com.br\/en\/projeto-da-cufafw-realiza-reformas-em-casas-de-familias-em-vulnerabilidade-social\/13173026_613233925496938_8173138745743152054_o\/\" rel=\"attachment wp-att-18374\"><img loading=\"lazy\" decoding=\"async\" class=\"alignright size-medium wp-image-18374\" src=\"http:\/\/www2.comunitaria.com.br\/wp-content\/uploads\/2016\/05\/13173026_613233925496938_8173138745743152054_o-300x200.jpg\" alt=\"13173026_613233925496938_8173138745743152054_o\" width=\"300\" height=\"200\" srcset=\"https:\/\/www2.comunitaria.com.br\/wp-content\/uploads\/2016\/05\/13173026_613233925496938_8173138745743152054_o-300x200.jpg 300w, https:\/\/www2.comunitaria.com.br\/wp-content\/uploads\/2016\/05\/13173026_613233925496938_8173138745743152054_o-768x512.jpg 768w, https:\/\/www2.comunitaria.com.br\/wp-content\/uploads\/2016\/05\/13173026_613233925496938_8173138745743152054_o-1024x683.jpg 1024w, https:\/\/www2.comunitaria.com.br\/wp-content\/uploads\/2016\/05\/13173026_613233925496938_8173138745743152054_o.jpg 1680w\" sizes=\"auto, (max-width: 300px) 100vw, 300px\" \/><\/a>Pensando nessa demanda, surge o projeto \u201cMorada Melhor\u201d. Ap\u00f3s atuar em diversos segmentos, a Central \u00danica das Favelas de Frederico Westphalen (CUFA\/FW) prop\u00f5e a\u00e7\u00f5es na \u00e1rea da habita\u00e7\u00e3o, onde alia-se a construtora Marcos Lima, apoiadora, que disponibilizar\u00e1 os materiais necess\u00e1rios para as demandas mais urgentes, al\u00e9m da capacita\u00e7\u00e3o. A m\u00e3o de obra fica por conta dos pr\u00f3prios moradores. Como agregar aliados \u00e9 uma das principais caracter\u00edsticas da ONG, as atividades ter\u00e3o prosseguimento tamb\u00e9m com patroc\u00ednio institucional de Arbaza Alimentos.<\/p>\n<p style=\"text-align: justify;\">Ap\u00f3s um levantamento feito por membros da CUFA\/FW, em janeiro deste ano, foram selecionadas 12 casas para que o projeto piloto fosse aplicado, essas, localizadas no bairro S\u00e3o Jos\u00e9, na Pedreira e no Jardim Primavera. As primeiras reformas j\u00e1 est\u00e3o em andamento. Janete Melo da Costa, moradora h\u00e1 10 anos do S\u00e3o Jos\u00e9, foi beneficiada e comenta como utilizar\u00e1 os materiais: \u201cvai ajudar bastante sim. Tem muita goteira l\u00e1 em casa, principalmente no quarto das crian\u00e7as\u201d comenta. A fim de remodelar a fachada de sua resid\u00eancia, Jos\u00e9 Everton da Silva, morador do Jardim Primavera, comenta que as tintas que recebeu chegaram em momento oportuno: \u201ca tinta \u00e9 fundamental. Vai dar uma diferen\u00e7a, um destaque para nossa casa. Veio na hora exata, no momento certo\u201d conclui.<br \/>\nO coordenador da CUFA\/FW, Junior Torres, destaca a articula\u00e7\u00e3o formada e envolvida no desenvolvimento do projeto: \u201co desafio est\u00e1 em conectar empresas com a comunidade e fazer com que os moradores sejam os protagonistas na transforma\u00e7\u00e3o de suas vidas\u201d.<\/p>\n<p style=\"text-align: justify;\"><a href=\"http:\/\/www2.comunitaria.com.br\/en\/projeto-da-cufafw-realiza-reformas-em-casas-de-familias-em-vulnerabilidade-social\/13116256_613233782163619_2030555274178704967_o\/\" rel=\"attachment wp-att-18372\"><img loading=\"lazy\" decoding=\"async\" class=\"alignleft size-medium wp-image-18372\" src=\"http:\/\/www2.comunitaria.com.br\/wp-content\/uploads\/2016\/05\/13116256_613233782163619_2030555274178704967_o-300x200.jpg\" alt=\"13116256_613233782163619_2030555274178704967_o\" width=\"300\" height=\"200\" srcset=\"https:\/\/www2.comunitaria.com.br\/wp-content\/uploads\/2016\/05\/13116256_613233782163619_2030555274178704967_o-300x200.jpg 300w, https:\/\/www2.comunitaria.com.br\/wp-content\/uploads\/2016\/05\/13116256_613233782163619_2030555274178704967_o-768x512.jpg 768w, https:\/\/www2.comunitaria.com.br\/wp-content\/uploads\/2016\/05\/13116256_613233782163619_2030555274178704967_o-1024x683.jpg 1024w, https:\/\/www2.comunitaria.com.br\/wp-content\/uploads\/2016\/05\/13116256_613233782163619_2030555274178704967_o.jpg 1680w\" sizes=\"auto, (max-width: 300px) 100vw, 300px\" \/><\/a>At\u00e9 o final do \u201cMorada Melhor\u201d ser\u00e3o reformadas 50 casas nas localidades atendidas pela organiza\u00e7\u00e3o. Seguimos somando aliados, proporcionando qualidade de vida e construindo novas perspectivas de um futuro melhor. Pela comunidade, somos CUFA!<\/p>\n<p style=\"text-align: justify;\">O projeto \u201cMorada Melhor\u201d \u00e9 uma realiza\u00e7\u00e3o da CUFA\/FW com o apoio do Marcos Lima e conta com o patroc\u00ednio institucional da Arbaza Alimentos.<\/p>\n<p style=\"text-align: justify;\"><strong>Assessoria de Imprensa CUFA\/FW<\/strong><\/p>\n<\/div>","protected":false},"excerpt":{"rendered":"<p>A qualidade de vida de uma popula\u00e7\u00e3o, sem d\u00favidas, depende tamb\u00e9m do conforto e boas condi\u00e7\u00f5es de sua resid\u00eancia. Ter uma casa aconchegante, que resista aos ventos do inverno, as&#8230;<\/p>","protected":false},"author":2,"featured_media":18373,"comment_status":"open","ping_status":"closed","sticky":false,"template":"","format":"standard","meta":{"ngg_post_thumbnail":0,"footnotes":""},"categories":[42,28,33,35],"tags":[204,82,707,2903,2385],"class_list":["post-18371","post","type-post","status-publish","format-standard","has-post-thumbnail","hentry","category-fred-west","category-destaque","category-noticias","category-variedades","tag-cufa","tag-frederico-westphalen","tag-habitacao","tag-morada-melhor","tag-projeto-social"],"amp_enabled":true,"_links":{"self":[{"href":"https:\/\/www2.comunitaria.com.br\/en\/wp-json\/wp\/v2\/posts\/18371","targetHints":{"allow":["GET"]}}],"collection":[{"href":"https:\/\/www2.comunitaria.com.br\/en\/wp-json\/wp\/v2\/posts"}],"about":[{"href":"https:\/\/www2.comunitaria.com.br\/en\/wp-json\/wp\/v2\/types\/post"}],"author":[{"embeddable":true,"href":"https:\/\/www2.comunitaria.com.br\/en\/wp-json\/wp\/v2\/users\/2"}],"replies":[{"embeddable":true,"href":"https:\/\/www2.comunitaria.com.br\/en\/wp-json\/wp\/v2\/comments?post=18371"}],"version-history":[{"count":0,"href":"https:\/\/www2.comunitaria.com.br\/en\/wp-json\/wp\/v2\/posts\/18371\/revisions"}],"wp:featuredmedia":[{"embeddable":true,"href":"https:\/\/www2.comunitaria.com.br\/en\/wp-json\/wp\/v2\/media\/18373"}],"wp:attachment":[{"href":"https:\/\/www2.comunitaria.com.br\/en\/wp-json\/wp\/v2\/media?parent=18371"}],"wp:term":[{"taxonomy":"category","embeddable":true,"href":"https:\/\/www2.comunitaria.com.br\/en\/wp-json\/wp\/v2\/categories?post=18371"},{"taxonomy":"post_tag","embeddable":true,"href":"https:\/\/www2.comunitaria.com.br\/en\/wp-json\/wp\/v2\/tags?post=18371"}],"curies":[{"name":"wp","href":"https:\/\/api.w.org\/{rel}","templated":true}]}}