{"id":18361,"date":"2016-05-11T10:24:10","date_gmt":"2016-05-11T12:24:10","guid":{"rendered":"http:\/\/www2.comunitaria.com.br\/?p=18361"},"modified":"2016-05-11T10:24:10","modified_gmt":"2016-05-11T12:24:10","slug":"pm-que-atropelou-crianca-em-palmeira-das-missoes-vai-para-reserva","status":"publish","type":"post","link":"https:\/\/www2.comunitaria.com.br\/en\/pm-que-atropelou-crianca-em-palmeira-das-missoes-vai-para-reserva\/","title":{"rendered":"PM que atropelou crian\u00e7a em Palmeira das Miss\u00f5es vai para reserva"},"content":{"rendered":"<p style=\"text-align: justify;\">Foi publicado nesta ter\u00e7a-feira, 10, no Di\u00e1rio Oficial do Estado do Rio Grande do Sul sobre a aposentadoria (reforma) do policial militar Endrigo Osmar Petter, 35 anos, que <a href=\"http:\/\/www2.comunitaria.com.br\/en\/pm-que-teria-atropelado-menino-em-palmeira-das-missoes-e-denunciado-por-homicidio-qualificado\/\" target=\"_blank\">atropelou em 2014 um menino de 7 anos<\/a> em Palmeira das Miss\u00f5es.<\/p>\n<p style=\"text-align: justify;\">A aposentadoria \u00e9 compuls\u00f3ria, ou seja, uma imposi\u00e7\u00e3o legal que obriga o trabalhador a afastar-se do posto de trabalho que at\u00e9 ent\u00e3o ocupava. O texto cita que a reforma acontece conforme legisla\u00e7\u00e3o \u201cpor ter sido julgado incapaz definitivamente, com direito a perceber na inatividade\u201d.<\/p>\n<p style=\"text-align: justify;\">De acordo com a capit\u00e3 da Brigada Militar de Palmeira das Miss\u00f5es, Paula Rabenchlag Zill, o PM n\u00e3o mantinha mais v\u00ednculo com as escalas da corpora\u00e7\u00e3o, sendo que agora ele passa a compor a reserva. \u201cO policial estava afastado desde a \u00e9poca do atropelamento. Receber\u00e1, como aposentadoria, um valor proporcional pelo tempo de servi\u00e7o\u201d explicou Paula.<\/p>\n<p style=\"text-align: justify;\"><strong>Relembre o caso<\/strong><\/p>\n<p style=\"text-align: justify;\">A crian\u00e7a brincava na cal\u00e7ada em frente a uma casa de festas onde havia ocorrido um anivers\u00e1rio. Era noite de domingo, 27 de outubro de 2014. Ao ser atropelado, o garoto perdeu parte de uma perna, quebrou o bra\u00e7o e teve ferimentos no abdome. A Pol\u00edcia Civil confirmou na \u00e9poca que o policial portava latas de cerveja dentro do ve\u00edculo. O PM estava afastado das fun\u00e7\u00f5es por indisciplina havia seis meses. Testemunhas contaram que ele tentou fugir do local depois do atropelamento.<\/p>\n<p style=\"text-align: justify;\"><strong>Eder Calegari\/Folha do Noroeste<\/strong><\/p>","protected":false},"excerpt":{"rendered":"<p>Foi publicado nesta ter\u00e7a-feira, 10, no Di\u00e1rio Oficial do Estado do Rio Grande do Sul sobre a aposentadoria (reforma) do policial militar Endrigo Osmar Petter, 35 anos, que atropelou em 2014 um menino de 7 anos em Palmeira das Miss\u00f5es. A aposentadoria \u00e9 compuls\u00f3ria, ou seja, uma imposi\u00e7\u00e3o legal que obriga o trabalhador a afastar-se<\/p>\n<div class=\"read-more-wrapper\"><a class=\"read-more\" href=\"https:\/\/www2.comunitaria.com.br\/en\/pm-que-atropelou-crianca-em-palmeira-das-missoes-vai-para-reserva\/\" title=\"Read More\"> <span class=\"button\">Read More<\/span><\/a><\/div>","protected":false},"author":2,"featured_media":18362,"comment_status":"open","ping_status":"closed","sticky":false,"template":"","format":"standard","meta":{"ngg_post_thumbnail":0,"footnotes":""},"categories":[33,36,43],"tags":[2901,807,202],"class_list":["post-18361","post","type-post","status-publish","format-standard","has-post-thumbnail","hentry","category-noticias","category-policia","category-regiao","tag-aposentadoria-compulsoria","tag-atropelamento","tag-palmeira-das-missoes"],"amp_enabled":true,"_links":{"self":[{"href":"https:\/\/www2.comunitaria.com.br\/en\/wp-json\/wp\/v2\/posts\/18361","targetHints":{"allow":["GET"]}}],"collection":[{"href":"https:\/\/www2.comunitaria.com.br\/en\/wp-json\/wp\/v2\/posts"}],"about":[{"href":"https:\/\/www2.comunitaria.com.br\/en\/wp-json\/wp\/v2\/types\/post"}],"author":[{"embeddable":true,"href":"https:\/\/www2.comunitaria.com.br\/en\/wp-json\/wp\/v2\/users\/2"}],"replies":[{"embeddable":true,"href":"https:\/\/www2.comunitaria.com.br\/en\/wp-json\/wp\/v2\/comments?post=18361"}],"version-history":[{"count":0,"href":"https:\/\/www2.comunitaria.com.br\/en\/wp-json\/wp\/v2\/posts\/18361\/revisions"}],"wp:featuredmedia":[{"embeddable":true,"href":"https:\/\/www2.comunitaria.com.br\/en\/wp-json\/wp\/v2\/media\/18362"}],"wp:attachment":[{"href":"https:\/\/www2.comunitaria.com.br\/en\/wp-json\/wp\/v2\/media?parent=18361"}],"wp:term":[{"taxonomy":"category","embeddable":true,"href":"https:\/\/www2.comunitaria.com.br\/en\/wp-json\/wp\/v2\/categories?post=18361"},{"taxonomy":"post_tag","embeddable":true,"href":"https:\/\/www2.comunitaria.com.br\/en\/wp-json\/wp\/v2\/tags?post=18361"}],"curies":[{"name":"wp","href":"https:\/\/api.w.org\/{rel}","templated":true}]}}