{"id":18305,"date":"2016-05-09T18:28:50","date_gmt":"2016-05-09T20:28:50","guid":{"rendered":"http:\/\/www2.comunitaria.com.br\/?p=18305"},"modified":"2016-05-09T18:29:07","modified_gmt":"2016-05-09T20:29:07","slug":"brigada-militar-recupera-veiculos-furtados-em-fw-e-seberi","status":"publish","type":"post","link":"https:\/\/www2.comunitaria.com.br\/en\/brigada-militar-recupera-veiculos-furtados-em-fw-e-seberi\/","title":{"rendered":"Brigada Militar recupera ve\u00edculos furtados em FW e Seberi"},"content":{"rendered":"<p style=\"text-align: justify;\">No \u00faltimo s\u00e1bado, 7, a Brigada Militar de Frederico Westphalen recuperou uma Honda\/CG 125 Titan, com placas de FW que foi furtada e estava em posse de um indiv\u00edduo de 22 anos e um menor de idade. Os dois foram encaminhados \u00e0 Delegacia de Pol\u00edcia, para efetuar registro.<\/p>\n<p style=\"text-align: justify;\">No domingo, 8, a BM recuperou um GM\/Vectra da cor Azul com placas de Novo Tiradentes\/RS em meio a uma lavoura no interior de Seberi. O ve\u00edculo havia sido furtado na noite anterior em Boa Vista das Miss\u00f5es. O carro foi recolhido ao p\u00e1tio do Detran para posteriormente ser devolvido ao propriet\u00e1rio.<\/p>\n<p style=\"text-align: justify;\"><strong>37\u00b0 BPM<\/strong><\/p>","protected":false},"excerpt":{"rendered":"<p>No \u00faltimo s\u00e1bado, 7, a Brigada Militar de Frederico Westphalen recuperou uma Honda\/CG 125 Titan, com placas de FW que foi furtada e estava em posse de um indiv\u00edduo de 22 anos e um menor de idade. Os dois foram encaminhados \u00e0 Delegacia de Pol\u00edcia, para efetuar registro. No domingo, 8, a BM recuperou um<\/p>\n<div class=\"read-more-wrapper\"><a class=\"read-more\" href=\"https:\/\/www2.comunitaria.com.br\/en\/brigada-militar-recupera-veiculos-furtados-em-fw-e-seberi\/\" title=\"Read More\"> <span class=\"button\">Read More<\/span><\/a><\/div>","protected":false},"author":2,"featured_media":18306,"comment_status":"open","ping_status":"closed","sticky":false,"template":"","format":"standard","meta":{"ngg_post_thumbnail":0,"footnotes":""},"categories":[42,33,36,43],"tags":[82,937,177,86,263,363],"class_list":["post-18305","post","type-post","status-publish","format-standard","has-post-thumbnail","hentry","category-fred-west","category-noticias","category-policia","category-regiao","tag-frederico-westphalen","tag-furto","tag-policia-2","tag-regiao-2","tag-seberi","tag-veiculos"],"amp_enabled":true,"_links":{"self":[{"href":"https:\/\/www2.comunitaria.com.br\/en\/wp-json\/wp\/v2\/posts\/18305","targetHints":{"allow":["GET"]}}],"collection":[{"href":"https:\/\/www2.comunitaria.com.br\/en\/wp-json\/wp\/v2\/posts"}],"about":[{"href":"https:\/\/www2.comunitaria.com.br\/en\/wp-json\/wp\/v2\/types\/post"}],"author":[{"embeddable":true,"href":"https:\/\/www2.comunitaria.com.br\/en\/wp-json\/wp\/v2\/users\/2"}],"replies":[{"embeddable":true,"href":"https:\/\/www2.comunitaria.com.br\/en\/wp-json\/wp\/v2\/comments?post=18305"}],"version-history":[{"count":0,"href":"https:\/\/www2.comunitaria.com.br\/en\/wp-json\/wp\/v2\/posts\/18305\/revisions"}],"wp:featuredmedia":[{"embeddable":true,"href":"https:\/\/www2.comunitaria.com.br\/en\/wp-json\/wp\/v2\/media\/18306"}],"wp:attachment":[{"href":"https:\/\/www2.comunitaria.com.br\/en\/wp-json\/wp\/v2\/media?parent=18305"}],"wp:term":[{"taxonomy":"category","embeddable":true,"href":"https:\/\/www2.comunitaria.com.br\/en\/wp-json\/wp\/v2\/categories?post=18305"},{"taxonomy":"post_tag","embeddable":true,"href":"https:\/\/www2.comunitaria.com.br\/en\/wp-json\/wp\/v2\/tags?post=18305"}],"curies":[{"name":"wp","href":"https:\/\/api.w.org\/{rel}","templated":true}]}}