{"id":18302,"date":"2016-05-09T17:55:08","date_gmt":"2016-05-09T19:55:08","guid":{"rendered":"http:\/\/www2.comunitaria.com.br\/?p=18302"},"modified":"2016-05-09T17:55:08","modified_gmt":"2016-05-09T19:55:08","slug":"fw-inicia-distribuicao-de-roupas-arrecadadas-na-campanha-do-agasalho-2","status":"publish","type":"post","link":"https:\/\/www2.comunitaria.com.br\/en\/fw-inicia-distribuicao-de-roupas-arrecadadas-na-campanha-do-agasalho-2\/","title":{"rendered":"FW inicia distribui\u00e7\u00e3o de roupas arrecadadas na Campanha do Agasalho"},"content":{"rendered":"<p style=\"text-align: justify;\">As contribui\u00e7\u00f5es dos frederiquenses para a <a href=\"http:\/\/www2.comunitaria.com.br\/en\/doacoes-da-campanha-do-agasalho-estao-sendo-recolhidas-em-fw\/\" target=\"_blank\">Campanha do Agasalho 2016, que ocorreu no s\u00e1bado, 30<\/a>, est\u00e3o ajudando centenas de pessoas. Ao todo foram arrecadadas em torno de 15 mil pe\u00e7as, entre roupas, cal\u00e7ados, cobertores, bolsas e afins. \u00a0 Conforme Lara Teixeira da Rosa, Assistente Social da Secretaria Municipal de Assist\u00eancia Social e Habita\u00e7\u00e3o, o \u201cdiferencial desse ano \u00e9 que foram arrecadadas muitas roupas masculinas, o que n\u00e3o aconteceu nas campanhas anteriores\u201d.<\/p>\n<p style=\"text-align: justify;\">O primeiro dia de distribui\u00e7\u00e3o das doa\u00e7\u00f5es foi movimentado, segundo Lara, foram cerca de 400 pessoas que entraram na fila logo cedo para escolher as suas pe\u00e7as. Quem\u00a0necessita de vestimenta, cal\u00e7ados, cobertores, pode se dirigir ao Promenor de Frederico Westphalen, onde as pe\u00e7as est\u00e3o sendo distribu\u00eddas, entre as 8h e \u00e0s 17h, sem fechar ao meio-dia, nos dia 9, 10 e 11 de maio. \u00c9 importante que cada um leve as suas sacolas. Josiane Bernardi est\u00e1 desempregada atualmente, e diz que a Campanha do Agasalho \u00e9 um grande aux\u00edlio. \u201cNossa, isso \u00e9 muito importante pra quem n\u00e3o tem dinheiro pra comprar uma blusa quente, um cobertor, faz toda a diferen\u00e7a.\u201d, afirma Josiane.<\/p>\n<p style=\"text-align: justify;\"><strong>ASCOM &#8211; Prefeitura Frederico Westphalen<\/strong><\/p>","protected":false},"excerpt":{"rendered":"<p>As contribui\u00e7\u00f5es dos frederiquenses para a Campanha do Agasalho 2016, que ocorreu no s\u00e1bado, 30, est\u00e3o ajudando centenas de pessoas. Ao todo foram arrecadadas em torno de 15 mil pe\u00e7as,&#8230;<\/p>","protected":false},"author":2,"featured_media":18301,"comment_status":"open","ping_status":"closed","sticky":false,"template":"","format":"standard","meta":{"ngg_post_thumbnail":0,"footnotes":""},"categories":[42,33,35],"tags":[60,1010,82,1074],"class_list":["post-18302","post","type-post","status-publish","format-standard","has-post-thumbnail","hentry","category-fred-west","category-noticias","category-variedades","tag-campanha","tag-campanha-do-agasalho","tag-frederico-westphalen","tag-roupas"],"amp_enabled":true,"_links":{"self":[{"href":"https:\/\/www2.comunitaria.com.br\/en\/wp-json\/wp\/v2\/posts\/18302","targetHints":{"allow":["GET"]}}],"collection":[{"href":"https:\/\/www2.comunitaria.com.br\/en\/wp-json\/wp\/v2\/posts"}],"about":[{"href":"https:\/\/www2.comunitaria.com.br\/en\/wp-json\/wp\/v2\/types\/post"}],"author":[{"embeddable":true,"href":"https:\/\/www2.comunitaria.com.br\/en\/wp-json\/wp\/v2\/users\/2"}],"replies":[{"embeddable":true,"href":"https:\/\/www2.comunitaria.com.br\/en\/wp-json\/wp\/v2\/comments?post=18302"}],"version-history":[{"count":0,"href":"https:\/\/www2.comunitaria.com.br\/en\/wp-json\/wp\/v2\/posts\/18302\/revisions"}],"wp:featuredmedia":[{"embeddable":true,"href":"https:\/\/www2.comunitaria.com.br\/en\/wp-json\/wp\/v2\/media\/18301"}],"wp:attachment":[{"href":"https:\/\/www2.comunitaria.com.br\/en\/wp-json\/wp\/v2\/media?parent=18302"}],"wp:term":[{"taxonomy":"category","embeddable":true,"href":"https:\/\/www2.comunitaria.com.br\/en\/wp-json\/wp\/v2\/categories?post=18302"},{"taxonomy":"post_tag","embeddable":true,"href":"https:\/\/www2.comunitaria.com.br\/en\/wp-json\/wp\/v2\/tags?post=18302"}],"curies":[{"name":"wp","href":"https:\/\/api.w.org\/{rel}","templated":true}]}}