{"id":1820,"date":"2015-01-06T09:50:14","date_gmt":"2015-01-06T11:50:14","guid":{"rendered":"http:\/\/www2.comunitaria.com.br\/?p=1820"},"modified":"2015-01-06T09:50:14","modified_gmt":"2015-01-06T11:50:14","slug":"cuias-menores-para-diminuir-preco-amargo-da-erva-mate","status":"publish","type":"post","link":"https:\/\/www2.comunitaria.com.br\/en\/cuias-menores-para-diminuir-preco-amargo-da-erva-mate\/","title":{"rendered":"Cuias menores para diminuir pre\u00e7o amargo da erva-mate"},"content":{"rendered":"<p>O pre\u00e7o mais amargo do\u00a0<strong>chimarr\u00e3o<\/strong>\u00a0h\u00e1 pouco mais de um ano fez os ga\u00fachos mudarem seus h\u00e1bitos na hora de apreciar a bebida-s\u00edmbolo do Rio Grande do Sul. O tradicional topete de erva-mate praticamente desapareceu das cuias, que tamb\u00e9m diminu\u00edram de tamanho.<\/p>\n<p>A altera\u00e7\u00e3o no comportamento reduziu em 20% o consumo no Estado em 2014, segundo o\u00a0<strong>Sindicato das Ind\u00fastrias de Erva-Mate do Estado (Sindimate)<\/strong>,.Justamente quando os produtores dobraram o rendimento por hectare ao investir em aduba\u00e7\u00e3o e manejo de ervais praticamente abandonados.<\/p>\n<p>\u2013\u00a0O ga\u00facho n\u00e3o deixou de tomar chimarr\u00e3o, s\u00f3 reduziu a quantidade de erva na cuia\u00a0\u2013 diz o presidente da Associa\u00e7\u00e3o Ga\u00facha dos Supermercados (Agas), Antonio Longo, confirmando a redu\u00e7\u00e3o no uso do produto no \u00faltimo ano.<\/p>\n<p>Cuias menores e erva na altura da borda fizeram cair em mais de 1,5 milh\u00e3o de quilos o consumo mensal no Estado\u00a0\u2013 estimado em 8 milh\u00f5es de quilos pelo Sindimate. No Brasil, o consumo mensal \u00e9 de cerca de\u00a0 15 milh\u00f5es\u00a0 de quilos de erva-mate.<\/p>\n<p>O quilo da erva varia hoje entre R$ 7 e R$ 15, conforme o Instituto Brasileiro da Erva-Mate (Ibramate).<\/p>\n<p>&nbsp;<\/p>","protected":false},"excerpt":{"rendered":"<p>O pre\u00e7o mais amargo do\u00a0chimarr\u00e3o\u00a0h\u00e1 pouco mais de um ano fez os ga\u00fachos mudarem seus h\u00e1bitos na hora de apreciar a bebida-s\u00edmbolo do Rio Grande do Sul. O tradicional topete de erva-mate praticamente desapareceu das cuias, que tamb\u00e9m diminu\u00edram de tamanho. A altera\u00e7\u00e3o no comportamento reduziu em 20% o consumo no Estado em 2014, segundo<\/p>\n<div class=\"read-more-wrapper\"><a class=\"read-more\" href=\"https:\/\/www2.comunitaria.com.br\/en\/cuias-menores-para-diminuir-preco-amargo-da-erva-mate\/\" title=\"Read More\"> <span class=\"button\">Read More<\/span><\/a><\/div>","protected":false},"author":2,"featured_media":1821,"comment_status":"open","ping_status":"closed","sticky":false,"template":"","format":"standard","meta":{"ngg_post_thumbnail":0,"footnotes":""},"categories":[39,46,33],"tags":[545,543,544],"class_list":["post-1820","post","type-post","status-publish","format-standard","has-post-thumbnail","hentry","category-economia","category-estado","category-noticias","tag-chimarrao","tag-cuia","tag-erva-mate"],"amp_enabled":true,"_links":{"self":[{"href":"https:\/\/www2.comunitaria.com.br\/en\/wp-json\/wp\/v2\/posts\/1820","targetHints":{"allow":["GET"]}}],"collection":[{"href":"https:\/\/www2.comunitaria.com.br\/en\/wp-json\/wp\/v2\/posts"}],"about":[{"href":"https:\/\/www2.comunitaria.com.br\/en\/wp-json\/wp\/v2\/types\/post"}],"author":[{"embeddable":true,"href":"https:\/\/www2.comunitaria.com.br\/en\/wp-json\/wp\/v2\/users\/2"}],"replies":[{"embeddable":true,"href":"https:\/\/www2.comunitaria.com.br\/en\/wp-json\/wp\/v2\/comments?post=1820"}],"version-history":[{"count":0,"href":"https:\/\/www2.comunitaria.com.br\/en\/wp-json\/wp\/v2\/posts\/1820\/revisions"}],"wp:featuredmedia":[{"embeddable":true,"href":"https:\/\/www2.comunitaria.com.br\/en\/wp-json\/wp\/v2\/media\/1821"}],"wp:attachment":[{"href":"https:\/\/www2.comunitaria.com.br\/en\/wp-json\/wp\/v2\/media?parent=1820"}],"wp:term":[{"taxonomy":"category","embeddable":true,"href":"https:\/\/www2.comunitaria.com.br\/en\/wp-json\/wp\/v2\/categories?post=1820"},{"taxonomy":"post_tag","embeddable":true,"href":"https:\/\/www2.comunitaria.com.br\/en\/wp-json\/wp\/v2\/tags?post=1820"}],"curies":[{"name":"wp","href":"https:\/\/api.w.org\/{rel}","templated":true}]}}